{"id":21060,"date":"2018-03-14T18:18:28","date_gmt":"2018-03-14T17:18:28","guid":{"rendered":"http:\/\/www.conselharan.org\/?p=21060"},"modified":"2018-03-14T18:18:28","modified_gmt":"2018-03-14T17:18:28","slug":"8a-edicio-del-festival-pyrenades-del-24-al-31-de-marc-a-salardu","status":"publish","type":"post","link":"https:\/\/www.conselharan.org\/ca\/8a-edicio-del-festival-pyrenades-del-24-al-31-de-marc-a-salardu\/","title":{"rendered":"8\u00aa edici\u00f3 del festival Pyrenades del 24 al 31 de mar\u00e7 a Salard\u00fa"},"content":{"rendered":"<p>Vielha, 14 de mar\u00e7 de 2018.- Del 24 al 31 de mar\u00e7 de 2018 arriba una nova edici\u00f3 del <strong>festival Pyrenades<\/strong> que enguany celebra la 8\u00aa edici\u00f3. El festival\u00a0 proposa un inici de setmana santa al m\u00e9s pur estil pirineista a partir d&#8217;una programaci\u00f3 variada d&#8217;activitats per a petits i grans, on no hi falta la natura, el coneixement, el cinema de muntanya, la m\u00fasica, la descoberta, la reflexi\u00f3, el patrimoni i les activitats a l\u2019aire lliure. Ja fa vuit anys que el PyrenMuseu del Refugi Rosta de Salard\u00fa organitza aquest festival que apropa el pirineisme a tots els p\u00fablics.<\/p>\n<p><a href=\"http:\/\/www.conselharan.org\/wp-content\/uploads\/2018\/03\/logo-Pyrenades_2018_NET.jpg\"><img loading=\"lazy\" decoding=\"async\" class=\"aligncenter size-large wp-image-21057\" src=\"http:\/\/www.conselharan.org\/wp-content\/uploads\/2018\/03\/logo-Pyrenades_2018_NET-1024x677.jpg\" alt=\"\" width=\"1024\" height=\"677\" srcset=\"https:\/\/www.conselharan.org\/wp-content\/uploads\/2018\/03\/logo-Pyrenades_2018_NET-1024x677.jpg 1024w, https:\/\/www.conselharan.org\/wp-content\/uploads\/2018\/03\/logo-Pyrenades_2018_NET-300x198.jpg 300w, https:\/\/www.conselharan.org\/wp-content\/uploads\/2018\/03\/logo-Pyrenades_2018_NET-768x508.jpg 768w, https:\/\/www.conselharan.org\/wp-content\/uploads\/2018\/03\/logo-Pyrenades_2018_NET.jpg 1400w\" sizes=\"(max-width: 1024px) 100vw, 1024px\" \/><\/a><\/p>\n<p>El pirineisme, \u00e9s el moviment de persones que al segle XIX es van endinsar als Pirineus motivades per la pr\u00e0ctica esportiva i l&#8217;exploraci\u00f3 cient\u00edfica i humanista de la zona. Amb un programa que combina tots aquests elements, Pyrenades reinterpreta el seu llegat i el fa viu avui en dia.<\/p>\n<p>Confer\u00e8ncies, excursions, tallers infantils, cinema i m\u00fasica de muntanya son les diferents activitats proposades pel festival Pyrenades.<\/p>\n<p>Enguany, la sessi\u00f3 inaugural del 24 de mar\u00e7 anir\u00e0 a c\u00e0rrec de l&#8217;escriptor <strong>Eduardo Mart\u00ednez de Pis\u00f3n<\/strong>, Premi Nacional de Medi Ambient, amb la pon\u00e8ncia <strong>\u201cAlabanza de<\/strong> <strong>los Pirineos\u201d<\/strong>, un recorregut per la literatura i pintura pirineista. Diumenge 25 ser\u00e0 el torn d&#8217;<strong>\u00d2scar Cadiach<\/strong>, pirineista, alpinista i himalaista, que presentar\u00e0 el seu llibre <strong>\u201cEls<\/strong> <strong>14 vuit-mils\u201d<\/strong> i narrar\u00e0 les seves experi\u00e8ncies, la \u00faltima amb el patrocini de <strong>Torisme Val<\/strong> <strong>d\u2019Aran<\/strong>, l\u2019ascensi\u00f3 al cim del Broad Peak de 8.047 metres, que el \u00a0va convertir el passat 27 de juliol de 2017, en el primer catal\u00e0 que corona els catorze vuit mils sense oxigen, entrant, als seus 64 anys, a la selecta llista de 20 alpinistes que han completat els 14\u00d78.000 sense oxigen.<\/p>\n<p>Tot seguit, durant la 8\u00aa Mostra de Cinema de Muntanya de Pyrenades, es podr\u00e0 gaudir de la pel\u00b7l\u00edcula dirigida pel propi Cadiach <strong>\u201cM\u00e9s enll\u00e0 del Kumbhakarma\u201d<\/strong>, que relata la hist\u00f2ria del primer Sherpa que va aconseguir els 14 cims de 8.000 metres. Com \u00e9s habitual, cada vespre s&#8217;oferir\u00e0 una selecci\u00f3 dels millors films exhibits al Festival Internacional de Cinema de Muntanya de Torell\u00f3. A m\u00e9s, cada nit abans del cinema es podr\u00e0 descobrir l&#8217;experi\u00e8ncia 360\u00ba de la realitat virtual amb la Real 3D \u00b7 VR Experience, emocions que no deixaran al p\u00fablic indiferent.<\/p>\n<p>Els parcs nacionals del territori es posaran en valor amb la xerrada que tindr\u00e0 lloc el dilluns 26 amb el t\u00edtol <strong>\u201cParc Nacional d&#8217;Aig\u00fcestortes i Estany de Sant Maurici. La conservaci\u00f3 de la natura i la dinamitzaci\u00f3 del territori\u201d, a c\u00e0rrec de Merc\u00e8 An\u00edz<\/strong>, directora i conservadora del Parc Nacional. Relacionat amb aquest tema, el dissabte 24 es projectar\u00e0 el documental <strong>\u201cOrdesa y Monte Perdido: un siglo como Parque Nacional\u201d. <\/strong><\/p>\n<p>El dimarts 27, la <strong>Marta Bret\u00f3<\/strong>, fot\u00f2grafa professional, donar\u00e0 pistes de com buscar la llum en la foscor, tot desvetllant els secrets de la fotografia nocturna i oferint un taller per posar-los en pr\u00e0ctica. La medicina de muntanya tamb\u00e9 tindr\u00e0 el seu espai de la m\u00e0 del doctor <strong>Miquel Rodr\u00edguez<\/strong>, un especialista en la mat\u00e8ria que el dijous 29 explicar\u00e0, entre d&#8217;altres q\u00fcestions, com una actuaci\u00f3 efica\u00e7 d&#8217;urg\u00e8ncia pot ser determinant en molts casos.<\/p>\n<p>Cap a finals d&#8217;una setmana on els tallers infantils i les caminades i excursions tamb\u00e9 en seran protagonistes, la cultura aranesa es posar\u00e0 de relleu amb el debat <strong>\u201cEr aran\u00e8s, qui ten era lengua ten era sua identitat\u201d<\/strong> (L&#8217;aran\u00e9s, qui t\u00e9 la llengua t\u00e9 la seva identitat) del divendres 30 i el concert de clausura del festival del dissabte 31, on els artistes aranesos <strong>Alid\u00e9 Sans<\/strong> i <strong>Paul Courtinal<\/strong> presentaran el seu nou disc<strong> \u201cHener\u00e8cla\u201d<\/strong>.<\/p>\n<p>La voluntat de Pyrenades \u00e9s dinamitzar Salard\u00fa i el municipi del Naut Aran amb una proposta de qualitat que compta amb el patrocini de l&#8217;<strong>Ajuntament del Naut Aran<\/strong>, el suport del <strong>Conselh Generau d&#8217;Aran<\/strong> i la col\u00b7laboraci\u00f3 de nombroses entitats.<\/p>\n<p><a href=\"http:\/\/www.conselharan.org\/wp-content\/uploads\/2018\/03\/Pyrenades_2018_NET.jpg\"><img loading=\"lazy\" decoding=\"async\" class=\"aligncenter size-large wp-image-21058\" src=\"http:\/\/www.conselharan.org\/wp-content\/uploads\/2018\/03\/Pyrenades_2018_NET-427x1024.jpg\" alt=\"\" width=\"427\" height=\"1024\" srcset=\"https:\/\/www.conselharan.org\/wp-content\/uploads\/2018\/03\/Pyrenades_2018_NET-427x1024.jpg 427w, https:\/\/www.conselharan.org\/wp-content\/uploads\/2018\/03\/Pyrenades_2018_NET-125x300.jpg 125w, https:\/\/www.conselharan.org\/wp-content\/uploads\/2018\/03\/Pyrenades_2018_NET-768x1843.jpg 768w, https:\/\/www.conselharan.org\/wp-content\/uploads\/2018\/03\/Pyrenades_2018_NET.jpg 1772w\" sizes=\"(max-width: 427px) 100vw, 427px\" \/><\/a><\/p>\n ","protected":false},"excerpt":{"rendered":"<p>Vielha, 14 de mar\u00e7 de 2018.- Del 24 al 31 de mar\u00e7 de 2018 arriba una nova edici\u00f3 del festival Pyrenades que enguany celebra la 8\u00aa edici\u00f3. El festival\u00a0 proposa un inici de setmana santa al m\u00e9s pur estil pirineista a partir d&#8217;una programaci\u00f3 variada d&#8217;activitats per a petits i grans, on no hi falta&#8230;<\/p>\n","protected":false},"author":2,"featured_media":21057,"comment_status":"closed","ping_status":"closed","sticky":false,"template":"","format":"standard","meta":{"footnotes":""},"categories":[33],"tags":[],"_links":{"self":[{"href":"https:\/\/www.conselharan.org\/ca\/wp-json\/wp\/v2\/posts\/21060"}],"collection":[{"href":"https:\/\/www.conselharan.org\/ca\/wp-json\/wp\/v2\/posts"}],"about":[{"href":"https:\/\/www.conselharan.org\/ca\/wp-json\/wp\/v2\/types\/post"}],"author":[{"embeddable":true,"href":"https:\/\/www.conselharan.org\/ca\/wp-json\/wp\/v2\/users\/2"}],"replies":[{"embeddable":true,"href":"https:\/\/www.conselharan.org\/ca\/wp-json\/wp\/v2\/comments?post=21060"}],"version-history":[{"count":1,"href":"https:\/\/www.conselharan.org\/ca\/wp-json\/wp\/v2\/posts\/21060\/revisions"}],"predecessor-version":[{"id":21061,"href":"https:\/\/www.conselharan.org\/ca\/wp-json\/wp\/v2\/posts\/21060\/revisions\/21061"}],"wp:featuredmedia":[{"embeddable":true,"href":"https:\/\/www.conselharan.org\/ca\/wp-json\/wp\/v2\/media\/21057"}],"wp:attachment":[{"href":"https:\/\/www.conselharan.org\/ca\/wp-json\/wp\/v2\/media?parent=21060"}],"wp:term":[{"taxonomy":"category","embeddable":true,"href":"https:\/\/www.conselharan.org\/ca\/wp-json\/wp\/v2\/categories?post=21060"},{"taxonomy":"post_tag","embeddable":true,"href":"https:\/\/www.conselharan.org\/ca\/wp-json\/wp\/v2\/tags?post=21060"}],"curies":[{"name":"wp","href":"https:\/\/api.w.org\/{rel}","templated":true}]}}