{"id":21100,"date":"2018-03-15T16:05:19","date_gmt":"2018-03-15T15:05:19","guid":{"rendered":"http:\/\/www.conselharan.org\/?p=21100"},"modified":"2018-03-15T16:05:19","modified_gmt":"2018-03-15T15:05:19","slug":"taller-sobre-drogues-i-festa-prevencio-del-consum-de-drogues-a-lins-daran","status":"publish","type":"post","link":"https:\/\/www.conselharan.org\/ca\/taller-sobre-drogues-i-festa-prevencio-del-consum-de-drogues-a-lins-daran\/","title":{"rendered":"Taller sobre \u201cDrogues i festa, prevenci\u00f3 del consum de drogues\u201d a l\u2019INS d\u2019Aran"},"content":{"rendered":"<p>Vielha, 14 de mar\u00e7 de 2018.- El passat dilluns dia 12 de mar\u00e7 proposat per l\u2019Oficina de Joenessa del Conselh Generau d\u2019Aran en col\u00b7laboraci\u00f3 amb la Coordinaci\u00f3 Territorial de Joventut de Lleida, i dins del conveni de col\u00b7laboraci\u00f3 amb la Diputaci\u00f3 de Lleida, va tenir lloc, a trav\u00e9s de l\u2019Associaci\u00f3 Antisida de Lleida, un taller sobre la prevenci\u00f3 en el consum de drogues, adre\u00e7at als alumnes de l\u2019INS d\u2019Aran, amb el t\u00edtol \u201cDrogues i festa, prevenci\u00f3 del consum de drogues\u201d.<\/p>\n<p><a href=\"http:\/\/www.conselharan.org\/wp-content\/uploads\/2018\/03\/IMG_1958.jpg\"><img loading=\"lazy\" decoding=\"async\" class=\"aligncenter size-large wp-image-21096\" src=\"http:\/\/www.conselharan.org\/wp-content\/uploads\/2018\/03\/IMG_1958-1024x768.jpg\" alt=\"\" width=\"1024\" height=\"768\" srcset=\"https:\/\/www.conselharan.org\/wp-content\/uploads\/2018\/03\/IMG_1958-1024x768.jpg 1024w, https:\/\/www.conselharan.org\/wp-content\/uploads\/2018\/03\/IMG_1958-300x225.jpg 300w, https:\/\/www.conselharan.org\/wp-content\/uploads\/2018\/03\/IMG_1958-768x576.jpg 768w\" sizes=\"(max-width: 1024px) 100vw, 1024px\" \/><\/a><\/p>\n<p>Tant la coordinadora pedag\u00f2gica de l\u2019Institut d\u2019Aran, <strong>Esther Gatnau<\/strong>, com <strong>Vanessa Cuni<\/strong>, t\u00e8cnica de l\u2019Oficina de Joenessa, van explicar que enguany van creure convenient, segons les necessitats dels joves, poder realitzar dins els cicles formatius de l\u2019INS d\u2019Aran, aquest taller informatiu i de prevenci\u00f3 sobre el consum de subst\u00e0ncies.<\/p>\n<p>L\u2019objectiu del taller es incidir en les situacions relacionades amb la festa i els joves, i incidir especialment en les drogues recreatives i les conductes associades al seu \u00fas, fomentant en els alumnes una actitud cr\u00edtica davant la festa insana i consumista, donant estrat\u00e8gies i recursos personals per enfrontar-se a entorns d&#8217;oferta i potenciar d\u2019aquesta manera un oci saludable i solidari.<\/p>\n ","protected":false},"excerpt":{"rendered":"<p>Vielha, 14 de mar\u00e7 de 2018.- El passat dilluns dia 12 de mar\u00e7 proposat per l\u2019Oficina de Joenessa del Conselh Generau d\u2019Aran en col\u00b7laboraci\u00f3 amb la Coordinaci\u00f3 Territorial de Joventut de Lleida, i dins del conveni de col\u00b7laboraci\u00f3 amb la Diputaci\u00f3 de Lleida, va tenir lloc, a trav\u00e9s de l\u2019Associaci\u00f3 Antisida de Lleida, un taller&#8230;<\/p>\n","protected":false},"author":2,"featured_media":21096,"comment_status":"closed","ping_status":"closed","sticky":false,"template":"","format":"standard","meta":{"footnotes":""},"categories":[33],"tags":[],"_links":{"self":[{"href":"https:\/\/www.conselharan.org\/ca\/wp-json\/wp\/v2\/posts\/21100"}],"collection":[{"href":"https:\/\/www.conselharan.org\/ca\/wp-json\/wp\/v2\/posts"}],"about":[{"href":"https:\/\/www.conselharan.org\/ca\/wp-json\/wp\/v2\/types\/post"}],"author":[{"embeddable":true,"href":"https:\/\/www.conselharan.org\/ca\/wp-json\/wp\/v2\/users\/2"}],"replies":[{"embeddable":true,"href":"https:\/\/www.conselharan.org\/ca\/wp-json\/wp\/v2\/comments?post=21100"}],"version-history":[{"count":1,"href":"https:\/\/www.conselharan.org\/ca\/wp-json\/wp\/v2\/posts\/21100\/revisions"}],"predecessor-version":[{"id":21101,"href":"https:\/\/www.conselharan.org\/ca\/wp-json\/wp\/v2\/posts\/21100\/revisions\/21101"}],"wp:featuredmedia":[{"embeddable":true,"href":"https:\/\/www.conselharan.org\/ca\/wp-json\/wp\/v2\/media\/21096"}],"wp:attachment":[{"href":"https:\/\/www.conselharan.org\/ca\/wp-json\/wp\/v2\/media?parent=21100"}],"wp:term":[{"taxonomy":"category","embeddable":true,"href":"https:\/\/www.conselharan.org\/ca\/wp-json\/wp\/v2\/categories?post=21100"},{"taxonomy":"post_tag","embeddable":true,"href":"https:\/\/www.conselharan.org\/ca\/wp-json\/wp\/v2\/tags?post=21100"}],"curies":[{"name":"wp","href":"https:\/\/api.w.org\/{rel}","templated":true}]}}