{"id":21353,"date":"2018-03-27T14:03:17","date_gmt":"2018-03-27T12:03:17","guid":{"rendered":"http:\/\/www.conselharan.org\/?p=21353"},"modified":"2018-03-27T14:03:17","modified_gmt":"2018-03-27T12:03:17","slug":"vestir-la-moda-passarel%c2%b7la-2018","status":"publish","type":"post","link":"https:\/\/www.conselharan.org\/ca\/vestir-la-moda-passarel%c2%b7la-2018\/","title":{"rendered":"&#8220;Vestir la moda&#8221; Passarel\u00b7la 2018"},"content":{"rendered":"<p>Vielha, 27 de mar\u00e7 de 2018.- En el marc de l&#8217;exposici\u00f3 &#8220;Vestir la moda. Modes de vestir a les terres de Lleida i Aran (segles XVIII-XX)\u201d, el proper divendres Sant el Museu de la Val d&#8217;Aran organitza la <strong>&#8220;Passarel\u00b7la 2018&#8221;<\/strong>, una passarel\u00b7la de indument\u00e0ria tradicional aranesa. En col\u00b7laboraci\u00f3 amb diverses colles dan\u00e7aires d&#8217;Aran, el Museu de la Val d&#8217;Aran pret\u00e9n donar a con\u00e8ixer la hist\u00f2ria i usos d&#8217;aquesta indument\u00e0ria d&#8217;una manera l\u00fadica i did\u00e0ctica.<\/p>\n<p>L&#8217;acte ser\u00e0 condu\u00eft per un presentador que ens guiar\u00e0 a trav\u00e9s de la hist\u00f2ria de la moda des de l\u2019\u00e8poca moderna fins al segle XX. <strong>La passarel\u00b7la tindr\u00e0 lloc a l&#8217;esgl\u00e9sia de Sant Joan d&#8217;Arties, el divendres 30 de mar\u00e7 a les 18 h.<\/strong><\/p>\n<p>Us esperem!<\/p>\n<p><a href=\"http:\/\/www.conselharan.org\/wp-content\/uploads\/2018\/03\/cartell-desfilada.jpg\"><img loading=\"lazy\" decoding=\"async\" class=\"aligncenter size-large wp-image-21351\" src=\"http:\/\/www.conselharan.org\/wp-content\/uploads\/2018\/03\/cartell-desfilada-724x1024.jpg\" alt=\"\" width=\"724\" height=\"1024\" srcset=\"https:\/\/www.conselharan.org\/wp-content\/uploads\/2018\/03\/cartell-desfilada-724x1024.jpg 724w, https:\/\/www.conselharan.org\/wp-content\/uploads\/2018\/03\/cartell-desfilada-212x300.jpg 212w, https:\/\/www.conselharan.org\/wp-content\/uploads\/2018\/03\/cartell-desfilada-768x1086.jpg 768w\" sizes=\"(max-width: 724px) 100vw, 724px\" \/><\/a><\/p>\n ","protected":false},"excerpt":{"rendered":"<p>Vielha, 27 de mar\u00e7 de 2018.- En el marc de l&#8217;exposici\u00f3 &#8220;Vestir la moda. Modes de vestir a les terres de Lleida i Aran (segles XVIII-XX)\u201d, el proper divendres Sant el Museu de la Val d&#8217;Aran organitza la &#8220;Passarel\u00b7la 2018&#8221;, una passarel\u00b7la de indument\u00e0ria tradicional aranesa. En col\u00b7laboraci\u00f3 amb diverses colles dan\u00e7aires d&#8217;Aran, el Museu&#8230;<\/p>\n","protected":false},"author":2,"featured_media":21351,"comment_status":"closed","ping_status":"closed","sticky":false,"template":"","format":"standard","meta":{"footnotes":""},"categories":[33],"tags":[],"_links":{"self":[{"href":"https:\/\/www.conselharan.org\/ca\/wp-json\/wp\/v2\/posts\/21353"}],"collection":[{"href":"https:\/\/www.conselharan.org\/ca\/wp-json\/wp\/v2\/posts"}],"about":[{"href":"https:\/\/www.conselharan.org\/ca\/wp-json\/wp\/v2\/types\/post"}],"author":[{"embeddable":true,"href":"https:\/\/www.conselharan.org\/ca\/wp-json\/wp\/v2\/users\/2"}],"replies":[{"embeddable":true,"href":"https:\/\/www.conselharan.org\/ca\/wp-json\/wp\/v2\/comments?post=21353"}],"version-history":[{"count":1,"href":"https:\/\/www.conselharan.org\/ca\/wp-json\/wp\/v2\/posts\/21353\/revisions"}],"predecessor-version":[{"id":21354,"href":"https:\/\/www.conselharan.org\/ca\/wp-json\/wp\/v2\/posts\/21353\/revisions\/21354"}],"wp:featuredmedia":[{"embeddable":true,"href":"https:\/\/www.conselharan.org\/ca\/wp-json\/wp\/v2\/media\/21351"}],"wp:attachment":[{"href":"https:\/\/www.conselharan.org\/ca\/wp-json\/wp\/v2\/media?parent=21353"}],"wp:term":[{"taxonomy":"category","embeddable":true,"href":"https:\/\/www.conselharan.org\/ca\/wp-json\/wp\/v2\/categories?post=21353"},{"taxonomy":"post_tag","embeddable":true,"href":"https:\/\/www.conselharan.org\/ca\/wp-json\/wp\/v2\/tags?post=21353"}],"curies":[{"name":"wp","href":"https:\/\/api.w.org\/{rel}","templated":true}]}}