{"id":21386,"date":"2018-03-28T13:49:30","date_gmt":"2018-03-28T11:49:30","guid":{"rendered":"http:\/\/www.conselharan.org\/?p=21386"},"modified":"2018-03-28T14:07:41","modified_gmt":"2018-03-28T12:07:41","slug":"laranesa-marta-cester-campiona-despanya-desqui-de-fons-individual-i-de-relleus","status":"publish","type":"post","link":"https:\/\/www.conselharan.org\/ca\/laranesa-marta-cester-campiona-despanya-desqui-de-fons-individual-i-de-relleus\/","title":{"rendered":"L\u2019aranesa, Marta C\u00e9ster, campiona d\u2019Espanya d\u2019esqu\u00ed de fons individual i de relleus"},"content":{"rendered":"<p><strong>Era hondista aranesa Marta C\u00e9ster (FCEH) es va imposar en els Campionats d&#8217;Espanya, en la modalitat de skating, en dist\u00e0ncia de 10 km. La tamb\u00e9 aranesa, Lydia Iglesias, va finalitzar segona.<\/strong><\/p>\n<p><strong>Per la seva banda, la jove aranesa Mar\u00eda Iglesias guanyadora en la categoria U18.<\/strong><\/p>\n<p><strong>A m\u00e9s, Marta C\u00e9ster juntament amb Sergi Brau i Jaume Pueyo, campions d&#8217;Espanya de relleus a Candanch\u00fa. El tercer lloc va ser per a l&#8217;equip format per Lydia Iglesias, Cesc Colell i Gral Sell\u00e9s.<\/strong><\/p>\n<p>&nbsp;<\/p>\n<p>&nbsp;<\/p>\n<p><a href=\"http:\/\/www.conselharan.org\/era-aranesa-marta-cester-campiona-despanha-desqui-de-hons-individuau-e-de-releus\/marta-y-lydia\/\" rel=\"attachment wp-att-21379\"><img loading=\"lazy\" decoding=\"async\" class=\"aligncenter size-full wp-image-21379\" src=\"http:\/\/www.conselharan.org\/wp-content\/uploads\/2018\/03\/Marta-y-Lydia.jpg\" alt=\"\" width=\"561\" height=\"850\" srcset=\"https:\/\/www.conselharan.org\/wp-content\/uploads\/2018\/03\/Marta-y-Lydia.jpg 561w, https:\/\/www.conselharan.org\/wp-content\/uploads\/2018\/03\/Marta-y-Lydia-198x300.jpg 198w\" sizes=\"(max-width: 561px) 100vw, 561px\" \/><\/a><\/p>\n<p><em>\u00a0 \u00a0 \u00a0 \u00a0 \u00a0 \u00a0 \u00a0 \u00a0 \u00a0 \u00a0 \u00a0 \u00a0 \u00a0 \u00a0 \u00a0 \u00a0 \u00a0 \u00a0 \u00a0 \u00a0 \u00a0 \u00a0 \u00a0 \u00a0 \u00a0 \u00a0 \u00a0 Les fondistes araneses Marta C\u00e9ster i Lydia Iglesias en lo m\u00e9s alt del podi, 1a i 2a respectivament.<\/em><\/p>\n<p>&nbsp;<\/p>\n<p>El circuit de fons de l&#8217;estaci\u00f3 aragonesa de Candanch\u00fa va albergar dissabte passat, 25 de mar\u00e7, els nacionals valedors tamb\u00e9 per a la Copa d&#8217;Espanya Loteries. En la competici\u00f3 van participar 165 inscrits que van realitzar la prova de skating lliure individual en el dur tra\u00e7at situat sota la majestuosa \u201cZapatilla\u201d que presideix aquest m\u00edtic centre hivernal.<\/p>\n<p>Les dones s\u00e8nior van rec\u00f3rrer una dist\u00e0ncia de 10 km pels quals la representant de la Federaci\u00f3 Catalana (FCEH), l&#8217;aranesa <strong>Marta C\u00e9ster<\/strong>, va invertir 27:31:20 seguida de l&#8217;esportista RFEDI i tamb\u00e9 aranesa i representant de la FCEH <strong>Lydia Iglesias<\/strong> amb 27:52:51 i la tercera s\u00e8nior va ser la basca Maialen L\u00f3pez amb 29:07:27. En U18 la guanyadora va ser l&#8217;aranesa, <strong>Maria Iglesias<\/strong>, tamb\u00e9 de la FCEH, amb 28:25:36.<\/p>\n<p>&nbsp;<\/p>\n<p><a href=\"http:\/\/www.conselharan.org\/era-aranesa-marta-cester-campiona-despanha-desqui-de-hons-individuau-e-de-releus\/imanol\/\" rel=\"attachment wp-att-21381\"><img loading=\"lazy\" decoding=\"async\" class=\"aligncenter size-full wp-image-21381\" src=\"http:\/\/www.conselharan.org\/wp-content\/uploads\/2018\/03\/imanol.jpg\" alt=\"\" width=\"618\" height=\"850\" srcset=\"https:\/\/www.conselharan.org\/wp-content\/uploads\/2018\/03\/imanol.jpg 618w, https:\/\/www.conselharan.org\/wp-content\/uploads\/2018\/03\/imanol-218x300.jpg 218w\" sizes=\"(max-width: 618px) 100vw, 618px\" \/><\/a><\/p>\n<p>&nbsp;<\/p>\n<p>En homes, el millor temps va ser pel tolos\u00e0, <strong>Imanol Rojo<\/strong>, de la RFEDI i la federaci\u00f3 basca (FVDI) que va cobrir els 15 km masculins amb 34:19:44.<\/p>\n<p>El diumenge 25 es va disputar la competici\u00f3 de Relleus. Les categories Master, S\u00e8nior, U20 i U18 homes i dames van competir en absoluts mixts en 3x5km (15km) amb el 1r Home en cl\u00e0ssic, la segona dama en lliure i el 3r home en lliure. En acabar la carrera es va disputar la competici\u00f3 de les categories infantils U16, U14 i U12.<\/p>\n<p>&nbsp;<\/p>\n<p><a href=\"http:\/\/www.conselharan.org\/era-aranesa-marta-cester-campiona-despanha-desqui-de-hons-individuau-e-de-releus\/180325-podio-absoluto-cts-espan%cc%83a-fondo-relevos-candanchu-br\/\" rel=\"attachment wp-att-21382\"><img loading=\"lazy\" decoding=\"async\" class=\"aligncenter size-large wp-image-21382\" src=\"http:\/\/www.conselharan.org\/wp-content\/uploads\/2018\/03\/180325-Podio-Absoluto-Cts-Espan\u0303a-Fondo-Relevos-Candanchu-br-1024x696.jpg\" alt=\"\" width=\"1024\" height=\"696\" srcset=\"https:\/\/www.conselharan.org\/wp-content\/uploads\/2018\/03\/180325-Podio-Absoluto-Cts-Espan\u0303a-Fondo-Relevos-Candanchu-br-1024x696.jpg 1024w, https:\/\/www.conselharan.org\/wp-content\/uploads\/2018\/03\/180325-Podio-Absoluto-Cts-Espan\u0303a-Fondo-Relevos-Candanchu-br-300x204.jpg 300w, https:\/\/www.conselharan.org\/wp-content\/uploads\/2018\/03\/180325-Podio-Absoluto-Cts-Espan\u0303a-Fondo-Relevos-Candanchu-br-768x522.jpg 768w, https:\/\/www.conselharan.org\/wp-content\/uploads\/2018\/03\/180325-Podio-Absoluto-Cts-Espan\u0303a-Fondo-Relevos-Candanchu-br.jpg 1030w\" sizes=\"(max-width: 1024px) 100vw, 1024px\" \/><\/a><\/p>\n<p>&nbsp;<\/p>\n<p>En la categoria absoluta, el millor temps va ser per al primer equip de la Federaci\u00f3 Catalana d\u2019Esports d\u2019Hivern (FCEH), amb l&#8217;aranesa<strong> Marta C\u00e9ster, Sergi Brau i Jaume Pueyo<\/strong>, amb un temps de 37:36.19. El tercer lloc va ser per a l&#8217;equip format per l&#8217;aranesa <strong>Lydia Iglesias, Cesc Colell i Gral Sell\u00e9s<\/strong>, amb un temps de 38:36.14.<\/p>\n<p>&nbsp;<\/p>\n<p>&nbsp;<\/p>\n<p>&nbsp;<\/p>\n<p>&nbsp;<\/p>\n<p>&nbsp;<\/p>\n<p>Vielha, 28 de mar\u00e7 de 2018<\/p>\n<p>&nbsp;<\/p>\n<p><em>Conselh Generau d&#8217;Aran: N\u00faria Sanjuan<\/em><\/p>\n<p><em>Font i fotos: RFEDI<\/em><\/p>\n ","protected":false},"excerpt":{"rendered":"<p>Era hondista aranesa Marta C\u00e9ster (FCEH) es va imposar en els Campionats d&#8217;Espanya, en la modalitat de skating, en dist\u00e0ncia de 10 km. La tamb\u00e9 aranesa, Lydia Iglesias, va finalitzar segona. Per la seva banda, la jove aranesa Mar\u00eda Iglesias guanyadora en la categoria U18. A m\u00e9s, Marta C\u00e9ster juntament amb Sergi Brau i Jaume&#8230;<\/p>\n","protected":false},"author":2,"featured_media":21379,"comment_status":"closed","ping_status":"closed","sticky":false,"template":"","format":"standard","meta":{"footnotes":""},"categories":[136],"tags":[],"_links":{"self":[{"href":"https:\/\/www.conselharan.org\/ca\/wp-json\/wp\/v2\/posts\/21386"}],"collection":[{"href":"https:\/\/www.conselharan.org\/ca\/wp-json\/wp\/v2\/posts"}],"about":[{"href":"https:\/\/www.conselharan.org\/ca\/wp-json\/wp\/v2\/types\/post"}],"author":[{"embeddable":true,"href":"https:\/\/www.conselharan.org\/ca\/wp-json\/wp\/v2\/users\/2"}],"replies":[{"embeddable":true,"href":"https:\/\/www.conselharan.org\/ca\/wp-json\/wp\/v2\/comments?post=21386"}],"version-history":[{"count":3,"href":"https:\/\/www.conselharan.org\/ca\/wp-json\/wp\/v2\/posts\/21386\/revisions"}],"predecessor-version":[{"id":21393,"href":"https:\/\/www.conselharan.org\/ca\/wp-json\/wp\/v2\/posts\/21386\/revisions\/21393"}],"wp:featuredmedia":[{"embeddable":true,"href":"https:\/\/www.conselharan.org\/ca\/wp-json\/wp\/v2\/media\/21379"}],"wp:attachment":[{"href":"https:\/\/www.conselharan.org\/ca\/wp-json\/wp\/v2\/media?parent=21386"}],"wp:term":[{"taxonomy":"category","embeddable":true,"href":"https:\/\/www.conselharan.org\/ca\/wp-json\/wp\/v2\/categories?post=21386"},{"taxonomy":"post_tag","embeddable":true,"href":"https:\/\/www.conselharan.org\/ca\/wp-json\/wp\/v2\/tags?post=21386"}],"curies":[{"name":"wp","href":"https:\/\/api.w.org\/{rel}","templated":true}]}}