{"id":21606,"date":"2018-04-10T12:12:01","date_gmt":"2018-04-10T10:12:01","guid":{"rendered":"http:\/\/www.conselharan.org\/?p=21606"},"modified":"2018-04-10T12:14:29","modified_gmt":"2018-04-10T10:14:29","slug":"magnifica-actuacio-dels-aranesos-beltran-bascones-i-irene-del-cueto-en-el-campionat-nacional-de-saragossa","status":"publish","type":"post","link":"https:\/\/www.conselharan.org\/ca\/magnifica-actuacio-dels-aranesos-beltran-bascones-i-irene-del-cueto-en-el-campionat-nacional-de-saragossa\/","title":{"rendered":"Magn\u00edfica actuaci\u00f3 dels aranesos Beltr\u00e1n Bascones i Irene del Cueto, en el Campionat Nacional  de Saragossa"},"content":{"rendered":"<p><a href=\"http:\/\/www.conselharan.org\/magnifica-actuacion-des-aranesi-beltran-bascones-e-irene-del-cueto-en-campionat-nacionau-de-saragossa\/img-20180407-wa0003\/\" rel=\"attachment wp-att-21603\"><img loading=\"lazy\" decoding=\"async\" class=\"aligncenter size-large wp-image-21603\" src=\"http:\/\/www.conselharan.org\/wp-content\/uploads\/2018\/04\/IMG-20180407-WA0003-768x1024.jpg\" alt=\"\" width=\"768\" height=\"1024\" srcset=\"https:\/\/www.conselharan.org\/wp-content\/uploads\/2018\/04\/IMG-20180407-WA0003.jpg 768w, https:\/\/www.conselharan.org\/wp-content\/uploads\/2018\/04\/IMG-20180407-WA0003-225x300.jpg 225w\" sizes=\"(max-width: 768px) 100vw, 768px\" \/><\/a><\/p>\n<p>&nbsp;<\/p>\n<p>El cap de setmana passat, 7 i 8 d&#8217;abril, es va celebrar en el pavell\u00f3 esportiu municipal \u201cLa granja\u201d de Saragossa el <strong>38\u00e8 Campionat Nacional de Karate: \u201cKYOKUSHIN WORLD FEDERATION ESPA\u00d1A<\/strong>\u201d l&#8217;esdeveniment anual de categoria nacional, que va comptar amb el suport de Saragossa Esport de l&#8217;Ajuntament de la capital i on van participar m\u00e9s de 400 karatekes d\u2019Espanya, Fran\u00e7a i Costa Rica.<\/p>\n<p>&nbsp;<\/p>\n<p><a href=\"http:\/\/www.conselharan.org\/magnifica-actuacion-des-aranesi-beltran-bascones-e-irene-del-cueto-en-campionat-nacionau-de-saragossa\/foto-campeonato\/\" rel=\"attachment wp-att-21600\"><img loading=\"lazy\" decoding=\"async\" class=\"aligncenter size-full wp-image-21600\" src=\"http:\/\/www.conselharan.org\/wp-content\/uploads\/2018\/04\/foto-campeonato.jpg\" alt=\"\" width=\"960\" height=\"720\" srcset=\"https:\/\/www.conselharan.org\/wp-content\/uploads\/2018\/04\/foto-campeonato.jpg 960w, https:\/\/www.conselharan.org\/wp-content\/uploads\/2018\/04\/foto-campeonato-300x225.jpg 300w, https:\/\/www.conselharan.org\/wp-content\/uploads\/2018\/04\/foto-campeonato-768x576.jpg 768w\" sizes=\"(max-width: 960px) 100vw, 960px\" \/><\/a><\/p>\n<p>&nbsp;<\/p>\n<p><strong>Karate Aran<\/strong> va presentar dos competidors: <strong>Irene del Cueto D\u00edaz<\/strong>, en la categoria Alev\u00ed Femen\u00ed i a <strong>Beltr\u00e1n Bascones S\u00e1nchez<\/strong>, en la categoria Infantil Mascul\u00ed.<\/p>\n<p>&nbsp;<\/p>\n<p><a href=\"http:\/\/www.conselharan.org\/magnifica-actuacion-des-aranesi-beltran-bascones-e-irene-del-cueto-en-campionat-nacionau-de-saragossa\/img-20180407-wa0001\/\" rel=\"attachment wp-att-21602\"><img loading=\"lazy\" decoding=\"async\" class=\"aligncenter size-large wp-image-21602\" src=\"http:\/\/www.conselharan.org\/wp-content\/uploads\/2018\/04\/IMG-20180407-WA0001-768x1024.jpg\" alt=\"\" width=\"768\" height=\"1024\" srcset=\"https:\/\/www.conselharan.org\/wp-content\/uploads\/2018\/04\/IMG-20180407-WA0001.jpg 768w, https:\/\/www.conselharan.org\/wp-content\/uploads\/2018\/04\/IMG-20180407-WA0001-225x300.jpg 225w\" sizes=\"(max-width: 768px) 100vw, 768px\" \/><\/a><\/p>\n<p>&nbsp;<\/p>\n<p>Els karatekes aranesos van aconseguir els seg\u00fcents resultats:<\/p>\n<p>&#8211; <strong>Irene del Cueto:<\/strong> Campiona Nacional en les categories de Kumite i Katas.<\/p>\n<p>&#8211; <strong>Beltr\u00e1n Bascones:<\/strong> 4rt Classificat en la categoria de Katas.<\/p>\n<p>&nbsp;<\/p>\n<p><a href=\"http:\/\/www.conselharan.org\/magnifica-actuacion-des-aranesi-beltran-bascones-e-irene-del-cueto-en-campionat-nacionau-de-saragossa\/img-20180407-wa0000\/\" rel=\"attachment wp-att-21601\"><img loading=\"lazy\" decoding=\"async\" class=\"aligncenter size-large wp-image-21601\" src=\"http:\/\/www.conselharan.org\/wp-content\/uploads\/2018\/04\/IMG-20180407-WA0000-768x1024.jpg\" alt=\"\" width=\"768\" height=\"1024\" srcset=\"https:\/\/www.conselharan.org\/wp-content\/uploads\/2018\/04\/IMG-20180407-WA0000.jpg 768w, https:\/\/www.conselharan.org\/wp-content\/uploads\/2018\/04\/IMG-20180407-WA0000-225x300.jpg 225w\" sizes=\"(max-width: 768px) 100vw, 768px\" \/><\/a><\/p>\n<p>&nbsp;<\/p>\n<p>El Shihan, <strong>Angel Mateo<\/strong>, del Karate Aran ha manifestat: \u201c<strong>Amb una participaci\u00f3 m\u00ednima de competidors \u00e9s un gran resultat per al nostre Club. Enhorabona als dos!\u201d<\/strong><\/p>\n<p>&nbsp;<\/p>\n<p>&nbsp;<\/p>\n<p>Vielha, 10 d\u2019abril de 2018<\/p>\n<p>&nbsp;<\/p>\n<p><em>Conselh Generau d&#8217;Aran: N\u00faria Sanjuan<\/em><\/p>\n<p><em>Font i fotos: KARATE ARAN<\/em><\/p>\n ","protected":false},"excerpt":{"rendered":"<p>&nbsp; El cap de setmana passat, 7 i 8 d&#8217;abril, es va celebrar en el pavell\u00f3 esportiu municipal \u201cLa granja\u201d de Saragossa el 38\u00e8 Campionat Nacional de Karate: \u201cKYOKUSHIN WORLD FEDERATION ESPA\u00d1A\u201d l&#8217;esdeveniment anual de categoria nacional, que va comptar amb el suport de Saragossa Esport de l&#8217;Ajuntament de la capital i on van participar&#8230;<\/p>\n","protected":false},"author":2,"featured_media":21603,"comment_status":"closed","ping_status":"closed","sticky":false,"template":"","format":"standard","meta":{"footnotes":""},"categories":[136],"tags":[],"_links":{"self":[{"href":"https:\/\/www.conselharan.org\/ca\/wp-json\/wp\/v2\/posts\/21606"}],"collection":[{"href":"https:\/\/www.conselharan.org\/ca\/wp-json\/wp\/v2\/posts"}],"about":[{"href":"https:\/\/www.conselharan.org\/ca\/wp-json\/wp\/v2\/types\/post"}],"author":[{"embeddable":true,"href":"https:\/\/www.conselharan.org\/ca\/wp-json\/wp\/v2\/users\/2"}],"replies":[{"embeddable":true,"href":"https:\/\/www.conselharan.org\/ca\/wp-json\/wp\/v2\/comments?post=21606"}],"version-history":[{"count":1,"href":"https:\/\/www.conselharan.org\/ca\/wp-json\/wp\/v2\/posts\/21606\/revisions"}],"predecessor-version":[{"id":21607,"href":"https:\/\/www.conselharan.org\/ca\/wp-json\/wp\/v2\/posts\/21606\/revisions\/21607"}],"wp:featuredmedia":[{"embeddable":true,"href":"https:\/\/www.conselharan.org\/ca\/wp-json\/wp\/v2\/media\/21603"}],"wp:attachment":[{"href":"https:\/\/www.conselharan.org\/ca\/wp-json\/wp\/v2\/media?parent=21606"}],"wp:term":[{"taxonomy":"category","embeddable":true,"href":"https:\/\/www.conselharan.org\/ca\/wp-json\/wp\/v2\/categories?post=21606"},{"taxonomy":"post_tag","embeddable":true,"href":"https:\/\/www.conselharan.org\/ca\/wp-json\/wp\/v2\/tags?post=21606"}],"curies":[{"name":"wp","href":"https:\/\/api.w.org\/{rel}","templated":true}]}}