{"id":21658,"date":"2018-04-13T12:21:50","date_gmt":"2018-04-13T10:21:50","guid":{"rendered":"http:\/\/www.conselharan.org\/?p=21658"},"modified":"2018-04-13T12:21:50","modified_gmt":"2018-04-13T10:21:50","slug":"practiques-internacionals-dels-pompiers-daran","status":"publish","type":"post","link":"https:\/\/www.conselharan.org\/ca\/practiques-internacionals-dels-pompiers-daran\/","title":{"rendered":"Pr\u00e0ctiques internacionals dels Pompi\u00e8rs d\u2019Aran"},"content":{"rendered":"<p>Vielha, 13 d\u2019abril de 2018.- Els Pompi\u00e8rs d\u2019Aran porten a terme aquests dies un seguit de diferents pr\u00e0ctiques transfrontereres i internacionals.<\/p>\n<p><a href=\"http:\/\/www.conselharan.org\/wp-content\/uploads\/2018\/04\/WhatsApp-Image-2018-04-10-at-10.14.101.jpeg\"><img loading=\"lazy\" decoding=\"async\" class=\"aligncenter size-large wp-image-21653\" src=\"http:\/\/www.conselharan.org\/wp-content\/uploads\/2018\/04\/WhatsApp-Image-2018-04-10-at-10.14.101-1024x768.jpeg\" alt=\"\" width=\"1024\" height=\"768\" srcset=\"https:\/\/www.conselharan.org\/wp-content\/uploads\/2018\/04\/WhatsApp-Image-2018-04-10-at-10.14.101-1024x768.jpeg 1024w, https:\/\/www.conselharan.org\/wp-content\/uploads\/2018\/04\/WhatsApp-Image-2018-04-10-at-10.14.101-300x225.jpeg 300w, https:\/\/www.conselharan.org\/wp-content\/uploads\/2018\/04\/WhatsApp-Image-2018-04-10-at-10.14.101-768x576.jpeg 768w, https:\/\/www.conselharan.org\/wp-content\/uploads\/2018\/04\/WhatsApp-Image-2018-04-10-at-10.14.101.jpeg 1600w\" sizes=\"(max-width: 1024px) 100vw, 1024px\" \/><\/a><\/p>\n<p>Els <strong>Pompi\u00e8rs d\u2019Aran<\/strong> van realitzar el passats dilluns i dimarts, una pr\u00e0ctica conjunta amb els Bombers del SDIS (Service D\u00e9partemental d&#8217;Incendie et de Secours) Haute Garonne, pr\u00e8via a l\u2019obertura del nou t\u00fanel de Saint B\u00e9at. Fins a la poblaci\u00f3 francesa els Pompi\u00e8rs d\u2019Aran van despla\u00e7ar una dotaci\u00f3 d\u2019un cami\u00f3 del Parc de Pompi\u00e8rs de Vielha e Mijaran i material propi.<\/p>\n<p>Per la seva part el <strong>GRM Val d\u2019Aran<\/strong> (Grup de Rescat de Muntanya), s\u2019ha despla\u00e7at fins Noruega per tal de realitzar pr\u00e0ctiques d\u2019esqu\u00ed de muntanya.<\/p>\n<p><a href=\"http:\/\/www.conselharan.org\/wp-content\/uploads\/2018\/04\/180413_GRM4.jpg\"><img loading=\"lazy\" decoding=\"async\" class=\"aligncenter size-full wp-image-21654\" src=\"http:\/\/www.conselharan.org\/wp-content\/uploads\/2018\/04\/180413_GRM4.jpg\" alt=\"\" width=\"400\" height=\"400\" srcset=\"https:\/\/www.conselharan.org\/wp-content\/uploads\/2018\/04\/180413_GRM4.jpg 400w, https:\/\/www.conselharan.org\/wp-content\/uploads\/2018\/04\/180413_GRM4-150x150.jpg 150w, https:\/\/www.conselharan.org\/wp-content\/uploads\/2018\/04\/180413_GRM4-300x300.jpg 300w, https:\/\/www.conselharan.org\/wp-content\/uploads\/2018\/04\/180413_GRM4-270x270.jpg 270w, https:\/\/www.conselharan.org\/wp-content\/uploads\/2018\/04\/180413_GRM4-207x207.jpg 207w, https:\/\/www.conselharan.org\/wp-content\/uploads\/2018\/04\/180413_GRM4-75x75.jpg 75w\" sizes=\"(max-width: 400px) 100vw, 400px\" \/><\/a><\/p>\n ","protected":false},"excerpt":{"rendered":"<p>Vielha, 13 d\u2019abril de 2018.- Els Pompi\u00e8rs d\u2019Aran porten a terme aquests dies un seguit de diferents pr\u00e0ctiques transfrontereres i internacionals. Els Pompi\u00e8rs d\u2019Aran van realitzar el passats dilluns i dimarts, una pr\u00e0ctica conjunta amb els Bombers del SDIS (Service D\u00e9partemental d&#8217;Incendie et de Secours) Haute Garonne, pr\u00e8via a l\u2019obertura del nou t\u00fanel de Saint&#8230;<\/p>\n","protected":false},"author":2,"featured_media":21653,"comment_status":"closed","ping_status":"closed","sticky":false,"template":"","format":"standard","meta":{"footnotes":""},"categories":[33,146],"tags":[],"_links":{"self":[{"href":"https:\/\/www.conselharan.org\/ca\/wp-json\/wp\/v2\/posts\/21658"}],"collection":[{"href":"https:\/\/www.conselharan.org\/ca\/wp-json\/wp\/v2\/posts"}],"about":[{"href":"https:\/\/www.conselharan.org\/ca\/wp-json\/wp\/v2\/types\/post"}],"author":[{"embeddable":true,"href":"https:\/\/www.conselharan.org\/ca\/wp-json\/wp\/v2\/users\/2"}],"replies":[{"embeddable":true,"href":"https:\/\/www.conselharan.org\/ca\/wp-json\/wp\/v2\/comments?post=21658"}],"version-history":[{"count":1,"href":"https:\/\/www.conselharan.org\/ca\/wp-json\/wp\/v2\/posts\/21658\/revisions"}],"predecessor-version":[{"id":21659,"href":"https:\/\/www.conselharan.org\/ca\/wp-json\/wp\/v2\/posts\/21658\/revisions\/21659"}],"wp:featuredmedia":[{"embeddable":true,"href":"https:\/\/www.conselharan.org\/ca\/wp-json\/wp\/v2\/media\/21653"}],"wp:attachment":[{"href":"https:\/\/www.conselharan.org\/ca\/wp-json\/wp\/v2\/media?parent=21658"}],"wp:term":[{"taxonomy":"category","embeddable":true,"href":"https:\/\/www.conselharan.org\/ca\/wp-json\/wp\/v2\/categories?post=21658"},{"taxonomy":"post_tag","embeddable":true,"href":"https:\/\/www.conselharan.org\/ca\/wp-json\/wp\/v2\/tags?post=21658"}],"curies":[{"name":"wp","href":"https:\/\/api.w.org\/{rel}","templated":true}]}}