{"id":21664,"date":"2018-04-13T14:35:57","date_gmt":"2018-04-13T12:35:57","guid":{"rendered":"http:\/\/www.conselharan.org\/?p=21664"},"modified":"2018-04-13T14:35:57","modified_gmt":"2018-04-13T12:35:57","slug":"sortides-de-monitoratge-de-picots-de-la-val-daran","status":"publish","type":"post","link":"https:\/\/www.conselharan.org\/ca\/sortides-de-monitoratge-de-picots-de-la-val-daran\/","title":{"rendered":"Sortides de monitoratge de picots de la Val d\u2019Aran"},"content":{"rendered":"<p>Vielha, 13 d\u2019abril de 2018.- El Conselh Generau d\u2019Aran a trav\u00e9s del departament d\u2019Agricultura, Ramaderia e Medi Naturau, organitza dues sortides per el monitoratge de picots de la Val d\u2019Aran.<\/p>\n<p><a href=\"http:\/\/www.conselharan.org\/wp-content\/uploads\/2018\/04\/cartell.jpg\"><img loading=\"lazy\" decoding=\"async\" class=\"aligncenter size-full wp-image-21662\" src=\"http:\/\/www.conselharan.org\/wp-content\/uploads\/2018\/04\/cartell.jpg\" alt=\"\" width=\"732\" height=\"548\" srcset=\"https:\/\/www.conselharan.org\/wp-content\/uploads\/2018\/04\/cartell.jpg 732w, https:\/\/www.conselharan.org\/wp-content\/uploads\/2018\/04\/cartell-300x225.jpg 300w\" sizes=\"(max-width: 732px) 100vw, 732px\" \/><\/a><\/p>\n<p>Aquestes sortides tenen com objectiu la continu\u00eftat de les prospeccions de les principals especies d\u2019ocells presents a la Val d\u2019Aran a trav\u00e9s de la participaci\u00f3 de voluntaris.<\/p>\n<p>Les sortides es realitzaran <strong>el dissabte 21 d\u2019abril entre les 07:30 i les 12:30 hores i el dissabte 12 de maig<\/strong> amb el mateix horari.<\/p>\n<p>Les inscripcions per les sortides, en les que hi pot participar tothom que vulgui, s\u00f3n gratu\u00eftes i es poden realitzar al mateix Conselh Generau d\u2019Aran, contactant amb Gerard Vil\u00f3 <a href=\"mailto:gvilo@aran.org\">gvilo@aran.org<\/a> o per telf. trucant al 973 641 801.<\/p>\n<p>Aquestes sortides s\u2019inclouen dins del projecte \u201cHabios\u201d per millorar l\u2019efici\u00e8ncia en la conservaci\u00f3 de l\u2019avifauna i en la gesti\u00f3 d\u2019h\u00e0bitats forestals, dins el marc del Programa Operatiu de Cooperaci\u00f3 Territorial Interreg (Espanya, Fran\u00e7a, Andorra) 2014-2020 POTECFA, i compten amb la col\u00b7laboraci\u00f3 de LPO France (Ligue pour la Protection des Oiseaux) i de Verd e Blu Val d\u2019Aran.<\/p>\n ","protected":false},"excerpt":{"rendered":"<p>Vielha, 13 d\u2019abril de 2018.- El Conselh Generau d\u2019Aran a trav\u00e9s del departament d\u2019Agricultura, Ramaderia e Medi Naturau, organitza dues sortides per el monitoratge de picots de la Val d\u2019Aran. Aquestes sortides tenen com objectiu la continu\u00eftat de les prospeccions de les principals especies d\u2019ocells presents a la Val d\u2019Aran a trav\u00e9s de la participaci\u00f3&#8230;<\/p>\n","protected":false},"author":2,"featured_media":21662,"comment_status":"closed","ping_status":"closed","sticky":false,"template":"","format":"standard","meta":{"footnotes":""},"categories":[127,33],"tags":[],"_links":{"self":[{"href":"https:\/\/www.conselharan.org\/ca\/wp-json\/wp\/v2\/posts\/21664"}],"collection":[{"href":"https:\/\/www.conselharan.org\/ca\/wp-json\/wp\/v2\/posts"}],"about":[{"href":"https:\/\/www.conselharan.org\/ca\/wp-json\/wp\/v2\/types\/post"}],"author":[{"embeddable":true,"href":"https:\/\/www.conselharan.org\/ca\/wp-json\/wp\/v2\/users\/2"}],"replies":[{"embeddable":true,"href":"https:\/\/www.conselharan.org\/ca\/wp-json\/wp\/v2\/comments?post=21664"}],"version-history":[{"count":1,"href":"https:\/\/www.conselharan.org\/ca\/wp-json\/wp\/v2\/posts\/21664\/revisions"}],"predecessor-version":[{"id":21665,"href":"https:\/\/www.conselharan.org\/ca\/wp-json\/wp\/v2\/posts\/21664\/revisions\/21665"}],"wp:featuredmedia":[{"embeddable":true,"href":"https:\/\/www.conselharan.org\/ca\/wp-json\/wp\/v2\/media\/21662"}],"wp:attachment":[{"href":"https:\/\/www.conselharan.org\/ca\/wp-json\/wp\/v2\/media?parent=21664"}],"wp:term":[{"taxonomy":"category","embeddable":true,"href":"https:\/\/www.conselharan.org\/ca\/wp-json\/wp\/v2\/categories?post=21664"},{"taxonomy":"post_tag","embeddable":true,"href":"https:\/\/www.conselharan.org\/ca\/wp-json\/wp\/v2\/tags?post=21664"}],"curies":[{"name":"wp","href":"https:\/\/api.w.org\/{rel}","templated":true}]}}