{"id":21836,"date":"2018-04-25T18:37:58","date_gmt":"2018-04-25T16:37:58","guid":{"rendered":"http:\/\/www.conselharan.org\/?p=21836"},"modified":"2018-04-25T18:37:58","modified_gmt":"2018-04-25T16:37:58","slug":"capsula-sobre-tendencies-del-mercat-laboral-al-cei-val-daran","status":"publish","type":"post","link":"https:\/\/www.conselharan.org\/ca\/capsula-sobre-tendencies-del-mercat-laboral-al-cei-val-daran\/","title":{"rendered":"C\u00e0psula sobre tend\u00e8ncies del mercat laboral al CEI Val d\u2019Aran"},"content":{"rendered":"<p>Dimecres 25 d\u2019abril de 2018.- El CEI Val d\u2019Aran de Casau ofereix el proper 8 de maig una nova c\u00e0psula formativa gratu\u00efta amb el t\u00edtol de <strong>\u201cConeix les tend\u00e8ncies del mercat laboral per ser un candidat competitiu\u201d<\/strong>, que anir\u00e0 a c\u00e0rrec d\u2019<strong>Erika Arenas Soria<\/strong>, Llicenciada en Psicologia i M\u00e0ster en Direcci\u00f3 de RRHH.<\/p>\n<p>La c\u00e0psula formativa ser\u00e0 el dia 8 de maig de 10:00 a 14:00h al Centre d\u2019Empreses Innovadores Val d\u2019Aran, Pla\u00e7a Naua, 1 de Casau.<\/p>\n<p>Les inscripcions per a participar-hi es poden formalitzar a www.ceivaldaran.org o a l\u2019enlla\u00e7 corresponent del web del Conselh Generau d\u2019Aran www.aran.org, i tamb\u00e9 trucant al telf. 973 64 18 01. Les c\u00e0psules del CEI Val d\u2019Aran s\u00f3n gratu\u00eftes i s\u2019adrecen a totes les persones o empreses interessades a ampliar la seva formaci\u00f3. Totes les persones inscrites hauran de portar el DNI, NIE o fotoc\u00f2pia del document.<\/p>\n<p>Els cursos i c\u00e0psules formatives estan organitzades pel mateix CEI Val d\u2019Aran i el Conselh Generau d\u2019Aran en col\u00b7laboraci\u00f3 amb la Diputaci\u00f3 de Lleida i GlobaLleida, amb el suport del Departament d\u2019Empresa i Ocupaci\u00f3 de la Generalitat de Catalunya, Catalunya Empr\u00e8n i el Fons Social Europeu.<\/p>\n<p><a href=\"http:\/\/www.conselharan.org\/wp-content\/uploads\/2018\/04\/Cartell-dimars-de-trabalh-8de-mai-de-2018-001.jpg\"><img loading=\"lazy\" decoding=\"async\" class=\"aligncenter size-large wp-image-21832\" src=\"http:\/\/www.conselharan.org\/wp-content\/uploads\/2018\/04\/Cartell-dimars-de-trabalh-8de-mai-de-2018-001-725x1024.jpg\" alt=\"\" width=\"725\" height=\"1024\" srcset=\"https:\/\/www.conselharan.org\/wp-content\/uploads\/2018\/04\/Cartell-dimars-de-trabalh-8de-mai-de-2018-001-725x1024.jpg 725w, https:\/\/www.conselharan.org\/wp-content\/uploads\/2018\/04\/Cartell-dimars-de-trabalh-8de-mai-de-2018-001-212x300.jpg 212w, https:\/\/www.conselharan.org\/wp-content\/uploads\/2018\/04\/Cartell-dimars-de-trabalh-8de-mai-de-2018-001-768x1085.jpg 768w, https:\/\/www.conselharan.org\/wp-content\/uploads\/2018\/04\/Cartell-dimars-de-trabalh-8de-mai-de-2018-001.jpg 1192w\" sizes=\"(max-width: 725px) 100vw, 725px\" \/><\/a><\/p>\n ","protected":false},"excerpt":{"rendered":"<p>Dimecres 25 d\u2019abril de 2018.- El CEI Val d\u2019Aran de Casau ofereix el proper 8 de maig una nova c\u00e0psula formativa gratu\u00efta amb el t\u00edtol de \u201cConeix les tend\u00e8ncies del mercat laboral per ser un candidat competitiu\u201d, que anir\u00e0 a c\u00e0rrec d\u2019Erika Arenas Soria, Llicenciada en Psicologia i M\u00e0ster en Direcci\u00f3 de RRHH. La c\u00e0psula&#8230;<\/p>\n","protected":false},"author":2,"featured_media":21832,"comment_status":"closed","ping_status":"closed","sticky":false,"template":"","format":"standard","meta":{"footnotes":""},"categories":[33],"tags":[],"_links":{"self":[{"href":"https:\/\/www.conselharan.org\/ca\/wp-json\/wp\/v2\/posts\/21836"}],"collection":[{"href":"https:\/\/www.conselharan.org\/ca\/wp-json\/wp\/v2\/posts"}],"about":[{"href":"https:\/\/www.conselharan.org\/ca\/wp-json\/wp\/v2\/types\/post"}],"author":[{"embeddable":true,"href":"https:\/\/www.conselharan.org\/ca\/wp-json\/wp\/v2\/users\/2"}],"replies":[{"embeddable":true,"href":"https:\/\/www.conselharan.org\/ca\/wp-json\/wp\/v2\/comments?post=21836"}],"version-history":[{"count":1,"href":"https:\/\/www.conselharan.org\/ca\/wp-json\/wp\/v2\/posts\/21836\/revisions"}],"predecessor-version":[{"id":21837,"href":"https:\/\/www.conselharan.org\/ca\/wp-json\/wp\/v2\/posts\/21836\/revisions\/21837"}],"wp:featuredmedia":[{"embeddable":true,"href":"https:\/\/www.conselharan.org\/ca\/wp-json\/wp\/v2\/media\/21832"}],"wp:attachment":[{"href":"https:\/\/www.conselharan.org\/ca\/wp-json\/wp\/v2\/media?parent=21836"}],"wp:term":[{"taxonomy":"category","embeddable":true,"href":"https:\/\/www.conselharan.org\/ca\/wp-json\/wp\/v2\/categories?post=21836"},{"taxonomy":"post_tag","embeddable":true,"href":"https:\/\/www.conselharan.org\/ca\/wp-json\/wp\/v2\/tags?post=21836"}],"curies":[{"name":"wp","href":"https:\/\/api.w.org\/{rel}","templated":true}]}}