{"id":22093,"date":"2018-05-07T14:33:19","date_gmt":"2018-05-07T12:33:19","guid":{"rendered":"http:\/\/www.conselharan.org\/podiums-deth-vielha-swim-team-ena-fasa-finau-territoriau-de-natacion-des-jocs-esportius-escolars-de-catalonha\/"},"modified":"2018-05-08T09:34:24","modified_gmt":"2018-05-08T07:34:24","slug":"podiums-deth-vielha-swim-team-ena-fasa-finau-territoriau-de-natacion-des-jocs-esportius-escolars-de-catalonha","status":"publish","type":"post","link":"https:\/\/www.conselharan.org\/ca\/podiums-deth-vielha-swim-team-ena-fasa-finau-territoriau-de-natacion-des-jocs-esportius-escolars-de-catalonha\/","title":{"rendered":"P\u00f2diums deth Vielha Swim Team ena Fasa Finau Territoriau de Natacion des J\u00f2cs Esportius Escolars de Catalonha"},"content":{"rendered":"<p><strong>Era piscina de Pont de Suert acuelhec eth passat dissabte aguesta competicion de natacion ent\u00e0 escolans.<\/strong><\/p>\n<p>&nbsp;<\/p>\n<p><a href=\"http:\/\/www.conselharan.org\/podiums-deth-vielha-swim-team-ena-fasa-finau-territoriau-de-natacion-des-jocs-esportius-escolars-de-catalonha\/grop-vielha-swim-team\/\" rel=\"attachment wp-att-22074\"><img loading=\"lazy\" decoding=\"async\" class=\"aligncenter size-large wp-image-22074\" src=\"http:\/\/www.conselharan.org\/wp-content\/uploads\/2018\/05\/GROP-VIELHA-SWIM-TEAM-1024x768.jpg\" alt=\"\" width=\"1024\" height=\"768\" srcset=\"https:\/\/www.conselharan.org\/wp-content\/uploads\/2018\/05\/GROP-VIELHA-SWIM-TEAM-1024x768.jpg 1024w, https:\/\/www.conselharan.org\/wp-content\/uploads\/2018\/05\/GROP-VIELHA-SWIM-TEAM-300x225.jpg 300w, https:\/\/www.conselharan.org\/wp-content\/uploads\/2018\/05\/GROP-VIELHA-SWIM-TEAM-768x576.jpg 768w, https:\/\/www.conselharan.org\/wp-content\/uploads\/2018\/05\/GROP-VIELHA-SWIM-TEAM.jpg 1080w\" sizes=\"(max-width: 1024px) 100vw, 1024px\" \/><\/a><\/p>\n<p>&nbsp;<\/p>\n<p>Un centenat de nedadors deth Pla d\u2019Urgell, Pallars Sobir\u00e0, Solson\u00e8s, Alta Ribagor\u00e7a e dera Val d\u2019Aran se d\u00e8ren cita eth passat dissabte, dia 5 de mai, ena piscina de Pont de Suert ent\u00e0 participar enes diferentes modalitats, dist\u00e0ncies e categories dera Fasa Finau Territoriau de Natacion des J\u00f2cs Esportius Escolars de Catalonha, organizada pes Conselhs Esportius, a on particip\u00e8ren nadadors neishudi entre 2000 e eth 2011 en pr\u00f2ves de 25m, 50m e 100m, ath del\u00e0 des pr\u00f2ves de rel\u00e8us 4&#215;25.<\/p>\n<p>Era Val d\u2019Aran siguec representada peth <strong>Conselh Esportiu dera Val d&#8217;Aran<\/strong> damb 45 aranesi (43 deth <strong>Vielha Swim Team<\/strong> e 2 deth <strong>CEIP Garona<\/strong>) damb f\u00f2r\u00e7a p\u00f2diums. Toti es classificats participar\u00e0n enes Finaus Nacionaus de Catalonha en representacion deth Conselh Esportiu dera Val d\u2019Aran.<\/p>\n<p><strong>P\u00f2diums e resultats deth Fasa Finau Territoriau de Natacion des J\u00f2cs Esportius Escolars de Catalonha:<\/strong><\/p>\n<ul>\n<li><strong>LIURES \u2013 25m<\/strong><\/li>\n<\/ul>\n<p><strong>Prebenjamin masculin (2010- 2011)<\/strong><\/p>\n<p><a href=\"http:\/\/www.conselharan.org\/podiums-deth-vielha-swim-team-ena-fasa-finau-territoriau-de-natacion-des-jocs-esportius-escolars-de-catalonha\/prebenjamin-masculin\/\" rel=\"attachment wp-att-22075\"><img loading=\"lazy\" decoding=\"async\" class=\"aligncenter size-large wp-image-22075\" src=\"http:\/\/www.conselharan.org\/wp-content\/uploads\/2018\/05\/prebenjamin-masculin-1024x758.jpg\" alt=\"\" width=\"1024\" height=\"758\" srcset=\"https:\/\/www.conselharan.org\/wp-content\/uploads\/2018\/05\/prebenjamin-masculin.jpg 1024w, https:\/\/www.conselharan.org\/wp-content\/uploads\/2018\/05\/prebenjamin-masculin-300x222.jpg 300w, https:\/\/www.conselharan.org\/wp-content\/uploads\/2018\/05\/prebenjamin-masculin-768x569.jpg 768w\" sizes=\"(max-width: 1024px) 100vw, 1024px\" \/><\/a><\/p>\n<p>&nbsp;<\/p>\n<p>&#8211; 1\u00e8r Aner Serrano (VIELHA SWIM TEAM)<br \/>\n&#8211; 2au Eric Barbeitos (VIELHA SWIM TEAM)<br \/>\n&#8211; 3au Fernando Pera (VIELHA SWIM TEAM)<\/p>\n<p><strong>Prebenjamin femenin (2010- 2011)<\/strong><\/p>\n<p>&#8211; 1a Martina Torres (VIELHA SWIM TEAM)<br \/>\n&#8211; 2au Queralt Torrents (PALLARS)<br \/>\n&#8211; 3au \u00c8lia Boya (VIELHA SWIM TEAM)<\/p>\n<p>&nbsp;<\/p>\n<p><strong>Benjamin masculin (2008- 2009)<\/strong><\/p>\n<p>&nbsp;<\/p>\n<p><a href=\"http:\/\/www.conselharan.org\/podiums-deth-vielha-swim-team-ena-fasa-finau-territoriau-de-natacion-des-jocs-esportius-escolars-de-catalonha\/thumbnail-2-2\/\" rel=\"attachment wp-att-22076\"><img loading=\"lazy\" decoding=\"async\" class=\"aligncenter size-large wp-image-22076\" src=\"http:\/\/www.conselharan.org\/wp-content\/uploads\/2018\/05\/thumbnail-2-1024x768.jpg\" alt=\"\" width=\"1024\" height=\"768\" srcset=\"https:\/\/www.conselharan.org\/wp-content\/uploads\/2018\/05\/thumbnail-2.jpg 1024w, https:\/\/www.conselharan.org\/wp-content\/uploads\/2018\/05\/thumbnail-2-300x225.jpg 300w, https:\/\/www.conselharan.org\/wp-content\/uploads\/2018\/05\/thumbnail-2-768x576.jpg 768w\" sizes=\"(max-width: 1024px) 100vw, 1024px\" \/><\/a><\/p>\n<p>&#8211; 1\u00e8r Marc Viladrich (ESP)<br \/>\n&#8211; 2au Pau Rodr\u00edguez (VIELHA SWIM TEAM)<br \/>\n&#8211; 3au Andreu Valero (ESP)<\/p>\n<p>&nbsp;<\/p>\n<p><strong>Benjamin femenin (2008- 2009)<\/strong><\/p>\n<p>&nbsp;<\/p>\n<p><a href=\"http:\/\/www.conselharan.org\/podiums-deth-vielha-swim-team-ena-fasa-finau-territoriau-de-natacion-des-jocs-esportius-escolars-de-catalonha\/thumbnail-30\/\" rel=\"attachment wp-att-22077\"><img loading=\"lazy\" decoding=\"async\" class=\"aligncenter size-large wp-image-22077\" src=\"http:\/\/www.conselharan.org\/wp-content\/uploads\/2018\/05\/thumbnail-30-1024x768.jpg\" alt=\"\" width=\"1024\" height=\"768\" srcset=\"https:\/\/www.conselharan.org\/wp-content\/uploads\/2018\/05\/thumbnail-30.jpg 1024w, https:\/\/www.conselharan.org\/wp-content\/uploads\/2018\/05\/thumbnail-30-300x225.jpg 300w, https:\/\/www.conselharan.org\/wp-content\/uploads\/2018\/05\/thumbnail-30-768x576.jpg 768w\" sizes=\"(max-width: 1024px) 100vw, 1024px\" \/><\/a><\/p>\n<p>&nbsp;<\/p>\n<p>&#8211; 1a Ari Boya (VIELHA SWIM TEAM)<br \/>\n&#8211; 2au Irina Campus (ESP)<br \/>\n&#8211; 3au Emma Trogal (PONT DE SUERT)<\/p>\n<p>&nbsp;<\/p>\n<ul>\n<li><strong>LIURES- 50m<\/strong><\/li>\n<\/ul>\n<p><strong>Alevin Masculin (2006- 2007)<\/strong><\/p>\n<p>&nbsp;<\/p>\n<p><a href=\"http:\/\/www.conselharan.org\/podiums-deth-vielha-swim-team-ena-fasa-finau-territoriau-de-natacion-des-jocs-esportius-escolars-de-catalonha\/thumbnail-4-2\/\" rel=\"attachment wp-att-22078\"><img loading=\"lazy\" decoding=\"async\" class=\"aligncenter size-large wp-image-22078\" src=\"http:\/\/www.conselharan.org\/wp-content\/uploads\/2018\/05\/thumbnail-4-1024x768.jpg\" alt=\"\" width=\"1024\" height=\"768\" srcset=\"https:\/\/www.conselharan.org\/wp-content\/uploads\/2018\/05\/thumbnail-4.jpg 1024w, https:\/\/www.conselharan.org\/wp-content\/uploads\/2018\/05\/thumbnail-4-300x225.jpg 300w, https:\/\/www.conselharan.org\/wp-content\/uploads\/2018\/05\/thumbnail-4-768x576.jpg 768w\" sizes=\"(max-width: 1024px) 100vw, 1024px\" \/><\/a><\/p>\n<p>&nbsp;<\/p>\n<p>&#8211; 1\u00e8r Roc Font (ESP)<br \/>\n&#8211; 2au Marc Campus (ESP)<br \/>\n&#8211; 3au Bertrand Sirat (VIELHA SWIM TEAM)<\/p>\n<p>&nbsp;<\/p>\n<p><strong>Alevin Femenin (2006- 2007)<\/strong><\/p>\n<p>&nbsp;<\/p>\n<p><a href=\"http:\/\/www.conselharan.org\/podiums-deth-vielha-swim-team-ena-fasa-finau-territoriau-de-natacion-des-jocs-esportius-escolars-de-catalonha\/thumbnail-23\/\" rel=\"attachment wp-att-22079\"><img loading=\"lazy\" decoding=\"async\" class=\"aligncenter size-large wp-image-22079\" src=\"http:\/\/www.conselharan.org\/wp-content\/uploads\/2018\/05\/thumbnail-23-1024x768.jpg\" alt=\"\" width=\"1024\" height=\"768\" srcset=\"https:\/\/www.conselharan.org\/wp-content\/uploads\/2018\/05\/thumbnail-23.jpg 1024w, https:\/\/www.conselharan.org\/wp-content\/uploads\/2018\/05\/thumbnail-23-300x225.jpg 300w, https:\/\/www.conselharan.org\/wp-content\/uploads\/2018\/05\/thumbnail-23-768x576.jpg 768w\" sizes=\"(max-width: 1024px) 100vw, 1024px\" \/><\/a><\/p>\n<p>&nbsp;<\/p>\n<p>&#8211; 1a Ona Delseny (VIELHA SWIM TEAM)<br \/>\n&#8211; 2au Ares Figueruelo (VIELHA SWIM TEAM)<br \/>\n&#8211; 3au Noelia Ruiz (ESP)<\/p>\n<p>&nbsp;<\/p>\n<ul>\n<li><strong>LIURES- 100m<\/strong><\/li>\n<\/ul>\n<p><strong>Infantil Masculin (2004- 2005)<\/strong><\/p>\n<p>&#8211; 1\u00e8r Adri\u00e0 Aymerich (PALLARS)<br \/>\n&#8211; 2au Eloi Loren (PONT DE SUERT)<br \/>\n&#8211; 3au Ot Grau (PALLARS)<\/p>\n<p>&nbsp;<\/p>\n<p><strong>Infantil Femenin (2004- 2005)<\/strong><\/p>\n<p>&#8211; 1a Aone Landa (VIELHA SWIM TEAM)<br \/>\n&#8211; 2au Mireia Santamar\u00eda (VIELHA SWIM TEAM)<br \/>\n&#8211; 3au Jana Fern\u00e1ndez (VIELHA SWIM TEAM)<\/p>\n<p><strong>Cadet Masculin (2002- 2003)<\/strong><\/p>\n<p>&#8211; 1\u00e8r Marc Ariza (ESP)<\/p>\n<p>&nbsp;<\/p>\n<p><strong>Cadet Femenin (2002- 2003)<\/strong><\/p>\n<p>&nbsp;<\/p>\n<p><a href=\"http:\/\/www.conselharan.org\/podiums-deth-vielha-swim-team-ena-fasa-finau-territoriau-de-natacion-des-jocs-esportius-escolars-de-catalonha\/thumbnail-12-2\/\" rel=\"attachment wp-att-22089\"><img loading=\"lazy\" decoding=\"async\" class=\"aligncenter size-large wp-image-22089\" src=\"http:\/\/www.conselharan.org\/wp-content\/uploads\/2018\/05\/thumbnail-12-1024x768.jpg\" alt=\"\" width=\"1024\" height=\"768\" srcset=\"https:\/\/www.conselharan.org\/wp-content\/uploads\/2018\/05\/thumbnail-12.jpg 1024w, https:\/\/www.conselharan.org\/wp-content\/uploads\/2018\/05\/thumbnail-12-300x225.jpg 300w, https:\/\/www.conselharan.org\/wp-content\/uploads\/2018\/05\/thumbnail-12-768x576.jpg 768w\" sizes=\"(max-width: 1024px) 100vw, 1024px\" \/><\/a><\/p>\n<p>&#8211; 1a Jana Ros (VIELHA SWIM TEAM)<br \/>\n&#8211; 2au Neus Bold\u00fa (PALLARS)<br \/>\n&#8211; 3au Jana Fern\u00e1ndez (VIELHA SWIM TEAM)<\/p>\n<p>&nbsp;<\/p>\n<ul>\n<li><strong>ESQUIA \u2013 25m<\/strong><\/li>\n<\/ul>\n<p><strong>Prebenjamin Maculin (2010- 2011)<\/strong><\/p>\n<p>&#8211; 1\u00e8r Aner Serrano (VIELHA SWIM TEAM)<br \/>\n&#8211; 2au Fernando Mu\u00f1oz (VIELHA SWIM TEAM)<br \/>\n&#8211; 3au Hugo Fern\u00e1ndez (VIELHA SWIM TEAM)<\/p>\n<p>&nbsp;<\/p>\n<p><strong>Prebenjamin Femenin (2010- 2011)<\/strong><\/p>\n<p>&#8211; 1a Martina Torres (VIELHA SWIM TEAM)<br \/>\n&#8211; 2au \u00c8lia Boya (VIELHA SWIM TEAM)<br \/>\n&#8211; 3au Valen\u00e7a Farr\u00e9 (PALLARS)<\/p>\n<p><strong>Benjamin Maculin (2008- 2009)<\/strong><\/p>\n<p>&#8211; 1\u00e8r Marc Viladrich (ESP)<br \/>\n&#8211; 2au Zen\u00f3 Pallar\u00e8s (ESP)<br \/>\n&#8211; 3au Biel Gonz\u00e1lez (VIELHA SWIM TEAM)<\/p>\n<p><strong>Benjamin Femenin (2008- 2009)<\/strong><\/p>\n<p>&#8211; 1a Emma Trogal (PONT DE SUERT)<br \/>\n&#8211; 2au Laura Paules (VIELHA SWIM TEAM)<br \/>\n&#8211; 3au Eva Kravets (ESP)<\/p>\n<p><strong>Alevin Masculin (2006- 2007)<\/strong><\/p>\n<p>&#8211; 1\u00e8r Marc Campus (ESP)<br \/>\n&#8211; 2au Guillem Sances (ESP)<\/p>\n<p>&nbsp;<\/p>\n<p><strong>Alevin femenin (2006- 2007)<\/strong><\/p>\n<p>&nbsp;<\/p>\n<p><a href=\"http:\/\/www.conselharan.org\/podiums-deth-vielha-swim-team-ena-fasa-finau-territoriau-de-natacion-des-jocs-esportius-escolars-de-catalonha\/thumbnail-25-2\/\" rel=\"attachment wp-att-22081\"><img loading=\"lazy\" decoding=\"async\" class=\"aligncenter size-large wp-image-22081\" src=\"http:\/\/www.conselharan.org\/wp-content\/uploads\/2018\/05\/thumbnail-25-1024x768.jpg\" alt=\"\" width=\"1024\" height=\"768\" srcset=\"https:\/\/www.conselharan.org\/wp-content\/uploads\/2018\/05\/thumbnail-25.jpg 1024w, https:\/\/www.conselharan.org\/wp-content\/uploads\/2018\/05\/thumbnail-25-300x225.jpg 300w, https:\/\/www.conselharan.org\/wp-content\/uploads\/2018\/05\/thumbnail-25-768x576.jpg 768w\" sizes=\"(max-width: 1024px) 100vw, 1024px\" \/><\/a><\/p>\n<p>&nbsp;<\/p>\n<p>&#8211; 1a Ares Figueruelo (VIELHA SWIM TEAM)<br \/>\n&#8211; 2au Alexandra Torres (VIELHA SWIM TEAM)<br \/>\n&#8211; 3au Berta Miquel (PALLARS)<\/p>\n<p>&nbsp;<\/p>\n<ul>\n<li><strong>ESQUIA- 100m<\/strong><\/li>\n<\/ul>\n<p><strong>Infantil Maculin (2004- 2005)<\/strong><\/p>\n<p>&#8211; 1\u00e8r Aleix Trogal (PONT DE SUERT)<br \/>\n&#8211; 2au Andreu Sances (ESP)<br \/>\n&#8211; 3au Toni Vilar (ESP)<\/p>\n<p><strong>Infantil Femenin (2004- 2005)<\/strong><\/p>\n<p>&#8211; 1a Aone Landa (VIELHA SWIM TEAM)<br \/>\n&#8211; 2au Gemma Guasch (PALLARS)<br \/>\n&#8211; 3au Ana Martimp\u00e9 (VIELHA SWIM TEAM)<\/p>\n<p>&nbsp;<\/p>\n<ul>\n<li><strong>BRA\u00c7A- 25m<\/strong><\/li>\n<\/ul>\n<p><strong>Prebenjamin masculin (2010- 2011)<\/strong><\/p>\n<p>&#8211; 1\u00e8r Alex Rodr\u00edguez (PONT DE SUERT)<br \/>\n&#8211; 2au Erik Tarita (CEIP GARONA)<br \/>\n&#8211; 3au Albert Capel (VIELHA SWIM TEAM)<\/p>\n<p>&nbsp;<\/p>\n<p><strong>Prebenjamin femenin (2010- 2011)<\/strong><\/p>\n<p>&nbsp;<\/p>\n<p><a href=\"http:\/\/www.conselharan.org\/podiums-deth-vielha-swim-team-ena-fasa-finau-territoriau-de-natacion-des-jocs-esportius-escolars-de-catalonha\/thumbnail-43\/\" rel=\"attachment wp-att-22082\"><img loading=\"lazy\" decoding=\"async\" class=\"aligncenter size-large wp-image-22082\" src=\"http:\/\/www.conselharan.org\/wp-content\/uploads\/2018\/05\/thumbnail-43-1024x768.jpg\" alt=\"\" width=\"1024\" height=\"768\" srcset=\"https:\/\/www.conselharan.org\/wp-content\/uploads\/2018\/05\/thumbnail-43.jpg 1024w, https:\/\/www.conselharan.org\/wp-content\/uploads\/2018\/05\/thumbnail-43-300x225.jpg 300w, https:\/\/www.conselharan.org\/wp-content\/uploads\/2018\/05\/thumbnail-43-768x576.jpg 768w\" sizes=\"(max-width: 1024px) 100vw, 1024px\" \/><\/a><\/p>\n<p>&nbsp;<\/p>\n<p>&#8211; 1a Aitana Gallardo (CEIP GARONA)<br \/>\n&#8211; 2au Queralt Torrents (PALLARS)<br \/>\n&#8211; 3au Chlo\u00e9 Rama (VIELHA SWIM TEAM)<\/p>\n<p><strong>Benjamin masculin (2008- 2009)<\/strong><\/p>\n<p>&#8211; 1\u00e8r Roc Monta\u00f1a (ESP)<br \/>\n&#8211; 2au Biel Gonz\u00e1lez (VIELHA SWIM TEAM)<br \/>\n&#8211; 3au Andreu Valero (ESP)<\/p>\n<p><strong>Benjamin femenin (2008- 2009)<\/strong><\/p>\n<p>&#8211; 1a Ari Boya (VIELHA SWIM TEAM)<br \/>\n&#8211; 2au Emma Bosch (PONT DE SUERT)<br \/>\n&#8211; 3au Adaia Casas<\/p>\n<p>&nbsp;<\/p>\n<ul>\n<li><strong>BRA\u00c7A- 50m<\/strong><\/li>\n<\/ul>\n<p><strong>Alevin Masculin (2006- 2007)<\/strong><\/p>\n<p>&nbsp;<\/p>\n<p><a href=\"http:\/\/www.conselharan.org\/podiums-deth-vielha-swim-team-ena-fasa-finau-territoriau-de-natacion-des-jocs-esportius-escolars-de-catalonha\/thumbnail-29\/\" rel=\"attachment wp-att-22085\"><img loading=\"lazy\" decoding=\"async\" class=\"aligncenter size-large wp-image-22085\" src=\"http:\/\/www.conselharan.org\/wp-content\/uploads\/2018\/05\/thumbnail-29-1024x768.jpg\" alt=\"\" width=\"1024\" height=\"768\" srcset=\"https:\/\/www.conselharan.org\/wp-content\/uploads\/2018\/05\/thumbnail-29.jpg 1024w, https:\/\/www.conselharan.org\/wp-content\/uploads\/2018\/05\/thumbnail-29-300x225.jpg 300w, https:\/\/www.conselharan.org\/wp-content\/uploads\/2018\/05\/thumbnail-29-768x576.jpg 768w\" sizes=\"(max-width: 1024px) 100vw, 1024px\" \/><\/a><\/p>\n<p>&nbsp;<\/p>\n<p>&#8211; 1\u00e8r Pablo Moreno (VIELHA SWIM TEAM)<br \/>\n&#8211; 2au Bertrand Sirat (VIELHA SWIM TEAM)<br \/>\n&#8211; 3au Roc Arrufat<\/p>\n<p>&nbsp;<\/p>\n<p><strong>Alevin femenin (2006- 2007)<\/strong><\/p>\n<p>&nbsp;<\/p>\n<p><a href=\"http:\/\/www.conselharan.org\/podiums-deth-vielha-swim-team-ena-fasa-finau-territoriau-de-natacion-des-jocs-esportius-escolars-de-catalonha\/thumbnail-13\/\" rel=\"attachment wp-att-22086\"><img loading=\"lazy\" decoding=\"async\" class=\"aligncenter size-large wp-image-22086\" src=\"http:\/\/www.conselharan.org\/wp-content\/uploads\/2018\/05\/thumbnail-13-1024x768.jpg\" alt=\"\" width=\"1024\" height=\"768\" srcset=\"https:\/\/www.conselharan.org\/wp-content\/uploads\/2018\/05\/thumbnail-13.jpg 1024w, https:\/\/www.conselharan.org\/wp-content\/uploads\/2018\/05\/thumbnail-13-300x225.jpg 300w, https:\/\/www.conselharan.org\/wp-content\/uploads\/2018\/05\/thumbnail-13-768x576.jpg 768w\" sizes=\"(max-width: 1024px) 100vw, 1024px\" \/><\/a><\/p>\n<p>&nbsp;<\/p>\n<p>&#8211; 1a Montse Bold\u00fa (PALLARS)<br \/>\n&#8211; 2au Berta Feixas (VIELHA SWIM TEAM)<br \/>\n&#8211; 3au Merc\u00e8 Cardona<\/p>\n<p>&nbsp;<\/p>\n<ul>\n<li><strong>BRA\u00c7A- 100m<\/strong><\/li>\n<\/ul>\n<p><strong>Infantil Masculin (2004- 2005)<\/strong><\/p>\n<p>&#8211; 1\u00e8r Adri\u00e0 Aymerich (PALLARS)<br \/>\n&#8211; 2au Ot Grau (PALLARS)<br \/>\n&#8211; 3au Aleix Trogal (PONT DE SUERT)<\/p>\n<p><strong>Infantil femenin (2004- 2005)<\/strong><\/p>\n<p>&#8211; 1a Paula Ariza (ESP)<br \/>\n&#8211; 2au Jana Fern\u00e1ndez (VIELHA SWIM TEAM)<br \/>\n&#8211; 3au Gemma Guasch (PALLARS)<\/p>\n<p><strong>Cadet Femenin (2002- 2003)<\/strong><\/p>\n<p>&#8211; 1a Jana Fern\u00e1ndez (VIELHA SWIM TEAM)<br \/>\n&#8211; 2au Neus Bold\u00fa (PALLARS)<\/p>\n<p>&nbsp;<\/p>\n<ul>\n<li><strong>PARPALH\u00d2LA- 50m<\/strong><\/li>\n<\/ul>\n<p><strong>Alevin Maculin (2006- 2007)<\/strong><\/p>\n<p>&#8211; 1\u00e8r R\u00f2c Font (ESP)<br \/>\n&#8211; 2au Pablo Moreno (VIELHA SWIM TEAM)<br \/>\n&#8211; 3au Oriol Travesset (ESP)<\/p>\n<p>&nbsp;<\/p>\n<p><strong>Alevin femenin (2006- 2007)<\/strong><\/p>\n<p>&nbsp;<\/p>\n<p><a href=\"http:\/\/www.conselharan.org\/podiums-deth-vielha-swim-team-ena-fasa-finau-territoriau-de-natacion-des-jocs-esportius-escolars-de-catalonha\/thumbnail-37-2\/\" rel=\"attachment wp-att-22087\"><img loading=\"lazy\" decoding=\"async\" class=\"aligncenter size-large wp-image-22087\" src=\"http:\/\/www.conselharan.org\/wp-content\/uploads\/2018\/05\/thumbnail-37-1024x758.jpg\" alt=\"\" width=\"1024\" height=\"758\" srcset=\"https:\/\/www.conselharan.org\/wp-content\/uploads\/2018\/05\/thumbnail-37.jpg 1024w, https:\/\/www.conselharan.org\/wp-content\/uploads\/2018\/05\/thumbnail-37-300x222.jpg 300w, https:\/\/www.conselharan.org\/wp-content\/uploads\/2018\/05\/thumbnail-37-768x569.jpg 768w\" sizes=\"(max-width: 1024px) 100vw, 1024px\" \/><\/a><\/p>\n<p>&nbsp;<\/p>\n<p>&#8211; 1a Ona Delseny (VIELHA SWIM TEAM)<br \/>\n&#8211; 2au Alba Barbeitos (VIELHA SWIM TEAM)<br \/>\n&#8211; 3au Alexandra Torres (VIELHA SWIM TEAM)<\/p>\n<p>&nbsp;<\/p>\n<ul>\n<li><strong>PARPALH\u00d2LA- 100m<\/strong><\/li>\n<\/ul>\n<p><strong>Infantil Masculin (2004- 2005)<\/strong><\/p>\n<p>&#8211; 1\u00e8r Eloi Loren (PONT DE SUERT)<br \/>\n&#8211; 2au Andreu Sances (ESP)<\/p>\n<p><strong>Alevin femenin (2004- 2005)<\/strong><\/p>\n<p>&#8211; 1a Mireia Santamaria (VIELHA SWIM TEAM)<\/p>\n<p><strong>Cadet Masculin (2002- 2003)<\/strong><\/p>\n<p>&#8211; 1\u00e8r Marc Ariza (ESP)<\/p>\n<p>&nbsp;<\/p>\n<p><strong>Cadet Femenin (2002- 2003)<\/strong><\/p>\n<p>&#8211; 1a Jana Ros (VIELHA SWIM TEAM )<br \/>\n&#8211; 2au Claudia Lleonart (ESP)<br \/>\n&#8211; 3au Andrea Gonz\u00e1lez (ESP)<\/p>\n<p>&nbsp;<\/p>\n<p>&nbsp;<\/p>\n<p>&nbsp;<\/p>\n<p>&nbsp;<\/p>\n<p>Vielha, 7 de mai de 2018<\/p>\n<p>&nbsp;<\/p>\n<p><em>Conselh Generau d&#8217;Aran: N\u00faria Sanjuan<\/em><\/p>\n<p><em>H\u00f2nt e Fotos: VIELHA SWIM TEAM\/ Montse Cuixat i Mireia Suesta<\/em><\/p>\n ","protected":false},"excerpt":{"rendered":"<p>Era piscina de Pont de Suert acuelhec eth passat dissabte aguesta competicion de natacion ent\u00e0 escolans. &nbsp; &nbsp; Un centenat de nedadors deth Pla d\u2019Urgell, Pallars Sobir\u00e0, Solson\u00e8s, Alta Ribagor\u00e7a e dera Val d\u2019Aran se d\u00e8ren cita eth passat dissabte, dia 5 de mai, ena piscina de Pont de Suert ent\u00e0 participar enes diferentes modalitats,&#8230;<\/p>\n","protected":false},"author":2,"featured_media":22074,"comment_status":"closed","ping_status":"closed","sticky":false,"template":"","format":"standard","meta":{"footnotes":""},"categories":[136],"tags":[],"_links":{"self":[{"href":"https:\/\/www.conselharan.org\/ca\/wp-json\/wp\/v2\/posts\/22093"}],"collection":[{"href":"https:\/\/www.conselharan.org\/ca\/wp-json\/wp\/v2\/posts"}],"about":[{"href":"https:\/\/www.conselharan.org\/ca\/wp-json\/wp\/v2\/types\/post"}],"author":[{"embeddable":true,"href":"https:\/\/www.conselharan.org\/ca\/wp-json\/wp\/v2\/users\/2"}],"replies":[{"embeddable":true,"href":"https:\/\/www.conselharan.org\/ca\/wp-json\/wp\/v2\/comments?post=22093"}],"version-history":[{"count":2,"href":"https:\/\/www.conselharan.org\/ca\/wp-json\/wp\/v2\/posts\/22093\/revisions"}],"predecessor-version":[{"id":22112,"href":"https:\/\/www.conselharan.org\/ca\/wp-json\/wp\/v2\/posts\/22093\/revisions\/22112"}],"wp:featuredmedia":[{"embeddable":true,"href":"https:\/\/www.conselharan.org\/ca\/wp-json\/wp\/v2\/media\/22074"}],"wp:attachment":[{"href":"https:\/\/www.conselharan.org\/ca\/wp-json\/wp\/v2\/media?parent=22093"}],"wp:term":[{"taxonomy":"category","embeddable":true,"href":"https:\/\/www.conselharan.org\/ca\/wp-json\/wp\/v2\/categories?post=22093"},{"taxonomy":"post_tag","embeddable":true,"href":"https:\/\/www.conselharan.org\/ca\/wp-json\/wp\/v2\/tags?post=22093"}],"curies":[{"name":"wp","href":"https:\/\/api.w.org\/{rel}","templated":true}]}}