{"id":22293,"date":"2018-05-15T19:36:40","date_gmt":"2018-05-15T17:36:40","guid":{"rendered":"http:\/\/www.conselharan.org\/?p=22293"},"modified":"2018-05-15T19:36:40","modified_gmt":"2018-05-15T17:36:40","slug":"actes-de-celebracio-del-dia-internacional-dels-museus","status":"publish","type":"post","link":"https:\/\/www.conselharan.org\/ca\/actes-de-celebracio-del-dia-internacional-dels-museus\/","title":{"rendered":"Actes de celebraci\u00f3 del Dia Internacional dels Museus"},"content":{"rendered":"<p>Vielha, 15 de maig de 2018.- La Xarxa de Museus de les Terres de Lleida i Aran ofereix exposicions, presentacions, xerrades, concerts, tasts de vins, tallers, ballades, visites urbanes i a monuments, il\u00b7lusionisme, performances, projeccions sobre fa\u00e7anes i activitats infantils, entre d\u2019altres, en motiu del Dia Internacional dels Museus.<\/p>\n<p><a href=\"http:\/\/www.conselharan.org\/wp-content\/uploads\/2018\/05\/RODA-DE-PREMSA-OK.jpg\"><img loading=\"lazy\" decoding=\"async\" class=\"aligncenter size-large wp-image-22286\" src=\"http:\/\/www.conselharan.org\/wp-content\/uploads\/2018\/05\/RODA-DE-PREMSA-OK-1024x768.jpg\" alt=\"\" width=\"1024\" height=\"768\" srcset=\"https:\/\/www.conselharan.org\/wp-content\/uploads\/2018\/05\/RODA-DE-PREMSA-OK-1024x768.jpg 1024w, https:\/\/www.conselharan.org\/wp-content\/uploads\/2018\/05\/RODA-DE-PREMSA-OK-300x225.jpg 300w, https:\/\/www.conselharan.org\/wp-content\/uploads\/2018\/05\/RODA-DE-PREMSA-OK-768x576.jpg 768w\" sizes=\"(max-width: 1024px) 100vw, 1024px\" \/><\/a><\/p>\n<p>Els onze museus de la xarxa oferiran aquesta setmana al p\u00fablic una cinquantena d\u2019activitats culturals i l\u00fadiques per celebrar el Dia Internacional dels Museus (DIM), que t\u00e9 lloc anualment el 18 de maig amb la finalitat de posar en valor i atansar aquestes institucions a la societat. La 41a edici\u00f3 del DIM t\u00e9 enguany el lema \u201cMuseus hiperconnectats: nous enfocaments, nous p\u00fablics\u201d i vol posar \u00e8mfasi en les connexions que els museus estableixen amb la comunitat, el seu paisatge cultural o el seu entorn natural.<\/p>\n<p>Amb la Jornada de Portes Obertes (dia 18) i la Nit dels Museus (dia 19) com a actes centrals, el DIM oferir\u00e0 als visitants propostes de tot tipus, comen\u00e7ant per les m\u00e9s habituals com ara exposicions tem\u00e0tiques, confer\u00e8ncies, concerts i m\u00fasica en directe, presentacions de peces muse\u00edstiques i de llibres, visites guiades (algunes a c\u00e0rrec d&#8217;alumnes de Prim\u00e0ria i Secund\u00e0ria), itineraris pedag\u00f2gics urbans i activitats infantils.<\/p>\n<p>M\u00e9s singulars s\u00f3n iniciatives com ara activitats de planetari, un tast de vins d&#8217;\u00e0mfora, tallers de cal\u00b7ligrafia medieval, de pintura rom\u00e0nica mural i sobre taula o de paleontologia, visites a adoberies i a castells, projeccions de v\u00eddeo sobre fa\u00e7ana, performances d&#8217;improvisaci\u00f3 multidisciplin\u00e0ries, ballades de swing, exposici\u00f3 de peces en aparadors de botigues o sessions d&#8217;il\u00b7lusionisme. El programa complet es pot consultar al web patrimoni.gencat.cat\/museusdelleida.<\/p>\n<p>En el decurs de la presentaci\u00f3 del programa d&#8217;activitats, celebrada aquest migdia a l\u2019esgl\u00e9sia de Vilac, la presidenta de la Xarxa, <strong>Carme Berg\u00e9s<\/strong>, ha explicat que els 3 objectius b\u00e0sics de l\u2019ens s\u00f3n connectar aquests equipaments culturals amb el territori, en segon lloc \u201censenyar el patrimoni que custodiem d\u2019una manera diferent, m\u00e9s atrevida i informal, a fi de captar m\u00e9s p\u00fablic, b\u00e0sicament jove\u201d i per \u00faltim potenciar els contactes entre museus \u201cper enfortir-nos com a Xarxa\u201d.<\/p>\n<p>L\u2019acte ha estat presidit pel s\u00edndic d\u2019Aran, <strong>Carlos Barrera<\/strong>, qui ha incidit en la import\u00e0ncia del suport de les institucions en el manteniment i en la promoci\u00f3 dels museus, en la l\u00ednia de l\u2019actuaci\u00f3 que ve desenvolupant el <strong>Conselh Generau d\u2019Aran<\/strong>.<\/p>\n<p><strong>La &#8220;Pe\u00e7a Misteriosa&#8221;<\/strong><\/p>\n<p>Una de les novetats de la campanya promocional del DIM d&#8217;enguany \u00e9s el joc virtual \u201cLa Pe\u00e7a Misteriosa\u201d, un enigma adre\u00e7at als usuaris de les xarxes socials dels onze museus que formen part de la xarxa sota el hashtag #DIMisteri2018. En aquest joc ludicocultural cada museu ha publicat missatges a les xarxes \u201cinformant\u201d sobre l\u2019aparici\u00f3 a les seves sales d\u2019una \u201dpe\u00e7a misteriosa\u201d que pertany a un altre museu de la xarxa. A partir d\u2019aqu\u00ed, els usuaris havien d\u2019endevinar de quina pe\u00e7a es tracta, de quina \u00e8poca \u00e9s i a quin museu pertany realment.<\/p>\n<p>A prop\u00f2sit d&#8217;aquest joc virtual cal recordar que precisament el lema d&#8217;enguany, \u201cMuseus hiperconnectats: nous enfocaments, nous p\u00fablics\u201d, incideix en el fet que les noves tecnologies permeten als museus arribar m\u00e9s enll\u00e0 del seu p\u00fablic habitual per mitj\u00e0 d\u2019una cosa tan senzilla com \u00e9s un hashtag, i al mateix temps presentar les seves col\u00b7leccions d\u2019una manera diferent i totalment innovadora, atraient aix\u00ed audi\u00e8ncies noves i superant les limitacions d\u2019espai i de temps.<\/p>\n<p><strong>Acte simb\u00f2lic a l&#8217;esgl\u00e9sia de Vilac<\/strong><\/p>\n<p>Els representants dels museus de la xarxa han aprofitat la presentaci\u00f3 del programa d&#8217;activitats del DIM per desenvolupar un acte simb\u00f2lic al\u00b7lusiu al concepte que presideix la celebraci\u00f3 d&#8217;enguany, la &#8220;hiperconnexi\u00f3&#8221; entre museus. En un escenari format per onze columnes de pedra del temple de Vilac on hi figuraven els s\u00edmbols i els noms dels onze centres i que estaven enlla\u00e7ats amb cordes, els seus directors i directores han penjat una fotografia de la &#8220;pe\u00e7a misteriosa&#8221; del seu museu.<\/p>\n<p>Els museus que formen part de la Xarxa de Museus de les Terres de Lleida i Aran s\u00f3n l\u2019Ecomuseu de les Valls d&#8217;\u00c0neu (Esterri d&#8217;\u00c0neu), el Museu Comarcal de Cervera (Cervera), el Museu Comarcal de l&#8217;Urgell (T\u00e0rrega), el Museu d&#8217;Isona i la Conca Dell\u00e0 (Isona), el Museu d&#8217;Art Jaume Morera (Lleida), el Museu de la Noguera (Balaguer), el Museu de Lleida (Lleida), el Mus\u00e8u dera Val d&#8217;Aran (Vielha), el Museu Dioces\u00e0 d&#8217;Urgell (la Seu d&#8217;Urgell), el Museu Dioces\u00e0 i Comarcal de Solsona (Solsona) i el Museu de Guissona (Guissona).<\/p>\n<p><a href=\"http:\/\/www.conselharan.org\/wp-content\/uploads\/2018\/05\/Foto-grup-11-Museus-OK.jpg\"><img loading=\"lazy\" decoding=\"async\" class=\"aligncenter size-large wp-image-22289\" src=\"http:\/\/www.conselharan.org\/wp-content\/uploads\/2018\/05\/Foto-grup-11-Museus-OK-1024x768.jpg\" alt=\"\" width=\"1024\" height=\"768\" srcset=\"https:\/\/www.conselharan.org\/wp-content\/uploads\/2018\/05\/Foto-grup-11-Museus-OK-1024x768.jpg 1024w, https:\/\/www.conselharan.org\/wp-content\/uploads\/2018\/05\/Foto-grup-11-Museus-OK-300x225.jpg 300w, https:\/\/www.conselharan.org\/wp-content\/uploads\/2018\/05\/Foto-grup-11-Museus-OK-768x576.jpg 768w\" sizes=\"(max-width: 1024px) 100vw, 1024px\" \/><\/a> <a href=\"http:\/\/www.conselharan.org\/wp-content\/uploads\/2018\/05\/Descoberta-DIMisteri2018-1-OK.jpg\"><img loading=\"lazy\" decoding=\"async\" class=\"aligncenter size-large wp-image-22288\" src=\"http:\/\/www.conselharan.org\/wp-content\/uploads\/2018\/05\/Descoberta-DIMisteri2018-1-OK-1024x768.jpg\" alt=\"\" width=\"1024\" height=\"768\" srcset=\"https:\/\/www.conselharan.org\/wp-content\/uploads\/2018\/05\/Descoberta-DIMisteri2018-1-OK-1024x768.jpg 1024w, https:\/\/www.conselharan.org\/wp-content\/uploads\/2018\/05\/Descoberta-DIMisteri2018-1-OK-300x225.jpg 300w, https:\/\/www.conselharan.org\/wp-content\/uploads\/2018\/05\/Descoberta-DIMisteri2018-1-OK-768x576.jpg 768w\" sizes=\"(max-width: 1024px) 100vw, 1024px\" \/><\/a> <a href=\"http:\/\/www.conselharan.org\/wp-content\/uploads\/2018\/05\/Descoberta-DIMisteri-2018-2-OK.jpg\"><img loading=\"lazy\" decoding=\"async\" class=\"aligncenter size-large wp-image-22287\" src=\"http:\/\/www.conselharan.org\/wp-content\/uploads\/2018\/05\/Descoberta-DIMisteri-2018-2-OK-1024x768.jpg\" alt=\"\" width=\"1024\" height=\"768\" srcset=\"https:\/\/www.conselharan.org\/wp-content\/uploads\/2018\/05\/Descoberta-DIMisteri-2018-2-OK-1024x768.jpg 1024w, https:\/\/www.conselharan.org\/wp-content\/uploads\/2018\/05\/Descoberta-DIMisteri-2018-2-OK-300x225.jpg 300w, https:\/\/www.conselharan.org\/wp-content\/uploads\/2018\/05\/Descoberta-DIMisteri-2018-2-OK-768x576.jpg 768w\" sizes=\"(max-width: 1024px) 100vw, 1024px\" \/><\/a><\/p>\n ","protected":false},"excerpt":{"rendered":"<p>Vielha, 15 de maig de 2018.- La Xarxa de Museus de les Terres de Lleida i Aran ofereix exposicions, presentacions, xerrades, concerts, tasts de vins, tallers, ballades, visites urbanes i a monuments, il\u00b7lusionisme, performances, projeccions sobre fa\u00e7anes i activitats infantils, entre d\u2019altres, en motiu del Dia Internacional dels Museus. Els onze museus de la xarxa&#8230;<\/p>\n","protected":false},"author":2,"featured_media":22286,"comment_status":"closed","ping_status":"closed","sticky":false,"template":"","format":"standard","meta":{"footnotes":""},"categories":[33],"tags":[],"_links":{"self":[{"href":"https:\/\/www.conselharan.org\/ca\/wp-json\/wp\/v2\/posts\/22293"}],"collection":[{"href":"https:\/\/www.conselharan.org\/ca\/wp-json\/wp\/v2\/posts"}],"about":[{"href":"https:\/\/www.conselharan.org\/ca\/wp-json\/wp\/v2\/types\/post"}],"author":[{"embeddable":true,"href":"https:\/\/www.conselharan.org\/ca\/wp-json\/wp\/v2\/users\/2"}],"replies":[{"embeddable":true,"href":"https:\/\/www.conselharan.org\/ca\/wp-json\/wp\/v2\/comments?post=22293"}],"version-history":[{"count":1,"href":"https:\/\/www.conselharan.org\/ca\/wp-json\/wp\/v2\/posts\/22293\/revisions"}],"predecessor-version":[{"id":22294,"href":"https:\/\/www.conselharan.org\/ca\/wp-json\/wp\/v2\/posts\/22293\/revisions\/22294"}],"wp:featuredmedia":[{"embeddable":true,"href":"https:\/\/www.conselharan.org\/ca\/wp-json\/wp\/v2\/media\/22286"}],"wp:attachment":[{"href":"https:\/\/www.conselharan.org\/ca\/wp-json\/wp\/v2\/media?parent=22293"}],"wp:term":[{"taxonomy":"category","embeddable":true,"href":"https:\/\/www.conselharan.org\/ca\/wp-json\/wp\/v2\/categories?post=22293"},{"taxonomy":"post_tag","embeddable":true,"href":"https:\/\/www.conselharan.org\/ca\/wp-json\/wp\/v2\/tags?post=22293"}],"curies":[{"name":"wp","href":"https:\/\/api.w.org\/{rel}","templated":true}]}}