{"id":22318,"date":"2018-05-16T15:13:31","date_gmt":"2018-05-16T13:13:31","guid":{"rendered":"http:\/\/www.conselharan.org\/?p=22318"},"modified":"2018-05-16T15:14:04","modified_gmt":"2018-05-16T13:14:04","slug":"el-govern-del-conselh-generau-daran-es-reuneix-per-valorar-lesllavissada-a-la-ribera-de-valarties","status":"publish","type":"post","link":"https:\/\/www.conselharan.org\/ca\/el-govern-del-conselh-generau-daran-es-reuneix-per-valorar-lesllavissada-a-la-ribera-de-valarties\/","title":{"rendered":"El Gov\u00e8rn del Conselh Generau d\u2019Aran es reuneix per valorar l\u2019esllavissada a la ribera de Valarties"},"content":{"rendered":"<p><a href=\"http:\/\/www.conselharan.org\/eth-govern-deth-conselh-generau-daran-samasse-enta-avalorar-er-esbaucament-ena-ribera-de-valarties\/dsc_0005-2\/\" rel=\"attachment wp-att-22315\"><img loading=\"lazy\" decoding=\"async\" class=\"aligncenter size-large wp-image-22315\" src=\"http:\/\/www.conselharan.org\/wp-content\/uploads\/2018\/05\/DSC_0005-1024x685.jpg\" alt=\"\" width=\"1024\" height=\"685\" srcset=\"https:\/\/www.conselharan.org\/wp-content\/uploads\/2018\/05\/DSC_0005-1024x685.jpg 1024w, https:\/\/www.conselharan.org\/wp-content\/uploads\/2018\/05\/DSC_0005-300x201.jpg 300w, https:\/\/www.conselharan.org\/wp-content\/uploads\/2018\/05\/DSC_0005-768x514.jpg 768w\" sizes=\"(max-width: 1024px) 100vw, 1024px\" \/><\/a><\/p>\n<p>&nbsp;<\/p>\n<p>El s\u00edndic d\u2019Aran, <strong>Carlos Barrera<\/strong>, s\u2019ha reunit amb l&#8217;<strong>equip de Gov\u00e8rn del Conselh Generau d\u2019Aran<\/strong> i amb el ge\u00f2leg del Conselh Generau d\u2019Aran, <strong>Jordi Gavald\u00e0,<\/strong> per parlar sobre l&#8217;estat de la pista de la ribera de Valarties despr\u00e9s de l&#8217;esllavissada del passat dissabte, 12 de maig.<\/p>\n<p>La pista ja es va obrir el dilluns, 13 de maig, gr\u00e0cies a la intervenci\u00f3 conjunta del Conselh Generau d\u2019Aran i l&#8217;<strong>Ajuntament de Naut Aran<\/strong>.<\/p>\n<p>En un punt de l&#8217;esllavissada hi havia una l\u00ednia el\u00e8ctrica de mitja tensi\u00f3 que Endesa va deixar fora de servei per garantir la seguretat de les persones que es trobaven treballant amb m\u00e0quines. La rapidesa per poder obrir el tram de la pista de Valarties afectada es deu tamb\u00e9 a la predisposici\u00f3 de l&#8217;empresa <strong>Hormaran<\/strong>.<\/p>\n<p>Els dip\u00f2sits d\u2019aigua potable no han patit cap desperfecte estructural i es garanteix aix\u00ed el servei d\u2019aigua potable en el poble d\u2019Arties.<\/p>\n<p>El s\u00edndic d\u2019Aran, <strong>Carlos Barrera<\/strong>, ha explicat que s\u2019ha demanat a l&#8217;<strong>Institut Cartogr\u00e0fic i Geol\u00f2gic de Catalunya<\/strong> un estudi per aclarir les causes de l&#8217;esllavissada.<\/p>\n<p>A la <em><strong>Confederaci\u00f3n Hidrogr\u00e1fica del Ebro<\/strong><\/em> s\u2019ha sol\u2022licitat que determini novament la limitaci\u00f3 del riu Valarties i aix\u00ed facilitar als propietaris de les finques afectades la recuperaci\u00f3 dels mateixos.<\/p>\n<p>A <strong>ENDESA<\/strong> s\u2019ha demanat fer un recorregut per l&#8217;interior del canal juntament amb les ge\u00f2legs del Conselh Generau d\u2019Aran i de l&#8217;Institut Cartogr\u00e0fic i Geol\u00f2gic de Catalunya per constatar l&#8217;estat del canal i poder completar l&#8217;an\u00e0lisi integral de la configuraci\u00f3 de la muntanya.<\/p>\n<p>&nbsp;<\/p>\n<p>&nbsp;<\/p>\n<p>&nbsp;<\/p>\n<p>Vielha, 16 de maig de 2018<\/p>\n<p>&nbsp;<\/p>\n<p><em>Conselh Generau d&#8217;Aran: N\u00faria Sanjuan<\/em><\/p>\n ","protected":false},"excerpt":{"rendered":"<p>&nbsp; El s\u00edndic d\u2019Aran, Carlos Barrera, s\u2019ha reunit amb l&#8217;equip de Gov\u00e8rn del Conselh Generau d\u2019Aran i amb el ge\u00f2leg del Conselh Generau d\u2019Aran, Jordi Gavald\u00e0, per parlar sobre l&#8217;estat de la pista de la ribera de Valarties despr\u00e9s de l&#8217;esllavissada del passat dissabte, 12 de maig. La pista ja es va obrir el dilluns,&#8230;<\/p>\n","protected":false},"author":2,"featured_media":22315,"comment_status":"closed","ping_status":"closed","sticky":false,"template":"","format":"standard","meta":{"footnotes":""},"categories":[53,127,36],"tags":[],"_links":{"self":[{"href":"https:\/\/www.conselharan.org\/ca\/wp-json\/wp\/v2\/posts\/22318"}],"collection":[{"href":"https:\/\/www.conselharan.org\/ca\/wp-json\/wp\/v2\/posts"}],"about":[{"href":"https:\/\/www.conselharan.org\/ca\/wp-json\/wp\/v2\/types\/post"}],"author":[{"embeddable":true,"href":"https:\/\/www.conselharan.org\/ca\/wp-json\/wp\/v2\/users\/2"}],"replies":[{"embeddable":true,"href":"https:\/\/www.conselharan.org\/ca\/wp-json\/wp\/v2\/comments?post=22318"}],"version-history":[{"count":1,"href":"https:\/\/www.conselharan.org\/ca\/wp-json\/wp\/v2\/posts\/22318\/revisions"}],"predecessor-version":[{"id":22319,"href":"https:\/\/www.conselharan.org\/ca\/wp-json\/wp\/v2\/posts\/22318\/revisions\/22319"}],"wp:featuredmedia":[{"embeddable":true,"href":"https:\/\/www.conselharan.org\/ca\/wp-json\/wp\/v2\/media\/22315"}],"wp:attachment":[{"href":"https:\/\/www.conselharan.org\/ca\/wp-json\/wp\/v2\/media?parent=22318"}],"wp:term":[{"taxonomy":"category","embeddable":true,"href":"https:\/\/www.conselharan.org\/ca\/wp-json\/wp\/v2\/categories?post=22318"},{"taxonomy":"post_tag","embeddable":true,"href":"https:\/\/www.conselharan.org\/ca\/wp-json\/wp\/v2\/tags?post=22318"}],"curies":[{"name":"wp","href":"https:\/\/api.w.org\/{rel}","templated":true}]}}