{"id":22514,"date":"2018-05-30T14:26:16","date_gmt":"2018-05-30T12:26:16","guid":{"rendered":"http:\/\/www.conselharan.org\/?p=22514"},"modified":"2018-05-30T14:26:16","modified_gmt":"2018-05-30T12:26:16","slug":"definida-la-nova-ruta-del-cami-de-sant-jaume-aran-pirineus-que-uneix-saint-bertrand-de-commenges-fins-a-berbegal-osca","status":"publish","type":"post","link":"https:\/\/www.conselharan.org\/ca\/definida-la-nova-ruta-del-cami-de-sant-jaume-aran-pirineus-que-uneix-saint-bertrand-de-commenges-fins-a-berbegal-osca\/","title":{"rendered":"Definida la nova ruta del Cam\u00ed de Sant Jaume \u201cAran-Pirin\u00e8us\u201d que uneix Saint Bertrand de Commenges fins a Berbegal (Osca)"},"content":{"rendered":"<p><strong>El tra\u00e7at des de Saint Bertrand de Commenges fins a Berbegal (Osca) s\u2019unir\u00e0 amb el tram ja finalitzat i comercialitzat a la zona de Somontano i que enlla\u00e7a amb diverses variants de la ruta, entre elles la catalana.<\/strong><\/p>\n<p><strong>La senyalitzaci\u00f3 ser\u00e0 amb la vieira groga sobre fons blau i la fletxa groga a la part superior del nom \u201cAran- Pirin\u00e8us\u201d i a la part inferior el nom de la zona per on transcorre el tram.<\/strong><\/p>\n<p>&nbsp;<\/p>\n<p><a href=\"http:\/\/www.conselharan.org\/definida-era-naua-rota-deth-camin-de-sant-jaume-aran-pirineus-que-junh-saint-bertrand-de-commenges-enquia-berbegal-osca\/dsc_0038-3\/\" rel=\"attachment wp-att-22510\"><img loading=\"lazy\" decoding=\"async\" class=\"aligncenter size-large wp-image-22510\" src=\"http:\/\/www.conselharan.org\/wp-content\/uploads\/2018\/05\/DSC_0038-1024x651.jpg\" alt=\"\" width=\"1024\" height=\"651\" srcset=\"https:\/\/www.conselharan.org\/wp-content\/uploads\/2018\/05\/DSC_0038-1024x651.jpg 1024w, https:\/\/www.conselharan.org\/wp-content\/uploads\/2018\/05\/DSC_0038-300x191.jpg 300w, https:\/\/www.conselharan.org\/wp-content\/uploads\/2018\/05\/DSC_0038-768x488.jpg 768w\" sizes=\"(max-width: 1024px) 100vw, 1024px\" \/><\/a><\/p>\n<p>&nbsp;<\/p>\n<p>El Conselh Generau d\u2019Aran ha acollit una nova reuni\u00f3 de treball per desenvolupar la nova ruta del Cam\u00ed de Sant Jaume que uneix Saint Bertrand de Comminges i Berbegal a Osca, i que t\u00e9 una part important del seu recorregut a la Val d&#8217;Aran.<\/p>\n<p>&nbsp;<\/p>\n<p><a href=\"http:\/\/www.conselharan.org\/definida-era-naua-rota-deth-camin-de-sant-jaume-aran-pirineus-que-junh-saint-bertrand-de-commenges-enquia-berbegal-osca\/dsc_0030-2\/\" rel=\"attachment wp-att-22509\"><img loading=\"lazy\" decoding=\"async\" class=\"aligncenter size-large wp-image-22509\" src=\"http:\/\/www.conselharan.org\/wp-content\/uploads\/2018\/05\/DSC_0030-1024x531.jpg\" alt=\"\" width=\"1024\" height=\"531\" srcset=\"https:\/\/www.conselharan.org\/wp-content\/uploads\/2018\/05\/DSC_0030-1024x531.jpg 1024w, https:\/\/www.conselharan.org\/wp-content\/uploads\/2018\/05\/DSC_0030-300x156.jpg 300w, https:\/\/www.conselharan.org\/wp-content\/uploads\/2018\/05\/DSC_0030-768x398.jpg 768w\" sizes=\"(max-width: 1024px) 100vw, 1024px\" \/><\/a><\/p>\n<p>&nbsp;<\/p>\n<p>La reuni\u00f3 ha estat presidida pel conselh\u00e8r de Territori d\u2019Aran, <strong>Jose A. Boya<\/strong>, i ha comptat amb la pres\u00e8ncia del president del Consell Comarcal de l\u2019Alta Ribagor\u00e7a, <strong>Josep Llu\u00eds Farrero<\/strong>, la presidenta de la Comarca de la Ribagor\u00e7a, <strong>Lourdes Pena<\/strong>, el president de la Communant\u00e9 de Comunnunes des Pyr\u00e9n\u00e9es Haut-Garonnaises, <strong>Alain Castel,<\/strong> el vicepresident du Pays Comminges Pyr\u00e9n\u00e9esi, <strong>Jo\u00ebl Gros<\/strong>, la diputada de Desenvolupament, Territori i Medi Natural,<strong> Maria Isabel de Pablo<\/strong>, l\u2019alcalde d\u2019Is\u00e1bena, <strong>Joaquin Montanuy<\/strong>, l\u2019alcaldessa de Montanuy, <strong>Esther Cerezo,<\/strong> l\u2019alcaldessa de Vilaller, <strong>M\u00aa Jos\u00e9 Erta<\/strong>, l\u2019alcalde de Berbegal, <strong>Jos\u00e9 Carlos Boned<\/strong>, la t\u00e8cnic de Patrimoni de la Comarca Somontano de Barbastro, <strong>M\u00aa Nieves Juste<\/strong>, el t\u00e8cnic del Conselh Generau d\u2019Aran,<strong> Jordi Gavald\u00e0<\/strong> i els agents t\u00e8cnics de la Communant\u00e9 de Comunnunes des Pyr\u00e9n\u00e9es Haut-Garonnaises, <strong>Assumpta Guixot <\/strong>i<strong> Philippe Dulon<\/strong>.<\/p>\n<p>&nbsp;<\/p>\n<p><a href=\"http:\/\/www.conselharan.org\/definida-era-naua-rota-deth-camin-de-sant-jaume-aran-pirineus-que-junh-saint-bertrand-de-commenges-enquia-berbegal-osca\/aran-pirineus\/\" rel=\"attachment wp-att-22511\"><img loading=\"lazy\" decoding=\"async\" class=\"aligncenter size-large wp-image-22511\" src=\"http:\/\/www.conselharan.org\/wp-content\/uploads\/2018\/05\/Aran-Pirineus-724x1024.jpg\" alt=\"\" width=\"724\" height=\"1024\" srcset=\"https:\/\/www.conselharan.org\/wp-content\/uploads\/2018\/05\/Aran-Pirineus-724x1024.jpg 724w, https:\/\/www.conselharan.org\/wp-content\/uploads\/2018\/05\/Aran-Pirineus-212x300.jpg 212w, https:\/\/www.conselharan.org\/wp-content\/uploads\/2018\/05\/Aran-Pirineus-768x1086.jpg 768w, https:\/\/www.conselharan.org\/wp-content\/uploads\/2018\/05\/Aran-Pirineus.jpg 1240w\" sizes=\"(max-width: 724px) 100vw, 724px\" \/><\/a><\/p>\n<p>&nbsp;<\/p>\n<p>Aquest nou producte d\u2019impacte tur\u00edstic i econ\u00f2mic que englobar\u00e0 diversos territoris: Fran\u00e7a, la Val d\u2019Aran, Alta Ribagor\u00e7a i la Ribagorza aragonesa es coneixer\u00e0 com: \u201c<strong>Aran- Pirin\u00e8us<\/strong>\u201d. A la reuni\u00f3 s\u2019ha acordat utilitzar la senyalitzaci\u00f3 de la vieira groga sobre fons blau i la fletxa groga a la part superior del nom \u201cAran- Pirin\u00e8us\u201d i a la part inferior el nom de la zona per on transcorre el tram. La senyalitzaci\u00f3 es far\u00e0 a trav\u00e9s dels serveis t\u00e8cnics del Conselh Generau d\u2019Aran.<\/p>\n<p>A la reuni\u00f3 tamb\u00e9 s\u2019ha definit el tra\u00e7at des de Saint Bertrand de Commenges fins a Berbegal (Osca), on s\u2019unir\u00e0 amb el tram ja finalitzat i comercialitzat a la zona de Somontano i que enlla\u00e7a amb diverses variants de la ruta, entre elles la catalana.<\/p>\n<p>Tamb\u00e9 s\u2019ha contemplat la idea de crear una web tur\u00edstica per potenciar la ruta.<\/p>\n<p>La propera reuni\u00f3 de treball ser\u00e0 al mes de setembre.<\/p>\n<p>&nbsp;<\/p>\n<p>&nbsp;<\/p>\n<p>&nbsp;<\/p>\n<p>Vielha, 30 de maig de 2018<\/p>\n<p>&nbsp;<\/p>\n<p><em>Conselh Generau d&#8217;Aran: N\u00faria Sanjuan<\/em><\/p>\n ","protected":false},"excerpt":{"rendered":"<p>El tra\u00e7at des de Saint Bertrand de Commenges fins a Berbegal (Osca) s\u2019unir\u00e0 amb el tram ja finalitzat i comercialitzat a la zona de Somontano i que enlla\u00e7a amb diverses variants de la ruta, entre elles la catalana. La senyalitzaci\u00f3 ser\u00e0 amb la vieira groga sobre fons blau i la fletxa groga a la part&#8230;<\/p>\n","protected":false},"author":2,"featured_media":22510,"comment_status":"closed","ping_status":"closed","sticky":false,"template":"","format":"standard","meta":{"footnotes":""},"categories":[53,36,139],"tags":[],"_links":{"self":[{"href":"https:\/\/www.conselharan.org\/ca\/wp-json\/wp\/v2\/posts\/22514"}],"collection":[{"href":"https:\/\/www.conselharan.org\/ca\/wp-json\/wp\/v2\/posts"}],"about":[{"href":"https:\/\/www.conselharan.org\/ca\/wp-json\/wp\/v2\/types\/post"}],"author":[{"embeddable":true,"href":"https:\/\/www.conselharan.org\/ca\/wp-json\/wp\/v2\/users\/2"}],"replies":[{"embeddable":true,"href":"https:\/\/www.conselharan.org\/ca\/wp-json\/wp\/v2\/comments?post=22514"}],"version-history":[{"count":1,"href":"https:\/\/www.conselharan.org\/ca\/wp-json\/wp\/v2\/posts\/22514\/revisions"}],"predecessor-version":[{"id":22515,"href":"https:\/\/www.conselharan.org\/ca\/wp-json\/wp\/v2\/posts\/22514\/revisions\/22515"}],"wp:featuredmedia":[{"embeddable":true,"href":"https:\/\/www.conselharan.org\/ca\/wp-json\/wp\/v2\/media\/22510"}],"wp:attachment":[{"href":"https:\/\/www.conselharan.org\/ca\/wp-json\/wp\/v2\/media?parent=22514"}],"wp:term":[{"taxonomy":"category","embeddable":true,"href":"https:\/\/www.conselharan.org\/ca\/wp-json\/wp\/v2\/categories?post=22514"},{"taxonomy":"post_tag","embeddable":true,"href":"https:\/\/www.conselharan.org\/ca\/wp-json\/wp\/v2\/tags?post=22514"}],"curies":[{"name":"wp","href":"https:\/\/api.w.org\/{rel}","templated":true}]}}