{"id":22553,"date":"2018-06-01T09:53:08","date_gmt":"2018-06-01T07:53:08","guid":{"rendered":"http:\/\/www.conselharan.org\/?p=22553"},"modified":"2018-06-01T09:53:08","modified_gmt":"2018-06-01T07:53:08","slug":"cei-val-daran-proposa-una-nova-capsula-per-convertir-la-passio-en-professio","status":"publish","type":"post","link":"https:\/\/www.conselharan.org\/ca\/cei-val-daran-proposa-una-nova-capsula-per-convertir-la-passio-en-professio\/","title":{"rendered":"CEI Val d\u2019Aran proposa una nova c\u00e0psula per convertir la passi\u00f3 en professi\u00f3"},"content":{"rendered":"<p>Vielha, 1 de juny de 2018.- <strong>\u201cConnecta amb la teva passi\u00f3 i converteix-la en la teva professi\u00f3\u201d<\/strong>. Aquesta \u00e9s la nova c\u00e0psula del CEI Val d\u2019Aran, que tindr\u00e0 lloc el proper divendres dia <strong>8 de juny de 10:00 a 14:00 hores.<\/strong> La c\u00e0psula formativa ser\u00e0 impartida per <strong>Ana Campos Tom\u00e1s<\/strong>, Diplomada en Ci\u00e8ncies Empresarials i Relacions Laborals, i M\u00e0ster en Direcci\u00f3 de Recursos Humans.<\/p>\n<p>La c\u00e0psula formativa es planteja en un entorn reflexiu en el qual els participants puguin prendre consci\u00e8ncia de les seves habilitats.<\/p>\n<p>Les c\u00e0psules formatives s\u2019imparteixen al mateix CEI Val d\u2019Aran de Casau, Pla\u00e7a Naua, 1, i estan organitzades pel CEI Val d\u2019Aran i el Conselh Generau d\u2019Aran en col\u00b7laboraci\u00f3 amb la Diputaci\u00f3 de Lleida i GlobaLleida, amb el suport del Departament d\u2019Empresa i Ocupaci\u00f3 de la Generalitat de Catalunya, Catalunya Empr\u00e8n i el Fons Social Europeu.<\/p>\n<p>Les inscripcions per a participar en aquesta nova c\u00e0psula formativa es poden formalitzar a www.ceivaldaran.org o a l\u2019enlla\u00e7 corresponent del web del Conselh Generau d\u2019Aran www.aran.org, i tamb\u00e9 trucant al Telf. 973 64 18 01.<\/p>\n<p>Les c\u00e0psules del CEI Val d\u2019Aran s\u00f3n gratu\u00eftes i s\u2019adrecen a totes les persones o empreses interessades a ampliar la seva formaci\u00f3. Totes les persones inscrites hauran de portar el DNI, NIE o fotoc\u00f2pia del document.<\/p>\n<p>&nbsp;<\/p>\n<p><a href=\"http:\/\/www.conselharan.org\/wp-content\/uploads\/2018\/06\/Cartel-8de-Junh-001.jpg\"><img loading=\"lazy\" decoding=\"async\" class=\"aligncenter size-large wp-image-22549\" src=\"http:\/\/www.conselharan.org\/wp-content\/uploads\/2018\/06\/Cartel-8de-Junh-001-725x1024.jpg\" alt=\"\" width=\"725\" height=\"1024\" srcset=\"https:\/\/www.conselharan.org\/wp-content\/uploads\/2018\/06\/Cartel-8de-Junh-001-725x1024.jpg 725w, https:\/\/www.conselharan.org\/wp-content\/uploads\/2018\/06\/Cartel-8de-Junh-001-212x300.jpg 212w, https:\/\/www.conselharan.org\/wp-content\/uploads\/2018\/06\/Cartel-8de-Junh-001-768x1085.jpg 768w, https:\/\/www.conselharan.org\/wp-content\/uploads\/2018\/06\/Cartel-8de-Junh-001.jpg 1192w\" sizes=\"(max-width: 725px) 100vw, 725px\" \/><\/a><\/p>\n ","protected":false},"excerpt":{"rendered":"<p>Vielha, 1 de juny de 2018.- \u201cConnecta amb la teva passi\u00f3 i converteix-la en la teva professi\u00f3\u201d. Aquesta \u00e9s la nova c\u00e0psula del CEI Val d\u2019Aran, que tindr\u00e0 lloc el proper divendres dia 8 de juny de 10:00 a 14:00 hores. La c\u00e0psula formativa ser\u00e0 impartida per Ana Campos Tom\u00e1s, Diplomada en Ci\u00e8ncies Empresarials i&#8230;<\/p>\n","protected":false},"author":2,"featured_media":22549,"comment_status":"closed","ping_status":"closed","sticky":false,"template":"","format":"standard","meta":{"footnotes":""},"categories":[33],"tags":[],"_links":{"self":[{"href":"https:\/\/www.conselharan.org\/ca\/wp-json\/wp\/v2\/posts\/22553"}],"collection":[{"href":"https:\/\/www.conselharan.org\/ca\/wp-json\/wp\/v2\/posts"}],"about":[{"href":"https:\/\/www.conselharan.org\/ca\/wp-json\/wp\/v2\/types\/post"}],"author":[{"embeddable":true,"href":"https:\/\/www.conselharan.org\/ca\/wp-json\/wp\/v2\/users\/2"}],"replies":[{"embeddable":true,"href":"https:\/\/www.conselharan.org\/ca\/wp-json\/wp\/v2\/comments?post=22553"}],"version-history":[{"count":1,"href":"https:\/\/www.conselharan.org\/ca\/wp-json\/wp\/v2\/posts\/22553\/revisions"}],"predecessor-version":[{"id":22554,"href":"https:\/\/www.conselharan.org\/ca\/wp-json\/wp\/v2\/posts\/22553\/revisions\/22554"}],"wp:featuredmedia":[{"embeddable":true,"href":"https:\/\/www.conselharan.org\/ca\/wp-json\/wp\/v2\/media\/22549"}],"wp:attachment":[{"href":"https:\/\/www.conselharan.org\/ca\/wp-json\/wp\/v2\/media?parent=22553"}],"wp:term":[{"taxonomy":"category","embeddable":true,"href":"https:\/\/www.conselharan.org\/ca\/wp-json\/wp\/v2\/categories?post=22553"},{"taxonomy":"post_tag","embeddable":true,"href":"https:\/\/www.conselharan.org\/ca\/wp-json\/wp\/v2\/tags?post=22553"}],"curies":[{"name":"wp","href":"https:\/\/api.w.org\/{rel}","templated":true}]}}