{"id":22570,"date":"2018-06-01T13:59:17","date_gmt":"2018-06-01T11:59:17","guid":{"rendered":"http:\/\/www.conselharan.org\/?p=22570"},"modified":"2018-06-01T13:59:17","modified_gmt":"2018-06-01T11:59:17","slug":"el-pla-local-de-joenessa-avanca-amb-una-jornada-de-dinamiques-de-grup","status":"publish","type":"post","link":"https:\/\/www.conselharan.org\/ca\/el-pla-local-de-joenessa-avanca-amb-una-jornada-de-dinamiques-de-grup\/","title":{"rendered":"El Pla Local de Joenessa avan\u00e7a amb una jornada de din\u00e0miques de grup"},"content":{"rendered":"<p>Vielha, 1 de juny de 2018.- T\u00e8cnics de Joventut de la Generalitat de Catalunya i de l\u2019Oficina de Joenessa del Conselh Generau d\u2019Aran han organitzat una jornada de din\u00e0miques de grup per avan\u00e7ar en l\u2019elaboraci\u00f3 del Pla Local de Joventut de l\u2019Ajuntament de Vielha e Mijaran.<\/p>\n<p><a href=\"http:\/\/www.conselharan.org\/wp-content\/uploads\/2018\/06\/180601_PlaLocauJoenessa.jpg\"><img loading=\"lazy\" decoding=\"async\" class=\"aligncenter size-large wp-image-22566\" src=\"http:\/\/www.conselharan.org\/wp-content\/uploads\/2018\/06\/180601_PlaLocauJoenessa-1024x564.jpg\" alt=\"\" width=\"1024\" height=\"564\" srcset=\"https:\/\/www.conselharan.org\/wp-content\/uploads\/2018\/06\/180601_PlaLocauJoenessa-1024x564.jpg 1024w, https:\/\/www.conselharan.org\/wp-content\/uploads\/2018\/06\/180601_PlaLocauJoenessa-300x165.jpg 300w, https:\/\/www.conselharan.org\/wp-content\/uploads\/2018\/06\/180601_PlaLocauJoenessa-768x423.jpg 768w\" sizes=\"(max-width: 1024px) 100vw, 1024px\" \/><\/a><\/p>\n<p>En la jornada han comptat amb la participaci\u00f3 d\u2019una vintena de joves de diverses associacions de Vielha e Mijaran com el Club d\u2019Esp\u00f2rts de G\u00e8u Val d\u2019Aran (CEGVA), l&#8217;Associaci\u00f3 Esportiva del INS d\u2019Aran i el Centre Juvenil i Esplai Aran-Thal.<\/p>\n<p>La Jornada l\u2019han realitzat els t\u00e8cnics de joventut de la coordinaci\u00f3 territorial de Lleida i la t\u00e8cnica de l&#8217;Oficina de Joenessa de la Val d\u2019Aran, Estefania Revilla, per con\u00e8ixer quines s\u00f3n les necessitats que tenen els m\u00e9s joves i poder oferir-los un Pla Local de Joventut que contempli una oferta d\u2019accions a l&#8217;al\u00e7ada de les seves inquietuds.<\/p>\n<p>El Pla Local de Joventut, que neix d\u2019un conveni de col\u00b7laboraci\u00f3 signat entre el Conselh Generau d\u2019Aran i l\u2019Ajuntament de Vielha e Mijaran, en el qual compartiran la figura de la t\u00e8cnica de joventut per dur-lo a terme, \u00e9s previst que estigui acabat aquest estiu. El Pla que tindr\u00e0 una vig\u00e8ncia de 3 anys, fins al 2021, inclour\u00e0 tamb\u00e9 els criteris de gesti\u00f3 del Centre Jove de Vielha que \u00e9s previst que entri en funcionament a final d\u2019aquest any 2018.<\/p>\n ","protected":false},"excerpt":{"rendered":"<p>Vielha, 1 de juny de 2018.- T\u00e8cnics de Joventut de la Generalitat de Catalunya i de l\u2019Oficina de Joenessa del Conselh Generau d\u2019Aran han organitzat una jornada de din\u00e0miques de grup per avan\u00e7ar en l\u2019elaboraci\u00f3 del Pla Local de Joventut de l\u2019Ajuntament de Vielha e Mijaran. En la jornada han comptat amb la participaci\u00f3 d\u2019una&#8230;<\/p>\n","protected":false},"author":2,"featured_media":22566,"comment_status":"closed","ping_status":"closed","sticky":false,"template":"","format":"standard","meta":{"footnotes":""},"categories":[33],"tags":[],"_links":{"self":[{"href":"https:\/\/www.conselharan.org\/ca\/wp-json\/wp\/v2\/posts\/22570"}],"collection":[{"href":"https:\/\/www.conselharan.org\/ca\/wp-json\/wp\/v2\/posts"}],"about":[{"href":"https:\/\/www.conselharan.org\/ca\/wp-json\/wp\/v2\/types\/post"}],"author":[{"embeddable":true,"href":"https:\/\/www.conselharan.org\/ca\/wp-json\/wp\/v2\/users\/2"}],"replies":[{"embeddable":true,"href":"https:\/\/www.conselharan.org\/ca\/wp-json\/wp\/v2\/comments?post=22570"}],"version-history":[{"count":1,"href":"https:\/\/www.conselharan.org\/ca\/wp-json\/wp\/v2\/posts\/22570\/revisions"}],"predecessor-version":[{"id":22571,"href":"https:\/\/www.conselharan.org\/ca\/wp-json\/wp\/v2\/posts\/22570\/revisions\/22571"}],"wp:featuredmedia":[{"embeddable":true,"href":"https:\/\/www.conselharan.org\/ca\/wp-json\/wp\/v2\/media\/22566"}],"wp:attachment":[{"href":"https:\/\/www.conselharan.org\/ca\/wp-json\/wp\/v2\/media?parent=22570"}],"wp:term":[{"taxonomy":"category","embeddable":true,"href":"https:\/\/www.conselharan.org\/ca\/wp-json\/wp\/v2\/categories?post=22570"},{"taxonomy":"post_tag","embeddable":true,"href":"https:\/\/www.conselharan.org\/ca\/wp-json\/wp\/v2\/tags?post=22570"}],"curies":[{"name":"wp","href":"https:\/\/api.w.org\/{rel}","templated":true}]}}