{"id":22600,"date":"2018-06-04T14:14:20","date_gmt":"2018-06-04T12:14:20","guid":{"rendered":"http:\/\/www.conselharan.org\/?p=22600"},"modified":"2018-06-04T14:14:20","modified_gmt":"2018-06-04T12:14:20","slug":"conveni-de-col%e2%80%a2laboracio-per-la-promocio-del-pla-catala-esport-a-lescola","status":"publish","type":"post","link":"https:\/\/www.conselharan.org\/ca\/conveni-de-col%e2%80%a2laboracio-per-la-promocio-del-pla-catala-esport-a-lescola\/","title":{"rendered":"Conveni de col\u2022laboraci\u00f3 per la promoci\u00f3 del Pla  Catal\u00e0 \u201cEsport a l\u2019escola\u201d"},"content":{"rendered":"<p><strong>El Conselh Generau d\u2019Aran aportar\u00e0 7.500\u20ac destinats a les Associacions Esportives de l&#8217;IES d\u2019Aran, ZER Val d\u2019Aran, Escola Sant R\u00f2c i Guarderia l&#8217;Aud\u00e8th de Boss\u00f2st, CEIP Garona de Vielha i Escola Alejandro Casona de Les, que rebran 1.500\u20ac cadascuna per l&#8217;any 2018.<\/strong><\/p>\n<p>&nbsp;<\/p>\n<p><a href=\"http:\/\/www.conselharan.org\/conveni-de-collaboracion-entara-promocion-deth-plan-catalan-esport-a-lescola\/dsc_0064\/\" rel=\"attachment wp-att-22596\"><img loading=\"lazy\" decoding=\"async\" class=\"aligncenter size-large wp-image-22596\" src=\"http:\/\/www.conselharan.org\/wp-content\/uploads\/2018\/06\/DSC_0064-1024x759.jpg\" alt=\"\" width=\"1024\" height=\"759\" srcset=\"https:\/\/www.conselharan.org\/wp-content\/uploads\/2018\/06\/DSC_0064-1024x759.jpg 1024w, https:\/\/www.conselharan.org\/wp-content\/uploads\/2018\/06\/DSC_0064-300x222.jpg 300w, https:\/\/www.conselharan.org\/wp-content\/uploads\/2018\/06\/DSC_0064-768x569.jpg 768w\" sizes=\"(max-width: 1024px) 100vw, 1024px\" \/><\/a><\/p>\n<p>&nbsp;<\/p>\n<p>El vicesindic d\u2019Aran i conselh\u00e8r d\u2019Esports, <strong>Lu\u00eds Carlos Medina<\/strong>, ha signat avui un conveni de col\u2022laboraci\u00f3 per la promoci\u00f3 del Pla Catal\u00e0 \u201cEsport a l\u2019escola\u201d amb les escoles de la Val d\u2019Aran. A l&#8217;acte han assistit: <strong>Jos\u00e9 Manuel Rodr\u00edguez<\/strong>, director de l&#8217;IES d\u2019Aran, <strong>M\u00f3nica Garrido,<\/strong> presidenta de l&#8217;Associaci\u00f3 Esportiva Escolar ZER Val d\u2019Aran, <strong>Josep Gregorio Vi\u00f1olo<\/strong>, president de la SEE AMPA Escola Sant R\u00f2c i Guarderia Aud\u00e8th de Boss\u00f2st, <strong>Julia P\u00e9rez<\/strong>, presidenta de l&#8217;Associaci\u00f3 Esportiva Escolar del CEIP Garona de Vielha i <strong>Laura Ru\u00edz<\/strong>, presidenta de l&#8217;Associaci\u00f3 Esportiva Escolar AMPA Escola Alejandro Casona de Les.<\/p>\n<p>El Conselh Generau d\u2019Aran aportar\u00e0 7.500\u20ac destinats a aquestes associacions, <strong>rebran 1.500\u20ac cadascuna per l&#8217;any 2018<\/strong>.<\/p>\n<p>&nbsp;<\/p>\n<p><a href=\"http:\/\/www.conselharan.org\/conveni-de-collaboracion-entara-promocion-deth-plan-catalan-esport-a-lescola\/dsc_0053-2\/\" rel=\"attachment wp-att-22597\"><img loading=\"lazy\" decoding=\"async\" class=\"aligncenter size-large wp-image-22597\" src=\"http:\/\/www.conselharan.org\/wp-content\/uploads\/2018\/06\/DSC_0053-1024x460.jpg\" alt=\"\" width=\"1024\" height=\"460\" srcset=\"https:\/\/www.conselharan.org\/wp-content\/uploads\/2018\/06\/DSC_0053-1024x460.jpg 1024w, https:\/\/www.conselharan.org\/wp-content\/uploads\/2018\/06\/DSC_0053-300x135.jpg 300w, https:\/\/www.conselharan.org\/wp-content\/uploads\/2018\/06\/DSC_0053-768x345.jpg 768w\" sizes=\"(max-width: 1024px) 100vw, 1024px\" \/><\/a><\/p>\n<p>&nbsp;<\/p>\n<p>Aix\u00ed, el Conselh Generau d\u2019Aran ajuda a finan\u00e7ar les activitats que afavoreixen la pres\u00e8ncia de l&#8217;esport en la formaci\u00f3 dels nens i nenes d\u2019entre 4 i 18 anys.<\/p>\n<p>Els objectius del Pla Catal\u00e0 \u201cEsport a l\u2019Escola\u201d s\u00f3n, entre d\u2019altres, incrementar la participaci\u00f3 en activitats f\u00edsiques i esportives en horari no lectiu de l&#8217;alumnat dels centres educatius de prim\u00e0ria i de secund\u00e0ria, aprofitant el gran potencial educatiu i formatiu de les activitats f\u00edsiques i esportives, buscant la participaci\u00f3 per damunt de la competitivitat i potenciar la funci\u00f3 integradora i de cohesi\u00f3 social de l&#8217;esport escolar, facilitant l&#8217;acc\u00e9s tots els nens i nenes a la pr\u00e0ctica esportiva escolar.<\/p>\n<p>&nbsp;<\/p>\n<p>&nbsp;<\/p>\n<p>&nbsp;<\/p>\n<p>Vielha, 4 de juny de 2018<\/p>\n<p>&nbsp;<\/p>\n<p><em>Conselh Generau d&#8217;Aran: N\u00faria Sanjuan<\/em><\/p>\n ","protected":false},"excerpt":{"rendered":"<p>El Conselh Generau d\u2019Aran aportar\u00e0 7.500\u20ac destinats a les Associacions Esportives de l&#8217;IES d\u2019Aran, ZER Val d\u2019Aran, Escola Sant R\u00f2c i Guarderia l&#8217;Aud\u00e8th de Boss\u00f2st, CEIP Garona de Vielha i Escola Alejandro Casona de Les, que rebran 1.500\u20ac cadascuna per l&#8217;any 2018. &nbsp; &nbsp; El vicesindic d\u2019Aran i conselh\u00e8r d\u2019Esports, Lu\u00eds Carlos Medina, ha signat&#8230;<\/p>\n","protected":false},"author":2,"featured_media":22596,"comment_status":"closed","ping_status":"closed","sticky":false,"template":"","format":"standard","meta":{"footnotes":""},"categories":[53],"tags":[],"_links":{"self":[{"href":"https:\/\/www.conselharan.org\/ca\/wp-json\/wp\/v2\/posts\/22600"}],"collection":[{"href":"https:\/\/www.conselharan.org\/ca\/wp-json\/wp\/v2\/posts"}],"about":[{"href":"https:\/\/www.conselharan.org\/ca\/wp-json\/wp\/v2\/types\/post"}],"author":[{"embeddable":true,"href":"https:\/\/www.conselharan.org\/ca\/wp-json\/wp\/v2\/users\/2"}],"replies":[{"embeddable":true,"href":"https:\/\/www.conselharan.org\/ca\/wp-json\/wp\/v2\/comments?post=22600"}],"version-history":[{"count":1,"href":"https:\/\/www.conselharan.org\/ca\/wp-json\/wp\/v2\/posts\/22600\/revisions"}],"predecessor-version":[{"id":22601,"href":"https:\/\/www.conselharan.org\/ca\/wp-json\/wp\/v2\/posts\/22600\/revisions\/22601"}],"wp:featuredmedia":[{"embeddable":true,"href":"https:\/\/www.conselharan.org\/ca\/wp-json\/wp\/v2\/media\/22596"}],"wp:attachment":[{"href":"https:\/\/www.conselharan.org\/ca\/wp-json\/wp\/v2\/media?parent=22600"}],"wp:term":[{"taxonomy":"category","embeddable":true,"href":"https:\/\/www.conselharan.org\/ca\/wp-json\/wp\/v2\/categories?post=22600"},{"taxonomy":"post_tag","embeddable":true,"href":"https:\/\/www.conselharan.org\/ca\/wp-json\/wp\/v2\/tags?post=22600"}],"curies":[{"name":"wp","href":"https:\/\/api.w.org\/{rel}","templated":true}]}}