{"id":22639,"date":"2018-06-06T17:31:09","date_gmt":"2018-06-06T15:31:09","guid":{"rendered":"http:\/\/www.conselharan.org\/?p=22639"},"modified":"2018-06-06T17:31:09","modified_gmt":"2018-06-06T15:31:09","slug":"curs-sobre-gestio-dimpostos-al-cei-val-daran","status":"publish","type":"post","link":"https:\/\/www.conselharan.org\/ca\/curs-sobre-gestio-dimpostos-al-cei-val-daran\/","title":{"rendered":"Curs sobre gesti\u00f3 d\u2019impostos al CEI Val d\u2019Aran"},"content":{"rendered":"<p>Vielha, 6 de juny de 2018.- El CEI Val d\u2019Aran organitza una c\u00e0psula formativa gratu\u00efta adre\u00e7ada a treballadors aut\u00f2noms, treballadors per compte d\u2019altri i treballadors en situaci\u00f3 d\u2019atur, per aprendre com gestionar els impostos.<\/p>\n<p><a href=\"http:\/\/www.conselharan.org\/wp-content\/uploads\/2018\/06\/CARTEL-001.jpg\"><img loading=\"lazy\" decoding=\"async\" class=\"aligncenter size-large wp-image-22635\" src=\"http:\/\/www.conselharan.org\/wp-content\/uploads\/2018\/06\/CARTEL-001-724x1024.jpg\" alt=\"\" width=\"724\" height=\"1024\" srcset=\"https:\/\/www.conselharan.org\/wp-content\/uploads\/2018\/06\/CARTEL-001-724x1024.jpg 724w, https:\/\/www.conselharan.org\/wp-content\/uploads\/2018\/06\/CARTEL-001-212x300.jpg 212w, https:\/\/www.conselharan.org\/wp-content\/uploads\/2018\/06\/CARTEL-001-768x1086.jpg 768w, https:\/\/www.conselharan.org\/wp-content\/uploads\/2018\/06\/CARTEL-001.jpg 1191w\" sizes=\"(max-width: 724px) 100vw, 724px\" \/><\/a><\/p>\n<p>El curs te com a objectiu introduir als treballadors en la gesti\u00f3 b\u00e0sica dels impostos, a trav\u00e9s del coneixement de les obligacions fiscals per a comen\u00e7ar l\u2019activitat (alta en l\u2019IAE). Els elements obligatoris de la factura. Llibre de factures emeses i rebudes. Obligacions fiscals: conceptes previs (fet i base imposable, subjecte passiu i quota de l\u2019impost) i IVA (com elaborar les declaracions trimestrals i la declaraci\u00f3 anual). L\u2019IRPF: calcular ingressos i despeses, realitzar la declaraci\u00f3 anual i situacions especials.<\/p>\n<p><strong>El curs tindr\u00e0 lloc a les instal\u00b7lacions del CEI Val d\u2019Aran Pla\u00e7a Naua, 1 de Casau, el dimarts 12 de juny i el dimarts 19 de juny, en sessions de tarda de 16:30 a 20:30 h ambd\u00f3s dies.<\/strong><\/p>\n<p>Les inscripcions es poden realitzar trucant al Telf. +34 973 64 18 01, per correu electr\u00f2nic a <a href=\"mailto:ceivaldaran@aran.org\">ceivaldaran@aran.org<\/a> o mitjan\u00e7ant l\u2019enlla\u00e7 de la web del Conselh Generau d\u2019Aran <a href=\"http:\/\/www.aran.org\">www.aran.org<\/a>.<\/p>\n<p>La documentaci\u00f3 necess\u00e0ria per a la realitzaci\u00f3 del curs \u00e9s:<\/p>\n<p>Aut\u00f2noms:<\/p>\n<p>-C\u00f2pia DNI o NIE<\/p>\n<p>-C\u00f2pia de rebut aut\u00f2nom del mes de l\u2019inici del curs.<\/p>\n<p>-Un document amb el n\u00famero de la Seguretat Social: n\u00f2mina, targeta, contracte, etc.<\/p>\n<p>Treballadors:<\/p>\n<p>-C\u00f2pia DNI o NIE<\/p>\n<p>-C\u00f2pia de N\u00f2mina del mes de l\u2019inici del curs.<\/p>\n<p>-Un document amb el n\u00famero de la Seguretat Social: n\u00f2mina, targeta, contracte, etc.<\/p>\n<p>Aturats:<\/p>\n<p>-C\u00f2pia DNI o NIE.<\/p>\n<p>La c\u00e0psula sobre com aprendre a gestionar els impostos l\u2019organitzen el Conselh Generau d\u2019Aran, la Fundaci\u00f3 Coell i el mateix CEI Val d\u2019Aran, amb la col\u00b7laboraci\u00f3 del Consorci per a la Formaci\u00f3 Continua de la Generalitat de Catalunya i el Ministerio de Empleo y Seguridad Social.<\/p>\n ","protected":false},"excerpt":{"rendered":"<p>Vielha, 6 de juny de 2018.- El CEI Val d\u2019Aran organitza una c\u00e0psula formativa gratu\u00efta adre\u00e7ada a treballadors aut\u00f2noms, treballadors per compte d\u2019altri i treballadors en situaci\u00f3 d\u2019atur, per aprendre com gestionar els impostos. El curs te com a objectiu introduir als treballadors en la gesti\u00f3 b\u00e0sica dels impostos, a trav\u00e9s del coneixement de les&#8230;<\/p>\n","protected":false},"author":2,"featured_media":22635,"comment_status":"closed","ping_status":"closed","sticky":false,"template":"","format":"standard","meta":{"footnotes":""},"categories":[33],"tags":[],"_links":{"self":[{"href":"https:\/\/www.conselharan.org\/ca\/wp-json\/wp\/v2\/posts\/22639"}],"collection":[{"href":"https:\/\/www.conselharan.org\/ca\/wp-json\/wp\/v2\/posts"}],"about":[{"href":"https:\/\/www.conselharan.org\/ca\/wp-json\/wp\/v2\/types\/post"}],"author":[{"embeddable":true,"href":"https:\/\/www.conselharan.org\/ca\/wp-json\/wp\/v2\/users\/2"}],"replies":[{"embeddable":true,"href":"https:\/\/www.conselharan.org\/ca\/wp-json\/wp\/v2\/comments?post=22639"}],"version-history":[{"count":1,"href":"https:\/\/www.conselharan.org\/ca\/wp-json\/wp\/v2\/posts\/22639\/revisions"}],"predecessor-version":[{"id":22640,"href":"https:\/\/www.conselharan.org\/ca\/wp-json\/wp\/v2\/posts\/22639\/revisions\/22640"}],"wp:featuredmedia":[{"embeddable":true,"href":"https:\/\/www.conselharan.org\/ca\/wp-json\/wp\/v2\/media\/22635"}],"wp:attachment":[{"href":"https:\/\/www.conselharan.org\/ca\/wp-json\/wp\/v2\/media?parent=22639"}],"wp:term":[{"taxonomy":"category","embeddable":true,"href":"https:\/\/www.conselharan.org\/ca\/wp-json\/wp\/v2\/categories?post=22639"},{"taxonomy":"post_tag","embeddable":true,"href":"https:\/\/www.conselharan.org\/ca\/wp-json\/wp\/v2\/tags?post=22639"}],"curies":[{"name":"wp","href":"https:\/\/api.w.org\/{rel}","templated":true}]}}