{"id":22665,"date":"2018-06-08T00:22:44","date_gmt":"2018-06-07T22:22:44","guid":{"rendered":"http:\/\/www.conselharan.org\/?p=22665"},"modified":"2018-06-08T00:22:44","modified_gmt":"2018-06-07T22:22:44","slug":"el-liceu-a-la-fresca-arriba-a-sant-joan-darties","status":"publish","type":"post","link":"https:\/\/www.conselharan.org\/ca\/el-liceu-a-la-fresca-arriba-a-sant-joan-darties\/","title":{"rendered":"El &#8220;Liceu a la fresca&#8221; arriba a Sant Joan d&#8217;Arties"},"content":{"rendered":"<p>Vielha, 8 de juny de 2018.- El <strong>dissabte 16 de juny a les 22 h a l&#8217;esgl\u00e9sia de Sant Joan d&#8217;Arties<\/strong> es projectar\u00e0 l\u2019\u00f2pera <strong>&#8220;Manon Lescaut&#8221; de Puccini<\/strong>, en el Liceu a la fresca 2018.<\/p>\n<p>El Liceu a la fresca \u00e9s una proposta del Gran Teatre del Liceu per difondre la m\u00fasica i l\u2019\u00f2pera. Es tracta d&#8217;un projecte divulgatiu amb un objectiu principal, que l\u2019\u00f2pera arribi a totes les persones, i que totes puguin gaudir-ne d&#8217;una forma atractiva, accesible i informal. Aix\u00f2 s\u2019aconsegueix gr\u00e0cies a la col\u00b7laboraci\u00f3 entre el Liceu i les diverses entitats i ajuntaments interessats en projectar en una pantalla gegant, i per mitj\u00e0 d&#8217;una retransmissi\u00f3 en el fals directe, l\u2019\u00f2pera que es representi al Liceu en aquell moment.<\/p>\n<p>Enguany el Gran Teatre del Liceu en col\u00b7laboraci\u00f3 amb el Museu de la Val d&#8217;Aran, el Conselh Generau d&#8217;Aran i l&#8217;Ajuntament del Naut Aran, han establert un conveni per poder fer arribar el Liceu a la fresca a la Val d&#8217;Aran. L&#8217;esgl\u00e9sia de Sant Joan d&#8217;Arties, per les seves caracter\u00edstiques arquitect\u00f2niques i el seu entorn, \u00e9s el lloc escollit per la projecci\u00f3 el dissabte 16 de juny de l&#8217;\u00f2pera de Puccini &#8220;Manon Lescaut&#8221;. Una \u00f2pera que enguany enlla\u00e7a amb la tem\u00e0tica seleccionada per a aquest 2018 pel Museu de la Val d&#8217;Aran, la dona, i que es d\u00f3na a con\u00e8ixer amb el hastag #anderahemna.<\/p>\n<p>L\u2019\u00f2pera &#8220;Manon Lescaut&#8221; va ser el primer gran triomf de Giacomo Puccini l\u2019any 1893. Es tracta d&#8217;una \u00f2pera basada en l&#8217;obra de l\u2019abat Pr\u00e9vost, &#8220;L\u2019histoire du chevalier des Grieux et de Manon Lescaut&#8221; on es narra l\u2019ascensi\u00f3 i caiguda de Manon Lescaut.<\/p>\n<p>L&#8217;obra \u00e9s interpretada, en els seus papers principals, per diverses sopranos i tenors de fama internacional, Ludmyla Monastyrska, Maria Pia Piscitelli, Gregory Kunde, Jorge de Le\u00f3n i Rafael Davila.<\/p>\n<p>El Museu de la Val d&#8217;Aran us convida per gaudir el dissabte 16 de juny a les 22h, a l&#8217;esgl\u00e9sia de Sant Joan d&#8217;Arties, de l&#8217;\u00f2pera &#8220;Manon Lescaut&#8221; de Puccini.<\/p>\n<p><a href=\"http:\/\/www.conselharan.org\/wp-content\/uploads\/2018\/06\/cartell-liceu-fresca-17-18_cat.jpg\"><img loading=\"lazy\" decoding=\"async\" class=\"aligncenter size-large wp-image-22663\" src=\"http:\/\/www.conselharan.org\/wp-content\/uploads\/2018\/06\/cartell-liceu-fresca-17-18_cat-724x1024.jpg\" alt=\"\" width=\"724\" height=\"1024\" srcset=\"https:\/\/www.conselharan.org\/wp-content\/uploads\/2018\/06\/cartell-liceu-fresca-17-18_cat-724x1024.jpg 724w, https:\/\/www.conselharan.org\/wp-content\/uploads\/2018\/06\/cartell-liceu-fresca-17-18_cat-212x300.jpg 212w, https:\/\/www.conselharan.org\/wp-content\/uploads\/2018\/06\/cartell-liceu-fresca-17-18_cat-768x1086.jpg 768w\" sizes=\"(max-width: 724px) 100vw, 724px\" \/><\/a><\/p>\n ","protected":false},"excerpt":{"rendered":"<p>Vielha, 8 de juny de 2018.- El dissabte 16 de juny a les 22 h a l&#8217;esgl\u00e9sia de Sant Joan d&#8217;Arties es projectar\u00e0 l\u2019\u00f2pera &#8220;Manon Lescaut&#8221; de Puccini, en el Liceu a la fresca 2018. El Liceu a la fresca \u00e9s una proposta del Gran Teatre del Liceu per difondre la m\u00fasica i l\u2019\u00f2pera. Es&#8230;<\/p>\n","protected":false},"author":2,"featured_media":22663,"comment_status":"closed","ping_status":"closed","sticky":false,"template":"","format":"standard","meta":{"footnotes":""},"categories":[33],"tags":[],"_links":{"self":[{"href":"https:\/\/www.conselharan.org\/ca\/wp-json\/wp\/v2\/posts\/22665"}],"collection":[{"href":"https:\/\/www.conselharan.org\/ca\/wp-json\/wp\/v2\/posts"}],"about":[{"href":"https:\/\/www.conselharan.org\/ca\/wp-json\/wp\/v2\/types\/post"}],"author":[{"embeddable":true,"href":"https:\/\/www.conselharan.org\/ca\/wp-json\/wp\/v2\/users\/2"}],"replies":[{"embeddable":true,"href":"https:\/\/www.conselharan.org\/ca\/wp-json\/wp\/v2\/comments?post=22665"}],"version-history":[{"count":1,"href":"https:\/\/www.conselharan.org\/ca\/wp-json\/wp\/v2\/posts\/22665\/revisions"}],"predecessor-version":[{"id":22666,"href":"https:\/\/www.conselharan.org\/ca\/wp-json\/wp\/v2\/posts\/22665\/revisions\/22666"}],"wp:featuredmedia":[{"embeddable":true,"href":"https:\/\/www.conselharan.org\/ca\/wp-json\/wp\/v2\/media\/22663"}],"wp:attachment":[{"href":"https:\/\/www.conselharan.org\/ca\/wp-json\/wp\/v2\/media?parent=22665"}],"wp:term":[{"taxonomy":"category","embeddable":true,"href":"https:\/\/www.conselharan.org\/ca\/wp-json\/wp\/v2\/categories?post=22665"},{"taxonomy":"post_tag","embeddable":true,"href":"https:\/\/www.conselharan.org\/ca\/wp-json\/wp\/v2\/tags?post=22665"}],"curies":[{"name":"wp","href":"https:\/\/api.w.org\/{rel}","templated":true}]}}