{"id":22736,"date":"2018-06-12T12:59:17","date_gmt":"2018-06-12T10:59:17","guid":{"rendered":"http:\/\/www.conselharan.org\/?p=22736"},"modified":"2018-06-12T12:59:17","modified_gmt":"2018-06-12T10:59:17","slug":"curs-de-prevencio-de-riscos-laborals-a-la-construccio-al-cei-val-daran","status":"publish","type":"post","link":"https:\/\/www.conselharan.org\/ca\/curs-de-prevencio-de-riscos-laborals-a-la-construccio-al-cei-val-daran\/","title":{"rendered":"Curs de Prevenci\u00f3 de Riscos Laborals a la construcci\u00f3 al CEI Val d\u2019Aran"},"content":{"rendered":"<p>Vielha, 11 de juny de 2018.- El CEI Val d\u2019Aran de Casau ha realitzat durant tres dies, del 29 al 31 de maig, un curs adre\u00e7at a treballadors del sector de la construcci\u00f3 sobre prevenci\u00f3 de riscos laborals.<\/p>\n<p><a href=\"http:\/\/www.conselharan.org\/wp-content\/uploads\/2018\/06\/IMG_7222-1.jpg\"><img loading=\"lazy\" decoding=\"async\" class=\"aligncenter size-large wp-image-22732\" src=\"http:\/\/www.conselharan.org\/wp-content\/uploads\/2018\/06\/IMG_7222-1-1024x768.jpg\" alt=\"\" width=\"1024\" height=\"768\" srcset=\"https:\/\/www.conselharan.org\/wp-content\/uploads\/2018\/06\/IMG_7222-1-1024x768.jpg 1024w, https:\/\/www.conselharan.org\/wp-content\/uploads\/2018\/06\/IMG_7222-1-300x225.jpg 300w, https:\/\/www.conselharan.org\/wp-content\/uploads\/2018\/06\/IMG_7222-1-768x576.jpg 768w\" sizes=\"(max-width: 1024px) 100vw, 1024px\" \/><\/a><\/p>\n<p>Els objectius del curs han estat aportar als treballadors del sector constructiu de la Val d\u2019Aran els coneixements b\u00e0sics en mat\u00e8ria de prevenci\u00f3 de riscos laborals conforme al programa formatiu de l\u2019ofici de paleta, aix\u00ed com definir els treballs que porten a terme aquests professionals, identificar les condicions de treball, els riscos laborals i con\u00e8ixer les mesures preventives generals per a l\u2019eliminaci\u00f3 o reducci\u00f3 i control dels riscos.<\/p>\n<p>Entre els continguts del curs, hi havia aspectes relacionats amb quins son els mitjans de protecci\u00f3 col\u00b7lectiva i individual, el respecte a les dist\u00e0ncies de seguretat, el manteniment de baranes, l\u2019\u00fas del casc, guants i botes, aix\u00ed com el coneixement de les condicions d\u2019utilitzaci\u00f3 dels equips de treball a la construcci\u00f3.<\/p>\n<p>El curs sobre prevenci\u00f3 de riscos laborals a la construcci\u00f3 ha estat organitzat pel CEI Val d\u2019Aran, el Conselh Generau d\u2019Aran, la Confederaci\u00f3 d\u2019Organitzacions Empresarials de Lleida( COELL) i el Servei d\u2019Ocupaci\u00f3 de Catalunya (SOC).<\/p>\n ","protected":false},"excerpt":{"rendered":"<p>Vielha, 11 de juny de 2018.- El CEI Val d\u2019Aran de Casau ha realitzat durant tres dies, del 29 al 31 de maig, un curs adre\u00e7at a treballadors del sector de la construcci\u00f3 sobre prevenci\u00f3 de riscos laborals. Els objectius del curs han estat aportar als treballadors del sector constructiu de la Val d\u2019Aran els&#8230;<\/p>\n","protected":false},"author":2,"featured_media":22732,"comment_status":"closed","ping_status":"closed","sticky":false,"template":"","format":"standard","meta":{"footnotes":""},"categories":[33],"tags":[],"_links":{"self":[{"href":"https:\/\/www.conselharan.org\/ca\/wp-json\/wp\/v2\/posts\/22736"}],"collection":[{"href":"https:\/\/www.conselharan.org\/ca\/wp-json\/wp\/v2\/posts"}],"about":[{"href":"https:\/\/www.conselharan.org\/ca\/wp-json\/wp\/v2\/types\/post"}],"author":[{"embeddable":true,"href":"https:\/\/www.conselharan.org\/ca\/wp-json\/wp\/v2\/users\/2"}],"replies":[{"embeddable":true,"href":"https:\/\/www.conselharan.org\/ca\/wp-json\/wp\/v2\/comments?post=22736"}],"version-history":[{"count":1,"href":"https:\/\/www.conselharan.org\/ca\/wp-json\/wp\/v2\/posts\/22736\/revisions"}],"predecessor-version":[{"id":22737,"href":"https:\/\/www.conselharan.org\/ca\/wp-json\/wp\/v2\/posts\/22736\/revisions\/22737"}],"wp:featuredmedia":[{"embeddable":true,"href":"https:\/\/www.conselharan.org\/ca\/wp-json\/wp\/v2\/media\/22732"}],"wp:attachment":[{"href":"https:\/\/www.conselharan.org\/ca\/wp-json\/wp\/v2\/media?parent=22736"}],"wp:term":[{"taxonomy":"category","embeddable":true,"href":"https:\/\/www.conselharan.org\/ca\/wp-json\/wp\/v2\/categories?post=22736"},{"taxonomy":"post_tag","embeddable":true,"href":"https:\/\/www.conselharan.org\/ca\/wp-json\/wp\/v2\/tags?post=22736"}],"curies":[{"name":"wp","href":"https:\/\/api.w.org\/{rel}","templated":true}]}}