{"id":23186,"date":"2018-07-11T12:16:09","date_gmt":"2018-07-11T10:16:09","guid":{"rendered":"http:\/\/www.conselharan.org\/?p=23186"},"modified":"2018-07-11T12:16:09","modified_gmt":"2018-07-11T10:16:09","slug":"reunion-local-de-seguridad-del-tour-2018","status":"publish","type":"post","link":"https:\/\/www.conselharan.org\/ca\/reunion-local-de-seguridad-del-tour-2018\/","title":{"rendered":"Reuni\u00f3n local de seguridad del Tour 2018"},"content":{"rendered":"<p>Vielha, 11 de julio de 2018.- El Conselh Generau d\u2019Aran ha acogido la \u00faltima reuni\u00f3n preparatoria de seguridad y coordinaci\u00f3n del paso del Tour de Francia 2018 por la Val d\u2019Aran. En la reuni\u00f3n ha participado el consejero de Territorio de Aran, <strong>Jos\u00e9 Antonio<\/strong> <strong>Boya<\/strong>, los responsables de los cuerpos y fuerzas de seguridad y de Pompi\u00e8rs e Emerg\u00e8ncies d&#8217;Aran.<\/p>\n<p><a href=\"http:\/\/www.conselharan.org\/wp-content\/uploads\/2018\/07\/180711_TourSeguretat.jpeg\"><img loading=\"lazy\" decoding=\"async\" class=\"aligncenter size-large wp-image-23184\" src=\"http:\/\/www.conselharan.org\/wp-content\/uploads\/2018\/07\/180711_TourSeguretat-1024x768.jpeg\" alt=\"\" width=\"1024\" height=\"768\" srcset=\"https:\/\/www.conselharan.org\/wp-content\/uploads\/2018\/07\/180711_TourSeguretat.jpeg 1024w, https:\/\/www.conselharan.org\/wp-content\/uploads\/2018\/07\/180711_TourSeguretat-300x225.jpeg 300w, https:\/\/www.conselharan.org\/wp-content\/uploads\/2018\/07\/180711_TourSeguretat-768x576.jpeg 768w\" sizes=\"(max-width: 1024px) 100vw, 1024px\" \/><\/a><\/p>\n<p>La 16\u00aa etapa del Tour de Francia del 24 de julio con salida de Carcasona y llegada a Bagn\u00e8res de Luchon con 218 Km, pasar\u00e1 por el Valle de Aran (Les y Boss\u00f2st), entrando por Pontaut, en la frontera aranesa con Francia y saliendo por el Puerto del Portilhon en direcci\u00f3n a Luchon con un recorrido total de 18 kil\u00f3metros, que ser\u00e1n los \u00fanicos fuera de las fronteras francesas de todo el recorrido del Tour 2018.<\/p>\n<p>A su paso por Aran los ciclistas encarar\u00e1n los 8 kil\u00f3metros en subida del Puerto del Portilhon, de segunda categor\u00eda, con rampas de 6,85% de media y a 1.293 metros de altitud.<\/p>\n<p>La 17\u00aa etapa saldr\u00e1 desde Bagn\u00e8res de Luchon en direcci\u00f3n a Saint Lary Soulan, lo que implica que muchos de los equipos de la edici\u00f3n del Tour de este a\u00f1o har\u00e1n noche en establecimientos hoteleros del Valle de Aran, aspecto que tambi\u00e9n se ha previsto en la reuni\u00f3n local de seguridad.<\/p>\n ","protected":false},"excerpt":{"rendered":"<p>Vielha, 11 de julio de 2018.- El Conselh Generau d\u2019Aran ha acogido la \u00faltima reuni\u00f3n preparatoria de seguridad y coordinaci\u00f3n del paso del Tour de Francia 2018 por la Val d\u2019Aran. En la reuni\u00f3n ha participado el consejero de Territorio de Aran, Jos\u00e9 Antonio Boya, los responsables de los cuerpos y fuerzas de seguridad y&#8230;<\/p>\n","protected":false},"author":2,"featured_media":23184,"comment_status":"closed","ping_status":"closed","sticky":false,"template":"","format":"standard","meta":{"footnotes":""},"categories":[136,53,36],"tags":[],"_links":{"self":[{"href":"https:\/\/www.conselharan.org\/ca\/wp-json\/wp\/v2\/posts\/23186"}],"collection":[{"href":"https:\/\/www.conselharan.org\/ca\/wp-json\/wp\/v2\/posts"}],"about":[{"href":"https:\/\/www.conselharan.org\/ca\/wp-json\/wp\/v2\/types\/post"}],"author":[{"embeddable":true,"href":"https:\/\/www.conselharan.org\/ca\/wp-json\/wp\/v2\/users\/2"}],"replies":[{"embeddable":true,"href":"https:\/\/www.conselharan.org\/ca\/wp-json\/wp\/v2\/comments?post=23186"}],"version-history":[{"count":1,"href":"https:\/\/www.conselharan.org\/ca\/wp-json\/wp\/v2\/posts\/23186\/revisions"}],"predecessor-version":[{"id":23187,"href":"https:\/\/www.conselharan.org\/ca\/wp-json\/wp\/v2\/posts\/23186\/revisions\/23187"}],"wp:featuredmedia":[{"embeddable":true,"href":"https:\/\/www.conselharan.org\/ca\/wp-json\/wp\/v2\/media\/23184"}],"wp:attachment":[{"href":"https:\/\/www.conselharan.org\/ca\/wp-json\/wp\/v2\/media?parent=23186"}],"wp:term":[{"taxonomy":"category","embeddable":true,"href":"https:\/\/www.conselharan.org\/ca\/wp-json\/wp\/v2\/categories?post=23186"},{"taxonomy":"post_tag","embeddable":true,"href":"https:\/\/www.conselharan.org\/ca\/wp-json\/wp\/v2\/tags?post=23186"}],"curies":[{"name":"wp","href":"https:\/\/api.w.org\/{rel}","templated":true}]}}