{"id":23204,"date":"2018-07-12T17:00:42","date_gmt":"2018-07-12T15:00:42","guid":{"rendered":"http:\/\/www.conselharan.org\/?p=23204"},"modified":"2018-07-12T17:00:42","modified_gmt":"2018-07-12T15:00:42","slug":"reunio-de-coordinacio-a-la-direccio-general-de-politiques-ambientals-sobre-la-gestio-de-los-bru-al-pirineu","status":"publish","type":"post","link":"https:\/\/www.conselharan.org\/ca\/reunio-de-coordinacio-a-la-direccio-general-de-politiques-ambientals-sobre-la-gestio-de-los-bru-al-pirineu\/","title":{"rendered":"Reuni\u00f3 de coordinaci\u00f3 a la Direcci\u00f3 General de Pol\u00edtiques Ambientals sobre la gesti\u00f3 de l&#8217;os bru al Pirineu"},"content":{"rendered":"<p>Vielha, 12 de juliol de 2018.- El passat 9 de juliol va tenir lloc una nova reuni\u00f3 de coordinaci\u00f3 a la Direcci\u00f3 General de Pol\u00edtiques Medi Ambientals a Barcelona per continuar avan\u00e7ant en el tots els aspectes t\u00e8cnics i legals sobre la gesti\u00f3 de l&#8217;os bru al Pirineu.<\/p>\n<p><a href=\"http:\/\/www.conselharan.org\/wp-content\/uploads\/2018\/07\/Reunio-politiques-ambientals.jpeg\"><img loading=\"lazy\" decoding=\"async\" class=\"aligncenter size-large wp-image-23202\" src=\"http:\/\/www.conselharan.org\/wp-content\/uploads\/2018\/07\/Reunio-politiques-ambientals-1024x768.jpeg\" alt=\"\" width=\"1024\" height=\"768\" srcset=\"https:\/\/www.conselharan.org\/wp-content\/uploads\/2018\/07\/Reunio-politiques-ambientals-1024x768.jpeg 1024w, https:\/\/www.conselharan.org\/wp-content\/uploads\/2018\/07\/Reunio-politiques-ambientals-300x225.jpeg 300w, https:\/\/www.conselharan.org\/wp-content\/uploads\/2018\/07\/Reunio-politiques-ambientals-768x576.jpeg 768w, https:\/\/www.conselharan.org\/wp-content\/uploads\/2018\/07\/Reunio-politiques-ambientals.jpeg 1600w\" sizes=\"(max-width: 1024px) 100vw, 1024px\" \/><\/a><\/p>\n<p>Per part de la Generalitat van assistir el director general de Pol\u00edtiques Ambientals <strong>Ferran Miralles<\/strong> i el cap del Servei de Fauna i Flora, <strong>Ricard Casanoves<\/strong>. Per part del Conselh Generau d&#8217;Aran el sindic d&#8217;Aran, <strong>Carlos Barrera<\/strong>, el conseller d&#8217;Agricultura, Ramaderia i Medi Ambient, <strong>Jose Enrique Arr\u00f3<\/strong> i el responsable de Medi Ambient, <strong>Ivan Afonso<\/strong>.<\/p>\n<p>Les q\u00fcestions tractades es van centrar en desenvolupar els cinc punts aprovats per unanimitat pel Ple del Conselh Generau d&#8217;Aran, del 15 de juny, relacionats amb la gesti\u00f3 de l&#8217;os i sobretot per l&#8217;alarma social i afectaci\u00f3 al sector ramader pels reiterats atacs de l&#8217;os Goiat.<\/p>\n<p>La primera q\u00fcesti\u00f3 tractada va ser la demanda de captura i retirada de l&#8217;os Goiat del Pirineu. Per part del Conselh es va informar de totes les mesures dissuas\u00f2ries que s&#8217;han aplicat fins a la data i que formen part del protocol provisional pendent de ratificaci\u00f3. El protocol definitiu s&#8217;aprovar\u00e0 en el marc del Grup de Coordinaci\u00f3 Intergovernamental.<\/p>\n<p>Tamb\u00e9 es va acordar formalitzar el Grup de Coordinaci\u00f3 Intergovernamental de l&#8217;Os del Pirineu, que t\u00e9 com a objectiu millorar l&#8217;operativitat sobre la gesti\u00f3 dels ossos als Pirineus. Aquest grup de treball estar\u00e0 format \u00fanicament pels representants de les administracions amb un m\u00e0xim de dos membres per cadascuna d&#8217;elles (Ministeri d&#8217;Agricultura i Medi Ambient del Govern Central, Generalitat de Catalunya, Govern d&#8217;Arag\u00f3, Govern de Navarra, Conselh Generau d &#8216;Aran i de la Oficce National de Chasse et de la Faune Sauvage).<\/p>\n<p>Tamb\u00e9 es va acordar que el Conselh Generau d&#8217;Aran realitzar\u00e0 la redacci\u00f3 del protocol i li ha de traslladar a la direcci\u00f3 general de Pol\u00edtiques Ambientals perqu\u00e8 aquesta ho comuniqui a totes les administracions implicades. Aquest protocol \u00e9s el que possibilitar\u00e0 aplicar les mesures necess\u00e0ries per minimitzar o eliminar les afectacions provocades pels ossos &#8220;conflictius&#8221; i aix\u00ed poder agilitzar la presa de decisions.<\/p>\n<p>Pel que fa a les responsabilitats que puguin derivar-se en el cas d&#8217;un atac o incident d&#8217;un exemplar d&#8217;os a les persones, s&#8217;ha demanat que els serveis jur\u00eddics del Departament de Pol\u00edtiques Ambientals redactin l&#8217;informe pertinent. En aquest sentit, entenent que, amb l&#8217;actual model d&#8217;indemnitzacions \u00fanicament li correspon al Conselh Generau d&#8217;Aran la gesti\u00f3, tramitaci\u00f3 i pagament de les mateixes a la ramaderia i a l&#8217;apicultura.<\/p>\n<p>Pel que fa a la redacci\u00f3 d&#8217;un estudi sobre la poblaci\u00f3 d&#8217;ossos que pot suportar la Val d&#8217;Aran i la resta del Pirineu catal\u00e0, (un dels punts de l&#8217;acord del Ple del Conselh), es va tractar sobre l&#8217;activitat socioecon\u00f2mica del Pirineu, diferenciant temps passats en els quals la pres\u00e8ncia de l&#8217;os era pr\u00e0cticament inexistent, a la realitat actual de la poblaci\u00f3 de l&#8217;os i el seu creixement de futur que pot posar en risc l&#8217;actual model de ramaderia extensiva d&#8217;alta muntanya i fins i tot afectar a la destinaci\u00f3 tur\u00edstica que \u00e9s el principal motor econ\u00f2mic del territori.<\/p>\n<p>Aquest estudi tamb\u00e9 ha de comptar que amb la realitat d&#8217;un Pirineu humanitzat, quina ha de ser la poblaci\u00f3 d&#8217;os que pot suportar sense que aquest equilibri es vegi descompensat en un o altre sentit.<\/p>\n<p>El sindic d&#8217;Aran va informar en aquesta reuni\u00f3 la decisi\u00f3 del Conselh de demanar una reuni\u00f3 conjunta amb els departaments de Territori i Sostenibilitat i el d&#8217;Agricultura, Ramaderia, Pesca i Alimentaci\u00f3, entenent que la gesti\u00f3 de l&#8217;os al Pirineu afecta els dos departaments i que nom\u00e9s amb una efica\u00e7 col\u00b7laboraci\u00f3 es pot avan\u00e7ar en la presa de decisions i en l&#8217;aplicaci\u00f3 de les mesures t\u00e8cniques i econ\u00f2miques que puguin garantir la perviv\u00e8ncia de les activitats ramaderes i tur\u00edstiques a Aran i al Pirineu.<\/p>\n ","protected":false},"excerpt":{"rendered":"<p>Vielha, 12 de juliol de 2018.- El passat 9 de juliol va tenir lloc una nova reuni\u00f3 de coordinaci\u00f3 a la Direcci\u00f3 General de Pol\u00edtiques Medi Ambientals a Barcelona per continuar avan\u00e7ant en el tots els aspectes t\u00e8cnics i legals sobre la gesti\u00f3 de l&#8217;os bru al Pirineu. Per part de la Generalitat van assistir&#8230;<\/p>\n","protected":false},"author":2,"featured_media":23202,"comment_status":"closed","ping_status":"closed","sticky":false,"template":"","format":"standard","meta":{"footnotes":""},"categories":[53],"tags":[],"_links":{"self":[{"href":"https:\/\/www.conselharan.org\/ca\/wp-json\/wp\/v2\/posts\/23204"}],"collection":[{"href":"https:\/\/www.conselharan.org\/ca\/wp-json\/wp\/v2\/posts"}],"about":[{"href":"https:\/\/www.conselharan.org\/ca\/wp-json\/wp\/v2\/types\/post"}],"author":[{"embeddable":true,"href":"https:\/\/www.conselharan.org\/ca\/wp-json\/wp\/v2\/users\/2"}],"replies":[{"embeddable":true,"href":"https:\/\/www.conselharan.org\/ca\/wp-json\/wp\/v2\/comments?post=23204"}],"version-history":[{"count":1,"href":"https:\/\/www.conselharan.org\/ca\/wp-json\/wp\/v2\/posts\/23204\/revisions"}],"predecessor-version":[{"id":23205,"href":"https:\/\/www.conselharan.org\/ca\/wp-json\/wp\/v2\/posts\/23204\/revisions\/23205"}],"wp:featuredmedia":[{"embeddable":true,"href":"https:\/\/www.conselharan.org\/ca\/wp-json\/wp\/v2\/media\/23202"}],"wp:attachment":[{"href":"https:\/\/www.conselharan.org\/ca\/wp-json\/wp\/v2\/media?parent=23204"}],"wp:term":[{"taxonomy":"category","embeddable":true,"href":"https:\/\/www.conselharan.org\/ca\/wp-json\/wp\/v2\/categories?post=23204"},{"taxonomy":"post_tag","embeddable":true,"href":"https:\/\/www.conselharan.org\/ca\/wp-json\/wp\/v2\/tags?post=23204"}],"curies":[{"name":"wp","href":"https:\/\/api.w.org\/{rel}","templated":true}]}}