{"id":23336,"date":"2018-07-19T11:52:43","date_gmt":"2018-07-19T09:52:43","guid":{"rendered":"http:\/\/www.conselharan.org\/?p=23336"},"modified":"2018-07-19T11:52:43","modified_gmt":"2018-07-19T09:52:43","slug":"la-comissio-de-llengua-dels-col%c2%b7legis-dadvocats-de-catalunya-es-reuneix-amb-linstitut-destudis-aranesi","status":"publish","type":"post","link":"https:\/\/www.conselharan.org\/ca\/la-comissio-de-llengua-dels-col%c2%b7legis-dadvocats-de-catalunya-es-reuneix-amb-linstitut-destudis-aranesi\/","title":{"rendered":"La Comissi\u00f3 de Llengua dels Col\u00b7legis d\u2019Advocats de Catalunya es reuneix amb l\u2019Institut d\u2019Estudis Aranesi"},"content":{"rendered":"<p>Vielha, 19 de juliol de 2018.- Els integrants de la Comissi\u00f3 de Llengua del Consell dels Il\u00b7lustres Col\u00b7legis d\u2019Advocats de Catalunya es reuneixen dem\u00e0 divendres 20 de juliol amb els representants de l\u2019IEA-Acad\u00e8mia aranesa dera lengua occitana.<\/p>\n<p><a href=\"http:\/\/www.conselharan.org\/wp-content\/uploads\/2018\/07\/180719_IEA.jpeg\"><img loading=\"lazy\" decoding=\"async\" class=\"aligncenter size-large wp-image-23332\" src=\"http:\/\/www.conselharan.org\/wp-content\/uploads\/2018\/07\/180719_IEA-1024x768.jpeg\" alt=\"\" width=\"1024\" height=\"768\" srcset=\"https:\/\/www.conselharan.org\/wp-content\/uploads\/2018\/07\/180719_IEA-1024x768.jpeg 1024w, https:\/\/www.conselharan.org\/wp-content\/uploads\/2018\/07\/180719_IEA-300x225.jpeg 300w, https:\/\/www.conselharan.org\/wp-content\/uploads\/2018\/07\/180719_IEA-768x576.jpeg 768w, https:\/\/www.conselharan.org\/wp-content\/uploads\/2018\/07\/180719_IEA.jpeg 1600w\" sizes=\"(max-width: 1024px) 100vw, 1024px\" \/><\/a><\/p>\n<p>La trobada a la Val d\u2019Aran tindr\u00e0 lloc a la seu de l\u2019IEA-AALO a les 12h, i comptar\u00e0 amb la pres\u00e8ncia de <strong>Joan Riera i Claret<\/strong>, president de la Comissi\u00f3 de Llengua dels Il\u00b7lustres Col\u00b7legis d\u2019Advocats de Catalunya, del sindic d\u2019Aran,<strong> Carlos Barrera<\/strong>, del vicesindic d\u2019Aran, <strong>Lu\u00eds Carlos Medina<\/strong> i de <strong>Jus\u00e8p Lo\u00eds Sans<\/strong>, president de l\u2019Institut d\u2019Estudis Aranesi, acompanyats de representants d\u2019ambdues institucions.<\/p>\n<p>Durant la reuni\u00f3 en la que es presentaran les tasques que duen a terme la Comissi\u00f3 de Llengua dels Col\u00b7legis d\u2019Advocats i l\u2019IEA, tamb\u00e9 s\u2019abordar\u00e0 la situaci\u00f3 de l\u2019aran\u00e8s en l\u2019\u00e0mbit de l\u2019Administraci\u00f3 de Just\u00edcia, i s\u2019estudiar\u00e0 i es debatr\u00e0 sobre la sent\u00e8ncia del TC 11\/2018 de 8 de febrer de 2018 sobre el recurs d\u2019inconstitucionalitat 4460-2011 interposat per president del Govern Espanyol amb relaci\u00f3 a diversos preceptes de la Llei del Parlament de Catalunya 35\/2010 d\u20191 d\u2019octubre, de l\u2019occit\u00e0, aran\u00e8s a l\u2019Aran.<\/p>\n<p>&nbsp;<\/p>\n ","protected":false},"excerpt":{"rendered":"<p>Vielha, 19 de juliol de 2018.- Els integrants de la Comissi\u00f3 de Llengua del Consell dels Il\u00b7lustres Col\u00b7legis d\u2019Advocats de Catalunya es reuneixen dem\u00e0 divendres 20 de juliol amb els representants de l\u2019IEA-Acad\u00e8mia aranesa dera lengua occitana. La trobada a la Val d\u2019Aran tindr\u00e0 lloc a la seu de l\u2019IEA-AALO a les 12h, i comptar\u00e0&#8230;<\/p>\n","protected":false},"author":2,"featured_media":23332,"comment_status":"closed","ping_status":"closed","sticky":false,"template":"","format":"standard","meta":{"footnotes":""},"categories":[53],"tags":[],"_links":{"self":[{"href":"https:\/\/www.conselharan.org\/ca\/wp-json\/wp\/v2\/posts\/23336"}],"collection":[{"href":"https:\/\/www.conselharan.org\/ca\/wp-json\/wp\/v2\/posts"}],"about":[{"href":"https:\/\/www.conselharan.org\/ca\/wp-json\/wp\/v2\/types\/post"}],"author":[{"embeddable":true,"href":"https:\/\/www.conselharan.org\/ca\/wp-json\/wp\/v2\/users\/2"}],"replies":[{"embeddable":true,"href":"https:\/\/www.conselharan.org\/ca\/wp-json\/wp\/v2\/comments?post=23336"}],"version-history":[{"count":1,"href":"https:\/\/www.conselharan.org\/ca\/wp-json\/wp\/v2\/posts\/23336\/revisions"}],"predecessor-version":[{"id":23337,"href":"https:\/\/www.conselharan.org\/ca\/wp-json\/wp\/v2\/posts\/23336\/revisions\/23337"}],"wp:featuredmedia":[{"embeddable":true,"href":"https:\/\/www.conselharan.org\/ca\/wp-json\/wp\/v2\/media\/23332"}],"wp:attachment":[{"href":"https:\/\/www.conselharan.org\/ca\/wp-json\/wp\/v2\/media?parent=23336"}],"wp:term":[{"taxonomy":"category","embeddable":true,"href":"https:\/\/www.conselharan.org\/ca\/wp-json\/wp\/v2\/categories?post=23336"},{"taxonomy":"post_tag","embeddable":true,"href":"https:\/\/www.conselharan.org\/ca\/wp-json\/wp\/v2\/tags?post=23336"}],"curies":[{"name":"wp","href":"https:\/\/api.w.org\/{rel}","templated":true}]}}