{"id":23401,"date":"2018-07-25T16:13:14","date_gmt":"2018-07-25T14:13:14","guid":{"rendered":"http:\/\/www.conselharan.org\/?p=23401"},"modified":"2018-07-25T16:13:14","modified_gmt":"2018-07-25T14:13:14","slug":"el-sindic-daran-es-reuneix-amb-la-consellera-de-presidencia-elsa-artadi","status":"publish","type":"post","link":"https:\/\/www.conselharan.org\/ca\/el-sindic-daran-es-reuneix-amb-la-consellera-de-presidencia-elsa-artadi\/","title":{"rendered":"El sindic d\u2019Aran es reuneix amb la consellera de Presid\u00e8ncia Elsa Artadi"},"content":{"rendered":"<p>Vielha, 25 de juliol de 2018.- El sindic d\u2019Aran <strong>Carlos Barrera<\/strong> va mantenir ahir dimarts 24 de juliol una reuni\u00f3 de treball amb la consellera de Presid\u00e8ncia del Govern de la Generalitat de Catalunya <strong>Elsa Artadi<\/strong>.<\/p>\n<p><a href=\"http:\/\/www.conselharan.org\/wp-content\/uploads\/2018\/07\/Reuni\u00f3-sindic-Artadi.jpg\"><img loading=\"lazy\" decoding=\"async\" class=\"aligncenter size-large wp-image-23399\" src=\"http:\/\/www.conselharan.org\/wp-content\/uploads\/2018\/07\/Reuni\u00f3-sindic-Artadi-1024x683.jpg\" alt=\"\" width=\"1024\" height=\"683\" srcset=\"https:\/\/www.conselharan.org\/wp-content\/uploads\/2018\/07\/Reuni\u00f3-sindic-Artadi-1024x683.jpg 1024w, https:\/\/www.conselharan.org\/wp-content\/uploads\/2018\/07\/Reuni\u00f3-sindic-Artadi-300x200.jpg 300w, https:\/\/www.conselharan.org\/wp-content\/uploads\/2018\/07\/Reuni\u00f3-sindic-Artadi-768x512.jpg 768w, https:\/\/www.conselharan.org\/wp-content\/uploads\/2018\/07\/Reuni\u00f3-sindic-Artadi.jpg 1200w\" sizes=\"(max-width: 1024px) 100vw, 1024px\" \/><\/a><\/p>\n<p>Durant la reuni\u00f3 es van tractar les q\u00fcestions m\u00e9s rellevants prioritzades per l\u2019equip de govern del Conselh Generau d\u2019Aran, com s\u00f3n demanar l\u2019inici de negociacions del nou model de finan\u00e7ament del Conselh Generau d\u2019Aran aix\u00ed com avan\u00e7ar per tancar les negociacions del nou model de Pompi\u00e8rs e Emerg\u00e8ncies de la Val d\u2019Aran.<\/p>\n<p>Dos dels altres aspectes tractats durant la reuni\u00f3 van ser el comprom\u00eds per part de la Generalitat de la nova resid\u00e8ncia geri\u00e0trica consorciada de Sant Joan de Les i l\u2019ampliaci\u00f3 de la dotaci\u00f3 econ\u00f2mica del Pla Estrat\u00e8gic Sanitari dins del trasp\u00e0s de compet\u00e8ncies de Salut de l\u2019Aran, emmarcats dins de l\u2019inici del desplegament de la Llei 1\/2015, del 5 de febrer, del r\u00e8gim especial d&#8217;Aran.<\/p>\n<p>Finalment tamb\u00e9 es va acordar la celebraci\u00f3 d\u2019una Comissi\u00f3 Bilateral Govern de la Generalitat- Conselh Generau d\u2019Aran la tardor vinent.<\/p>\n<p>&nbsp;<\/p>\n<p>&nbsp;<\/p>\n ","protected":false},"excerpt":{"rendered":"<p>Vielha, 25 de juliol de 2018.- El sindic d\u2019Aran Carlos Barrera va mantenir ahir dimarts 24 de juliol una reuni\u00f3 de treball amb la consellera de Presid\u00e8ncia del Govern de la Generalitat de Catalunya Elsa Artadi. Durant la reuni\u00f3 es van tractar les q\u00fcestions m\u00e9s rellevants prioritzades per l\u2019equip de govern del Conselh Generau d\u2019Aran,&#8230;<\/p>\n","protected":false},"author":2,"featured_media":23399,"comment_status":"closed","ping_status":"closed","sticky":false,"template":"","format":"standard","meta":{"footnotes":""},"categories":[53,36],"tags":[],"_links":{"self":[{"href":"https:\/\/www.conselharan.org\/ca\/wp-json\/wp\/v2\/posts\/23401"}],"collection":[{"href":"https:\/\/www.conselharan.org\/ca\/wp-json\/wp\/v2\/posts"}],"about":[{"href":"https:\/\/www.conselharan.org\/ca\/wp-json\/wp\/v2\/types\/post"}],"author":[{"embeddable":true,"href":"https:\/\/www.conselharan.org\/ca\/wp-json\/wp\/v2\/users\/2"}],"replies":[{"embeddable":true,"href":"https:\/\/www.conselharan.org\/ca\/wp-json\/wp\/v2\/comments?post=23401"}],"version-history":[{"count":1,"href":"https:\/\/www.conselharan.org\/ca\/wp-json\/wp\/v2\/posts\/23401\/revisions"}],"predecessor-version":[{"id":23402,"href":"https:\/\/www.conselharan.org\/ca\/wp-json\/wp\/v2\/posts\/23401\/revisions\/23402"}],"wp:featuredmedia":[{"embeddable":true,"href":"https:\/\/www.conselharan.org\/ca\/wp-json\/wp\/v2\/media\/23399"}],"wp:attachment":[{"href":"https:\/\/www.conselharan.org\/ca\/wp-json\/wp\/v2\/media?parent=23401"}],"wp:term":[{"taxonomy":"category","embeddable":true,"href":"https:\/\/www.conselharan.org\/ca\/wp-json\/wp\/v2\/categories?post=23401"},{"taxonomy":"post_tag","embeddable":true,"href":"https:\/\/www.conselharan.org\/ca\/wp-json\/wp\/v2\/tags?post=23401"}],"curies":[{"name":"wp","href":"https:\/\/api.w.org\/{rel}","templated":true}]}}