{"id":23672,"date":"2018-08-10T13:36:10","date_gmt":"2018-08-10T11:36:10","guid":{"rendered":"http:\/\/www.conselharan.org\/?p=23672"},"modified":"2018-08-10T13:36:10","modified_gmt":"2018-08-10T11:36:10","slug":"compte-enrere-per-la-cursa-dels-15-pobles-que-enguany-arriba-a-la-seva-xxii-edicio-el-26-dagost","status":"publish","type":"post","link":"https:\/\/www.conselharan.org\/ca\/compte-enrere-per-la-cursa-dels-15-pobles-que-enguany-arriba-a-la-seva-xxii-edicio-el-26-dagost\/","title":{"rendered":"Compte enrere per la \u201cCursa dels 15 pobles\u201d que enguany arriba a la seva XXII edici\u00f3 el 26 d\u2019agost"},"content":{"rendered":"<p><strong>Les inscripcions es poden fer a la web: <a href=\"http:\/\/www.corsa15pobles.org\" target=\"_blank\" rel=\"noopener\">www.corsa15pobles.org<\/a>.<\/strong><\/p>\n<p><strong>La prova ofereix la possibilitat de caminar o c\u00f3rrer en els circuits de quatre dist\u00e0ncies: 21 Km, 11 Km, 15 Km i 5 Km, i la cursa juvenil.<\/strong><\/p>\n<p>&nbsp;<\/p>\n<p><a href=\"http:\/\/www.conselharan.org\/compde-ath-darrer-tara-corsa-des-15-pobles-quenguan-arribe-ara-sua-xxiiau-edicion-eth-26-dagost\/dsc_0101-2\/\" rel=\"attachment wp-att-23664\"><img loading=\"lazy\" decoding=\"async\" class=\"aligncenter size-large wp-image-23664\" src=\"http:\/\/www.conselharan.org\/wp-content\/uploads\/2018\/08\/DSC_0101-1024x589.jpg\" alt=\"\" width=\"1024\" height=\"589\" srcset=\"https:\/\/www.conselharan.org\/wp-content\/uploads\/2018\/08\/DSC_0101-1024x589.jpg 1024w, https:\/\/www.conselharan.org\/wp-content\/uploads\/2018\/08\/DSC_0101-300x173.jpg 300w, https:\/\/www.conselharan.org\/wp-content\/uploads\/2018\/08\/DSC_0101-768x442.jpg 768w, https:\/\/www.conselharan.org\/wp-content\/uploads\/2018\/08\/DSC_0101-305x175.jpg 305w\" sizes=\"(max-width: 1024px) 100vw, 1024px\" \/><\/a><\/p>\n<p>&nbsp;<\/p>\n<p>El sindic d\u2019Aran, <strong>Carlos Barrera<\/strong> i el president de l&#8217;Associaci\u00f3 Voluntaris d\u2019Aran, <strong>Roberto Boya<\/strong>, han signat un conveni per l&#8217;organitzaci\u00f3 de la \u201cCursa dels 15 pobles\u201d que enguany arriba a la XXII edici\u00f3.<\/p>\n<p>La Val d\u2019Aran acollir\u00e0 el 26 d\u2019agost una nova edici\u00f3 de la Cursa dels 15 pobles, organitzada per l&#8217;Associaci\u00f3 de Voluntaris Val d\u2019Aran.<\/p>\n<p>La prova ofereix la possibilitat de caminar o c\u00f3rrer en els circuits de quatre dist\u00e0ncies: 21 Km, 15 Km 11Km i 5 Km, i la cursa juvenil.<\/p>\n<p>Els recorreguts es desenvolupen pels diferents pobles de la zona del Baix i Mijaran, amb inici a Es B\u00f2rdes i final a Vielha, a excepci\u00f3 de la de 5 Km que \u00e9s la carrera juvenil i surt des de Montcorbau, tot i que tamb\u00e9 \u00e9s oberta a tots els p\u00fablics que la vulguin fer caminant.<\/p>\n<p>Les inscripcions es poden fer per Internet en la web: <a href=\"http:\/\/www.corsa15pobles.org\" target=\"_blank\" rel=\"noopener\"><strong>www.corsa15pobles.org<\/strong><\/a>.<\/p>\n<p>En paraules del president dels Voluntaris d\u2019Aran, <strong>Roberto Boya: \u201cEls Voluntaris d\u2019Aran considerem que aquesta cursa \u00e9s for\u00e7a important per la Val d\u2019Aran tant a nivell esportiu com tur\u00edstic i patrimonial\u201d<\/strong>.<\/p>\n<p>&nbsp;<\/p>\n<p><a href=\"http:\/\/www.conselharan.org\/compde-ath-darrer-tara-corsa-des-15-pobles-quenguan-arribe-ara-sua-xxiiau-edicion-eth-26-dagost\/cartell-cursa-15-pobles-2018-damb-distancies\/\" rel=\"attachment wp-att-23667\"><img loading=\"lazy\" decoding=\"async\" class=\"aligncenter size-large wp-image-23667\" src=\"http:\/\/www.conselharan.org\/wp-content\/uploads\/2018\/08\/Cartell-cursa-15-pobles-2018-damb-distancies-724x1024.jpg\" alt=\"\" width=\"724\" height=\"1024\" srcset=\"https:\/\/www.conselharan.org\/wp-content\/uploads\/2018\/08\/Cartell-cursa-15-pobles-2018-damb-distancies-724x1024.jpg 724w, https:\/\/www.conselharan.org\/wp-content\/uploads\/2018\/08\/Cartell-cursa-15-pobles-2018-damb-distancies-212x300.jpg 212w, https:\/\/www.conselharan.org\/wp-content\/uploads\/2018\/08\/Cartell-cursa-15-pobles-2018-damb-distancies-768x1086.jpg 768w, https:\/\/www.conselharan.org\/wp-content\/uploads\/2018\/08\/Cartell-cursa-15-pobles-2018-damb-distancies.jpg 1754w\" sizes=\"(max-width: 724px) 100vw, 724px\" \/><\/a><\/p>\n<p>&nbsp;<\/p>\n<p>&nbsp;<\/p>\n<p><strong>PROGRAMA<\/strong><\/p>\n<ul>\n<li><strong>Dissabte 25 d&#8217;agost<\/strong><\/li>\n<\/ul>\n<p>De 10:00 a 13:00 hores i de 18:00 a 20:00 hores: Inscripcions presencials i recollida de dorsals en el Conselh Generau d\u2019Aran (Passeig de la Llibertat 16. Vielha).<\/p>\n<ul>\n<li><strong>Diumenge 26 d&#8217;agost<\/strong><\/li>\n<\/ul>\n<p>De 07:30 a 08.15 hores. Sortida del transport cap a la poblaci\u00f3 d&#8217;Es B\u00f2rdes des de la parada de l&#8217;autob\u00fas de Vielha (Av. Alcalde Calbet\u00f3 Barra- Davant de l&#8217;Audiovisual).<\/p>\n<p>De 09:00 a 10:00 hores. Sortida d&#8217;Es B\u00f2rdes de les diferents proves (21Km, 15 Km i 11 Km).<\/p>\n<p>De 09:30 a 10:15 hores. Sortida del transport cap a Montcorbau, des de la parada d\u2019autob\u00fas de Vielha (Av. Alcalde Calbet\u00f3 Barra- Davant de l\u2019Audiovisual).<\/p>\n<p>A les 11:00 hores. Sortida de Montcorbau de la Cursa Trofeu Roland Gin\u00e9 (Cursa Juvenil) i de la Caminata de 5Km.<\/p>\n<p>13:00 hores. Tancament de la prova a Betlan, a 5 km de la meta.<\/p>\n<p>13:00 hores. Repartiment de premis a la Pla\u00e7a del Conselh a Vielha i repartiment de regals de la rifa.<\/p>\n<p>14.00 h. Tancament de Meta a Vielha.<\/p>\n<p>&nbsp;<\/p>\n<p>&nbsp;<\/p>\n<p>&nbsp;<\/p>\n<p>Vielha, 10 d\u2019agost de 2018<\/p>\n<p>&nbsp;<\/p>\n<p><em>Conselh Generau d&#8217;Aran: N\u00faria Sanjuan<\/em><\/p>\n ","protected":false},"excerpt":{"rendered":"<p>Les inscripcions es poden fer a la web: www.corsa15pobles.org. La prova ofereix la possibilitat de caminar o c\u00f3rrer en els circuits de quatre dist\u00e0ncies: 21 Km, 11 Km, 15 Km i 5 Km, i la cursa juvenil. &nbsp; &nbsp; El sindic d\u2019Aran, Carlos Barrera i el president de l&#8217;Associaci\u00f3 Voluntaris d\u2019Aran, Roberto Boya, han signat&#8230;<\/p>\n","protected":false},"author":2,"featured_media":23664,"comment_status":"closed","ping_status":"closed","sticky":false,"template":"","format":"standard","meta":{"footnotes":""},"categories":[136,139],"tags":[],"_links":{"self":[{"href":"https:\/\/www.conselharan.org\/ca\/wp-json\/wp\/v2\/posts\/23672"}],"collection":[{"href":"https:\/\/www.conselharan.org\/ca\/wp-json\/wp\/v2\/posts"}],"about":[{"href":"https:\/\/www.conselharan.org\/ca\/wp-json\/wp\/v2\/types\/post"}],"author":[{"embeddable":true,"href":"https:\/\/www.conselharan.org\/ca\/wp-json\/wp\/v2\/users\/2"}],"replies":[{"embeddable":true,"href":"https:\/\/www.conselharan.org\/ca\/wp-json\/wp\/v2\/comments?post=23672"}],"version-history":[{"count":1,"href":"https:\/\/www.conselharan.org\/ca\/wp-json\/wp\/v2\/posts\/23672\/revisions"}],"predecessor-version":[{"id":23682,"href":"https:\/\/www.conselharan.org\/ca\/wp-json\/wp\/v2\/posts\/23672\/revisions\/23682"}],"wp:featuredmedia":[{"embeddable":true,"href":"https:\/\/www.conselharan.org\/ca\/wp-json\/wp\/v2\/media\/23664"}],"wp:attachment":[{"href":"https:\/\/www.conselharan.org\/ca\/wp-json\/wp\/v2\/media?parent=23672"}],"wp:term":[{"taxonomy":"category","embeddable":true,"href":"https:\/\/www.conselharan.org\/ca\/wp-json\/wp\/v2\/categories?post=23672"},{"taxonomy":"post_tag","embeddable":true,"href":"https:\/\/www.conselharan.org\/ca\/wp-json\/wp\/v2\/tags?post=23672"}],"curies":[{"name":"wp","href":"https:\/\/api.w.org\/{rel}","templated":true}]}}