{"id":23693,"date":"2018-08-10T14:39:33","date_gmt":"2018-08-10T12:39:33","guid":{"rendered":"http:\/\/www.conselharan.org\/?p=23693"},"modified":"2018-08-10T14:39:33","modified_gmt":"2018-08-10T12:39:33","slug":"els-patinadors-aranesos-marti-alonso-i-sara-monteagudo-al-seminari-de-la-isu-a-polonia","status":"publish","type":"post","link":"https:\/\/www.conselharan.org\/ca\/els-patinadors-aranesos-marti-alonso-i-sara-monteagudo-al-seminari-de-la-isu-a-polonia\/","title":{"rendered":"Els patinadors aranesos Mart\u00ed Alonso i Sara Monteagudo al seminari de la ISU a Pol\u00f2nia"},"content":{"rendered":"<p><strong>La parella viatjar\u00e0 a Pol\u00f2nia juntament amb una altra parella de Madrid i les entrenadores Celia Robledo i Laura Fern\u00e1ndez, formant l&#8217;equip Espanyol.<\/strong><\/p>\n<p><strong>El seminari t\u00e9 una capacitat limitada a 24 parelles i 20 entrenadors de tota Europa.<\/strong><\/p>\n<p><strong>L&#8217;equip t\u00e8cnic de la ISU ja ha donat mostres de la gran il\u2022lusi\u00f3 que els fa que enguany Espanya pugui participar en aquest seminari.<\/strong><\/p>\n<p>&nbsp;<\/p>\n<p><a href=\"http:\/\/www.conselharan.org\/es-patinadors-aranesi-marti-alonso-e-sara-monteagudo-en-seminari-dera-isu-en-polonia\/thumbnail-1-5\/\" rel=\"attachment wp-att-23687\"><img loading=\"lazy\" decoding=\"async\" class=\"aligncenter size-large wp-image-23687\" src=\"http:\/\/www.conselharan.org\/wp-content\/uploads\/2018\/08\/thumbnail-1-1024x489.jpg\" alt=\"\" width=\"1024\" height=\"489\" srcset=\"https:\/\/www.conselharan.org\/wp-content\/uploads\/2018\/08\/thumbnail-1-1024x489.jpg 1024w, https:\/\/www.conselharan.org\/wp-content\/uploads\/2018\/08\/thumbnail-1-300x143.jpg 300w, https:\/\/www.conselharan.org\/wp-content\/uploads\/2018\/08\/thumbnail-1-768x367.jpg 768w, https:\/\/www.conselharan.org\/wp-content\/uploads\/2018\/08\/thumbnail-1.jpg 1600w\" sizes=\"(max-width: 1024px) 100vw, 1024px\" \/><\/a><\/p>\n<p>&nbsp;<\/p>\n<p>Els aranesos del Club d\u2019Esports de Gel Val d\u2019Aran (CEGVA): <strong>Mart\u00ed Alonso<\/strong> (14 anys) i <strong>Sara Monteagudo<\/strong> (13 anys) participaran al seminari de parelles de dansa organitzat per la International Skating Union (ISU) que tindr\u00e0 lloc a Torun (Pol\u00f2nia) del 13 al 19 d\u2019agost.<\/p>\n<p>La parella viatjar\u00e0 a Pol\u00f2nia juntament amb una altra parella de Madrid i les entrenadores <strong>Celia Robledo<\/strong> i <strong>Laura Fern\u00e1ndez<\/strong>, formant l&#8217;equip Espanyol.<\/p>\n<p>&nbsp;<\/p>\n<p><a href=\"http:\/\/www.conselharan.org\/es-patinadors-aranesi-marti-alonso-e-sara-monteagudo-en-seminari-dera-isu-en-polonia\/thumbnail-14\/\" rel=\"attachment wp-att-23688\"><img loading=\"lazy\" decoding=\"async\" class=\"aligncenter size-large wp-image-23688\" src=\"http:\/\/www.conselharan.org\/wp-content\/uploads\/2018\/08\/thumbnail-1024x683.jpg\" alt=\"\" width=\"1024\" height=\"683\" srcset=\"https:\/\/www.conselharan.org\/wp-content\/uploads\/2018\/08\/thumbnail-1024x683.jpg 1024w, https:\/\/www.conselharan.org\/wp-content\/uploads\/2018\/08\/thumbnail-300x200.jpg 300w, https:\/\/www.conselharan.org\/wp-content\/uploads\/2018\/08\/thumbnail-768x512.jpg 768w, https:\/\/www.conselharan.org\/wp-content\/uploads\/2018\/08\/thumbnail.jpg 1368w\" sizes=\"(max-width: 1024px) 100vw, 1024px\" \/><\/a><\/p>\n<p>&nbsp;<\/p>\n<p>Mart\u00ed i Sara han estat rebuts pel vicesindic d&#8217;Aran i conselh\u00e8r d&#8217;Esports, <strong>Lu\u00eds Carlos Medina<\/strong>, i per la conselh\u00e8ra de Turisme i Desenvolupament Econ\u00f2mic d\u2019Aran, <strong>Anna D\u00edaz<\/strong> que els han desitjat molta sort en la traject\u00f2ria esportiva que els espera.<\/p>\n<p>Aquest \u00e9s un seminari de desenvolupament de dansa per entrenadors i les seves parelles pel tal de millorar la t\u00e8cnica de dansa sobre gel i aconseguir un nivell superior.<\/p>\n<p>El seminari t\u00e9 una capacitat limitada a 24 parelles i 20 entrenadors de tota Europa, amb la finalitat de potenciar la dansa als pa\u00efsos que tenen poca activitat d\u2019aquesta modalitat.<\/p>\n<p>Complementaran l\u2019ampli treball sobre gel amb classes de teatre, ballet, jazz, relaxaci\u00f3, ioga, etc&#8230; tot amb entrenadors del m\u00e9s alt nivell mundial.<\/p>\n<p>L&#8217;equip t\u00e8cnic de la ISU ja ha donat mostres de la gran il\u2022lusi\u00f3 que els fa que enguany Espanya pugui participar en l&#8217;aquest seminari.<\/p>\n<p>&nbsp;<\/p>\n<p>&nbsp;<\/p>\n<p>&nbsp;<\/p>\n<p>&nbsp;<\/p>\n<p>Vielha, 10 d\u2019agost de 2018<\/p>\n<p>&nbsp;<\/p>\n<p><em>Conselh Generau d&#8217;Aran: N\u00faria Sanjuan<\/em><\/p>\n ","protected":false},"excerpt":{"rendered":"<p>La parella viatjar\u00e0 a Pol\u00f2nia juntament amb una altra parella de Madrid i les entrenadores Celia Robledo i Laura Fern\u00e1ndez, formant l&#8217;equip Espanyol. El seminari t\u00e9 una capacitat limitada a 24 parelles i 20 entrenadors de tota Europa. L&#8217;equip t\u00e8cnic de la ISU ja ha donat mostres de la gran il\u2022lusi\u00f3 que els fa que&#8230;<\/p>\n","protected":false},"author":2,"featured_media":23687,"comment_status":"closed","ping_status":"closed","sticky":false,"template":"","format":"standard","meta":{"footnotes":""},"categories":[136,139],"tags":[],"_links":{"self":[{"href":"https:\/\/www.conselharan.org\/ca\/wp-json\/wp\/v2\/posts\/23693"}],"collection":[{"href":"https:\/\/www.conselharan.org\/ca\/wp-json\/wp\/v2\/posts"}],"about":[{"href":"https:\/\/www.conselharan.org\/ca\/wp-json\/wp\/v2\/types\/post"}],"author":[{"embeddable":true,"href":"https:\/\/www.conselharan.org\/ca\/wp-json\/wp\/v2\/users\/2"}],"replies":[{"embeddable":true,"href":"https:\/\/www.conselharan.org\/ca\/wp-json\/wp\/v2\/comments?post=23693"}],"version-history":[{"count":1,"href":"https:\/\/www.conselharan.org\/ca\/wp-json\/wp\/v2\/posts\/23693\/revisions"}],"predecessor-version":[{"id":23694,"href":"https:\/\/www.conselharan.org\/ca\/wp-json\/wp\/v2\/posts\/23693\/revisions\/23694"}],"wp:featuredmedia":[{"embeddable":true,"href":"https:\/\/www.conselharan.org\/ca\/wp-json\/wp\/v2\/media\/23687"}],"wp:attachment":[{"href":"https:\/\/www.conselharan.org\/ca\/wp-json\/wp\/v2\/media?parent=23693"}],"wp:term":[{"taxonomy":"category","embeddable":true,"href":"https:\/\/www.conselharan.org\/ca\/wp-json\/wp\/v2\/categories?post=23693"},{"taxonomy":"post_tag","embeddable":true,"href":"https:\/\/www.conselharan.org\/ca\/wp-json\/wp\/v2\/tags?post=23693"}],"curies":[{"name":"wp","href":"https:\/\/api.w.org\/{rel}","templated":true}]}}