{"id":23716,"date":"2018-08-14T16:13:46","date_gmt":"2018-08-14T14:13:46","guid":{"rendered":"http:\/\/www.conselharan.org\/?p=23716"},"modified":"2018-08-14T17:30:19","modified_gmt":"2018-08-14T15:30:19","slug":"entronitzacio-de-la-imatge-de-sant-roc-a-vilamos","status":"publish","type":"post","link":"https:\/\/www.conselharan.org\/ca\/entronitzacio-de-la-imatge-de-sant-roc-a-vilamos\/","title":{"rendered":"Entronitzaci\u00f3 de la imatge de Sant R\u00f2c a Vilam\u00f2s"},"content":{"rendered":"<p>Vielha, 14 d&#8217;agost de 2018.- El proper dia 15 d&#8217;agost, coincidint amb la Festa Major de Vilam\u00f2s, tindr\u00e0 lloc la cerim\u00f2nia d&#8217;entronitzaci\u00f3 de la imatge de Sant R\u00f2c, sant patr\u00f3 de la poblaci\u00f3.<\/p>\n<p>La cerim\u00f2nia d&#8217;entronitzaci\u00f3 anir\u00e0 acompanyada d&#8217;una missa cantada en aran\u00e8s a c\u00e0rrec de la coral \u00c9s Paoesses de l&#8217;Associaci\u00f3 Es Paums, dirigida por Luc\u00eda Mas.<\/p>\n<p>La talla \u00e9s obra de l&#8217;artista <strong>Antonio Fern\u00e1ndez de Ortega e Garc\u00eda de Acilu<\/strong>, escultor-policromador de Vit\u00f2ria-Gasteiz, autor tamb\u00e9 de la imatge de la Mair de Diu de Montgarri.<\/p>\n<p>Fern\u00e1ndez de Ortega e Garcia de Acilu va comen\u00e7ar per treballar a la Val d\u2019Aran fa m\u00e9s de quinze anys i \u00e9s l\u2019autor d\u2019obres com: la restauraci\u00f3 de la Creu Processionau de Les, la c\u00f2pia de la Mare de D\u00e9u de Mijaran, el Davallament del Crist de Mijaran amb els personatges de Nostre Senyor, la Mare de D\u00e9u, Jus\u00e8p d\u2019Arimatea, Nicodem i Sant Joan a volum natural prenent com a refer\u00e8ncia el Crist de Mijaran i els diferents davallaments rom\u00e0nics de l\u2019Atelier d\u2019Erill i de la Vall de Bo\u00ed, el Retaule de Mijaran amb les imatges de Jaime 1er i el Venerable Frare Joan de Vilam\u00f2s, la restauraci\u00f3 de Santa L\u00facia, Sant Juli\u00e0 i la Mare de D\u00e9u de Gar\u00f2s, o de Santa Anna amb la Mare de D\u00e9u nena, Sant R\u00f2c, la Mare de D\u00e9u del Roser d\u2019Aubert i Nostra Senyora de Montgarri.<\/p>\n<p><a href=\"http:\/\/www.conselharan.org\/wp-content\/uploads\/2018\/08\/Entronitzaci\u00f3-Sant-R\u00f2c-de-Vilam\u00f2s.jpg\"><img loading=\"lazy\" decoding=\"async\" class=\"aligncenter size-full wp-image-23711\" src=\"http:\/\/www.conselharan.org\/wp-content\/uploads\/2018\/08\/Entronitzaci\u00f3-Sant-R\u00f2c-de-Vilam\u00f2s.jpg\" alt=\"\" width=\"679\" height=\"960\" srcset=\"https:\/\/www.conselharan.org\/wp-content\/uploads\/2018\/08\/Entronitzaci\u00f3-Sant-R\u00f2c-de-Vilam\u00f2s.jpg 679w, https:\/\/www.conselharan.org\/wp-content\/uploads\/2018\/08\/Entronitzaci\u00f3-Sant-R\u00f2c-de-Vilam\u00f2s-212x300.jpg 212w\" sizes=\"(max-width: 679px) 100vw, 679px\" \/><\/a><\/p>\n<p>L&#8217;entronitzaci\u00f3 i l&#8217;execuci\u00f3 de la nova imatge de Sant R\u00f2c ha estat possible gr\u00e0cies als creadors i coordinadors del projecte i d&#8217;execuci\u00f3 de la imatge, el president de l&#8217;Associaci\u00f3 Es Paums Jus\u00e8p Antoni Castet Varela i <strong>J\u00e8p de Montoya e Parra<\/strong>, vicepresident segon de l&#8217;Associaci\u00f3 Es Paums i Assessor en Cultura i Patrimoni del Conselh Generau d&#8217;Aran.<\/p>\n<p><a href=\"http:\/\/www.conselharan.org\/wp-content\/uploads\/2018\/08\/Sant-R\u00f2c-de-Vilam\u00f2s-2.jpg\"><img loading=\"lazy\" decoding=\"async\" class=\"aligncenter size-large wp-image-23725\" src=\"http:\/\/www.conselharan.org\/wp-content\/uploads\/2018\/08\/Sant-R\u00f2c-de-Vilam\u00f2s-2-1024x576.jpg\" alt=\"\" width=\"1024\" height=\"576\" srcset=\"https:\/\/www.conselharan.org\/wp-content\/uploads\/2018\/08\/Sant-R\u00f2c-de-Vilam\u00f2s-2-1024x576.jpg 1024w, https:\/\/www.conselharan.org\/wp-content\/uploads\/2018\/08\/Sant-R\u00f2c-de-Vilam\u00f2s-2-300x169.jpg 300w, https:\/\/www.conselharan.org\/wp-content\/uploads\/2018\/08\/Sant-R\u00f2c-de-Vilam\u00f2s-2-768x432.jpg 768w, https:\/\/www.conselharan.org\/wp-content\/uploads\/2018\/08\/Sant-R\u00f2c-de-Vilam\u00f2s-2.jpg 1600w\" sizes=\"(max-width: 1024px) 100vw, 1024px\" \/><\/a><\/p>\n<p>L&#8217;acte, que tindr\u00e0 lloc a les 13h a l&#8217;esgl\u00e9sia de Santa Maria de Vilam\u00f2s, comptar\u00e0 amb la pres\u00e8ncia de <strong>Joseph Geethafonkalan<\/strong>, rector de Vilam\u00f2s; del sindic d&#8217;Aran, <strong>Carlos Barrera<\/strong>; de <strong>Francisco Castet Cond\u00f2<\/strong>, alcalde de Vilam\u00f2s; i de <strong>Jos\u00e9 Antonio Castet<\/strong>, president de l&#8217;Associaci\u00f3 Es Paums, entre d&#8217;altres.<\/p>\n<p>L&#8217;entronitzaci\u00f3 de la imatge de Sant R\u00f2c, ha estat possible gr\u00e0cies a la col\u00b7laboraci\u00f3 de diferents institucions i particulars.<\/p>\n ","protected":false},"excerpt":{"rendered":"<p>Vielha, 14 d&#8217;agost de 2018.- El proper dia 15 d&#8217;agost, coincidint amb la Festa Major de Vilam\u00f2s, tindr\u00e0 lloc la cerim\u00f2nia d&#8217;entronitzaci\u00f3 de la imatge de Sant R\u00f2c, sant patr\u00f3 de la poblaci\u00f3. La cerim\u00f2nia d&#8217;entronitzaci\u00f3 anir\u00e0 acompanyada d&#8217;una missa cantada en aran\u00e8s a c\u00e0rrec de la coral \u00c9s Paoesses de l&#8217;Associaci\u00f3 Es Paums, dirigida&#8230;<\/p>\n","protected":false},"author":2,"featured_media":23726,"comment_status":"closed","ping_status":"closed","sticky":false,"template":"","format":"standard","meta":{"footnotes":""},"categories":[33],"tags":[],"_links":{"self":[{"href":"https:\/\/www.conselharan.org\/ca\/wp-json\/wp\/v2\/posts\/23716"}],"collection":[{"href":"https:\/\/www.conselharan.org\/ca\/wp-json\/wp\/v2\/posts"}],"about":[{"href":"https:\/\/www.conselharan.org\/ca\/wp-json\/wp\/v2\/types\/post"}],"author":[{"embeddable":true,"href":"https:\/\/www.conselharan.org\/ca\/wp-json\/wp\/v2\/users\/2"}],"replies":[{"embeddable":true,"href":"https:\/\/www.conselharan.org\/ca\/wp-json\/wp\/v2\/comments?post=23716"}],"version-history":[{"count":5,"href":"https:\/\/www.conselharan.org\/ca\/wp-json\/wp\/v2\/posts\/23716\/revisions"}],"predecessor-version":[{"id":23731,"href":"https:\/\/www.conselharan.org\/ca\/wp-json\/wp\/v2\/posts\/23716\/revisions\/23731"}],"wp:featuredmedia":[{"embeddable":true,"href":"https:\/\/www.conselharan.org\/ca\/wp-json\/wp\/v2\/media\/23726"}],"wp:attachment":[{"href":"https:\/\/www.conselharan.org\/ca\/wp-json\/wp\/v2\/media?parent=23716"}],"wp:term":[{"taxonomy":"category","embeddable":true,"href":"https:\/\/www.conselharan.org\/ca\/wp-json\/wp\/v2\/categories?post=23716"},{"taxonomy":"post_tag","embeddable":true,"href":"https:\/\/www.conselharan.org\/ca\/wp-json\/wp\/v2\/tags?post=23716"}],"curies":[{"name":"wp","href":"https:\/\/api.w.org\/{rel}","templated":true}]}}