{"id":23747,"date":"2018-08-16T11:07:18","date_gmt":"2018-08-16T09:07:18","guid":{"rendered":"http:\/\/www.conselharan.org\/?p=23747"},"modified":"2018-08-16T11:41:46","modified_gmt":"2018-08-16T09:41:46","slug":"diferents-activitats-a-la-fira-het-a-man-het-aciu","status":"publish","type":"post","link":"https:\/\/www.conselharan.org\/ca\/diferents-activitats-a-la-fira-het-a-man-het-aciu\/","title":{"rendered":"Diferents activitats a la fira \u201cH\u00e8t a man, h\u00e8t aciu\u201d"},"content":{"rendered":"<p>Vielha, 16 d\u2019agost de 2018.- La Fira d\u2019artesania de la Val d\u2019Aran \u201cH\u00e8t a man, h\u00e8t aciu\u201d que es celebra del 16 al 19 d\u2019agost al Passeig de la Llibertat de Vielha, proposa diferents activitats relacionades amb el m\u00f3n de l\u2019artesania en les que hi podran participar tots els assistents.<\/p>\n<p>Els visitants a la fira podran apropar-se als estands per comprar els diferents productes i, a m\u00e9s, grans i petits podran gaudir dels tallers i demostracions.<\/p>\n<p><a href=\"http:\/\/www.conselharan.org\/wp-content\/uploads\/2018\/08\/Tallers-H\u00e8t-a-Man-1.jpg\"><img loading=\"lazy\" decoding=\"async\" class=\"aligncenter size-full wp-image-23745\" src=\"http:\/\/www.conselharan.org\/wp-content\/uploads\/2018\/08\/Tallers-H\u00e8t-a-Man-1.jpg\" alt=\"\" width=\"536\" height=\"502\" srcset=\"https:\/\/www.conselharan.org\/wp-content\/uploads\/2018\/08\/Tallers-H\u00e8t-a-Man-1.jpg 536w, https:\/\/www.conselharan.org\/wp-content\/uploads\/2018\/08\/Tallers-H\u00e8t-a-Man-1-300x281.jpg 300w\" sizes=\"(max-width: 536px) 100vw, 536px\" \/><\/a><\/p>\n<p>Divendres dia 17 d\u2019agost de 11:30 a 13:00h \u201cPinta\u2019t la cara\u201d a c\u00e0rrec de Kris Nart (gratu\u00eft). De 17:00 a 18:30h elaboraci\u00f3 del teu sac arom\u00e0tic \u201cDorm b\u00e9\u201d a c\u00e0rrec de Gemma Llobet. De 19:00 a 20:30h Taller de reciclatge a c\u00e0rrec de Dwayna Artesania.<\/p>\n<p>Dissabte 18 d\u2019agost de 17:00 a 18:30h elaboraci\u00f3 del teu joguet giratori a c\u00e0rrec de Baobab Artesania. De 19:00 a 20:30h decora i pinta la teva cara a c\u00e0rrec d\u2019Olga Zubatii (gratu\u00eft).<\/p>\n<p>El m\u00e0xim de persones participants per taller \u00e9s de 15 i el preu per participar-hi \u00e9s de 2\u20ac, excepte els tallers gratu\u00efts.<\/p>\n<p><a href=\"http:\/\/www.conselharan.org\/wp-content\/uploads\/2018\/08\/cartell-artesania-ok-2018.jpg\"><img loading=\"lazy\" decoding=\"async\" class=\"aligncenter size-large wp-image-23575\" src=\"http:\/\/www.conselharan.org\/wp-content\/uploads\/2018\/08\/cartell-artesania-ok-2018-730x1024.jpg\" alt=\"\" width=\"730\" height=\"1024\" srcset=\"https:\/\/www.conselharan.org\/wp-content\/uploads\/2018\/08\/cartell-artesania-ok-2018-730x1024.jpg 730w, https:\/\/www.conselharan.org\/wp-content\/uploads\/2018\/08\/cartell-artesania-ok-2018-214x300.jpg 214w, https:\/\/www.conselharan.org\/wp-content\/uploads\/2018\/08\/cartell-artesania-ok-2018-768x1077.jpg 768w, https:\/\/www.conselharan.org\/wp-content\/uploads\/2018\/08\/cartell-artesania-ok-2018.jpg 1819w\" sizes=\"(max-width: 730px) 100vw, 730px\" \/><\/a><\/p>\n<p>Fins a 26 artesans participen enguany a la fira que organitza el Conselh Generau d\u2019Aran amb la col\u00b7laboraci\u00f3 de la Diputaci\u00f3 de Lleida, Foment Torisme Val d\u2019Aran, l\u2019Ajuntament de Vielha e Mijaran, l\u2019Associaci\u00f3 d\u2019Artesans i Artistes de la Val d\u2019Aran, productors de la marca de garantia \u201cProductes de la Val d\u2019Aran\u201d i\u00a0 l\u2019Associaci\u00f3 de Cases de Pag\u00e8s a la Val d\u2019Aran.<\/p>\n ","protected":false},"excerpt":{"rendered":"<p>Vielha, 16 d\u2019agost de 2018.- La Fira d\u2019artesania de la Val d\u2019Aran \u201cH\u00e8t a man, h\u00e8t aciu\u201d que es celebra del 16 al 19 d\u2019agost al Passeig de la Llibertat de Vielha, proposa diferents activitats relacionades amb el m\u00f3n de l\u2019artesania en les que hi podran participar tots els assistents. Els visitants a la fira&#8230;<\/p>\n","protected":false},"author":2,"featured_media":23745,"comment_status":"closed","ping_status":"closed","sticky":false,"template":"","format":"standard","meta":{"footnotes":""},"categories":[53],"tags":[],"_links":{"self":[{"href":"https:\/\/www.conselharan.org\/ca\/wp-json\/wp\/v2\/posts\/23747"}],"collection":[{"href":"https:\/\/www.conselharan.org\/ca\/wp-json\/wp\/v2\/posts"}],"about":[{"href":"https:\/\/www.conselharan.org\/ca\/wp-json\/wp\/v2\/types\/post"}],"author":[{"embeddable":true,"href":"https:\/\/www.conselharan.org\/ca\/wp-json\/wp\/v2\/users\/2"}],"replies":[{"embeddable":true,"href":"https:\/\/www.conselharan.org\/ca\/wp-json\/wp\/v2\/comments?post=23747"}],"version-history":[{"count":2,"href":"https:\/\/www.conselharan.org\/ca\/wp-json\/wp\/v2\/posts\/23747\/revisions"}],"predecessor-version":[{"id":23752,"href":"https:\/\/www.conselharan.org\/ca\/wp-json\/wp\/v2\/posts\/23747\/revisions\/23752"}],"wp:featuredmedia":[{"embeddable":true,"href":"https:\/\/www.conselharan.org\/ca\/wp-json\/wp\/v2\/media\/23745"}],"wp:attachment":[{"href":"https:\/\/www.conselharan.org\/ca\/wp-json\/wp\/v2\/media?parent=23747"}],"wp:term":[{"taxonomy":"category","embeddable":true,"href":"https:\/\/www.conselharan.org\/ca\/wp-json\/wp\/v2\/categories?post=23747"},{"taxonomy":"post_tag","embeddable":true,"href":"https:\/\/www.conselharan.org\/ca\/wp-json\/wp\/v2\/tags?post=23747"}],"curies":[{"name":"wp","href":"https:\/\/api.w.org\/{rel}","templated":true}]}}