{"id":23760,"date":"2018-08-16T13:30:18","date_gmt":"2018-08-16T11:30:18","guid":{"rendered":"http:\/\/www.conselharan.org\/?p=23760"},"modified":"2018-08-16T13:34:18","modified_gmt":"2018-08-16T11:34:18","slug":"concert-des-paoesses-a-la-residencia-sant-antoni-de-vielha","status":"publish","type":"post","link":"https:\/\/www.conselharan.org\/ca\/concert-des-paoesses-a-la-residencia-sant-antoni-de-vielha\/","title":{"rendered":"Concert d&#8217;Es Paoesses a la Residencia Sant Antoni de Vielha"},"content":{"rendered":"<p>Vielha, 16 d&#8217;agost de 2018.- Emocionant ambient amb l&#8217;actuaci\u00f3, a la Residencia Sant Antoni de Vielha, de la Coral de l&#8217;Associaci\u00f3 Es Paums, una activitat per a la gent gran organitzada des del Conselh Generau d&#8217;Aran.<\/p>\n<p>Dimarts al mat\u00ed va tenir lloc el primer dels concerts de la formaci\u00f3 coral Es Paoesses que \u00e9s la secci\u00f3 de veus de l&#8217;Associaci\u00f3 Es Paums.<\/p>\n<p><a href=\"http:\/\/www.conselharan.org\/wp-content\/uploads\/2018\/08\/Concert-residencia-sant-Antoni-1.jpg\"><img loading=\"lazy\" decoding=\"async\" class=\"aligncenter size-large wp-image-23758\" src=\"http:\/\/www.conselharan.org\/wp-content\/uploads\/2018\/08\/Concert-residencia-sant-Antoni-1-1024x576.jpg\" alt=\"\" width=\"1024\" height=\"576\" srcset=\"https:\/\/www.conselharan.org\/wp-content\/uploads\/2018\/08\/Concert-residencia-sant-Antoni-1-1024x576.jpg 1024w, https:\/\/www.conselharan.org\/wp-content\/uploads\/2018\/08\/Concert-residencia-sant-Antoni-1-300x169.jpg 300w, https:\/\/www.conselharan.org\/wp-content\/uploads\/2018\/08\/Concert-residencia-sant-Antoni-1-768x432.jpg 768w, https:\/\/www.conselharan.org\/wp-content\/uploads\/2018\/08\/Concert-residencia-sant-Antoni-1.jpg 1600w\" sizes=\"(max-width: 1024px) 100vw, 1024px\" \/><\/a><\/p>\n<p>Aquesta actuaci\u00f3 forma part del cicle Matins musicals a la residencia.<\/p>\n<p>En l&#8217;actuaci\u00f3 la coral va estar acompanyada per la hist\u00f2rica banda Es Paums.<\/p>\n<p><a href=\"http:\/\/www.conselharan.org\/wp-content\/uploads\/2018\/08\/Concert-residencia-sant-Antoni-2.jpg\"><img loading=\"lazy\" decoding=\"async\" class=\"aligncenter size-large wp-image-23764\" src=\"http:\/\/www.conselharan.org\/wp-content\/uploads\/2018\/08\/Concert-residencia-sant-Antoni-2-1024x400.jpg\" alt=\"\" width=\"1024\" height=\"400\" srcset=\"https:\/\/www.conselharan.org\/wp-content\/uploads\/2018\/08\/Concert-residencia-sant-Antoni-2-1024x400.jpg 1024w, https:\/\/www.conselharan.org\/wp-content\/uploads\/2018\/08\/Concert-residencia-sant-Antoni-2-300x117.jpg 300w, https:\/\/www.conselharan.org\/wp-content\/uploads\/2018\/08\/Concert-residencia-sant-Antoni-2-768x300.jpg 768w, https:\/\/www.conselharan.org\/wp-content\/uploads\/2018\/08\/Concert-residencia-sant-Antoni-2.jpg 1161w\" sizes=\"(max-width: 1024px) 100vw, 1024px\" \/><\/a><\/p>\n<p>La propera intervenci\u00f3 musical d&#8217;Es Paoesses ser\u00e0 divendres que ve dia 17 d&#8217;agost a les 22:30h al Museu Joanchiquet de Vilam\u00f2s. En aquesta ocasi\u00f3 Es Paoesses comptaran amb la col\u00b7laboraci\u00f3 de la Coral Margalida de Boss\u00f2st i de la Cantant aranesa Luc\u00eda Mas.<\/p>\n ","protected":false},"excerpt":{"rendered":"<p>Vielha, 16 d&#8217;agost de 2018.- Emocionant ambient amb l&#8217;actuaci\u00f3, a la Residencia Sant Antoni de Vielha, de la Coral de l&#8217;Associaci\u00f3 Es Paums, una activitat per a la gent gran organitzada des del Conselh Generau d&#8217;Aran. Dimarts al mat\u00ed va tenir lloc el primer dels concerts de la formaci\u00f3 coral Es Paoesses que \u00e9s la&#8230;<\/p>\n","protected":false},"author":2,"featured_media":23758,"comment_status":"closed","ping_status":"closed","sticky":false,"template":"","format":"standard","meta":{"footnotes":""},"categories":[33],"tags":[],"_links":{"self":[{"href":"https:\/\/www.conselharan.org\/ca\/wp-json\/wp\/v2\/posts\/23760"}],"collection":[{"href":"https:\/\/www.conselharan.org\/ca\/wp-json\/wp\/v2\/posts"}],"about":[{"href":"https:\/\/www.conselharan.org\/ca\/wp-json\/wp\/v2\/types\/post"}],"author":[{"embeddable":true,"href":"https:\/\/www.conselharan.org\/ca\/wp-json\/wp\/v2\/users\/2"}],"replies":[{"embeddable":true,"href":"https:\/\/www.conselharan.org\/ca\/wp-json\/wp\/v2\/comments?post=23760"}],"version-history":[{"count":2,"href":"https:\/\/www.conselharan.org\/ca\/wp-json\/wp\/v2\/posts\/23760\/revisions"}],"predecessor-version":[{"id":23766,"href":"https:\/\/www.conselharan.org\/ca\/wp-json\/wp\/v2\/posts\/23760\/revisions\/23766"}],"wp:featuredmedia":[{"embeddable":true,"href":"https:\/\/www.conselharan.org\/ca\/wp-json\/wp\/v2\/media\/23758"}],"wp:attachment":[{"href":"https:\/\/www.conselharan.org\/ca\/wp-json\/wp\/v2\/media?parent=23760"}],"wp:term":[{"taxonomy":"category","embeddable":true,"href":"https:\/\/www.conselharan.org\/ca\/wp-json\/wp\/v2\/categories?post=23760"},{"taxonomy":"post_tag","embeddable":true,"href":"https:\/\/www.conselharan.org\/ca\/wp-json\/wp\/v2\/tags?post=23760"}],"curies":[{"name":"wp","href":"https:\/\/api.w.org\/{rel}","templated":true}]}}