{"id":23775,"date":"2018-08-17T12:47:55","date_gmt":"2018-08-17T10:47:55","guid":{"rendered":"http:\/\/www.conselharan.org\/?p=23775"},"modified":"2018-08-17T12:47:55","modified_gmt":"2018-08-17T10:47:55","slug":"beques-de-caracter-general-pel-curs-academic-20182019","status":"publish","type":"post","link":"https:\/\/www.conselharan.org\/ca\/beques-de-caracter-general-pel-curs-academic-20182019\/","title":{"rendered":"Beques de car\u00e0cter general pel Curs Acad\u00e8mic 2018\/2019"},"content":{"rendered":"<p>Vielha, 17 d\u2019agost de 2018.- El Conselh Generau d\u2019Aran, mitjan\u00e7ant l\u2019Oficina de Joventut, donar\u00e0 informaci\u00f3 i assessorament sobre convocat\u00f2ria de beques de car\u00e0cter general pel curs 2018-2019, del Ministeri d\u2019Educaci\u00f3.<\/p>\n<p><a href=\"http:\/\/www.conselharan.org\/wp-content\/uploads\/2018\/08\/Beques-2.jpg\"><img loading=\"lazy\" decoding=\"async\" class=\"aligncenter size-large wp-image-23773\" src=\"http:\/\/www.conselharan.org\/wp-content\/uploads\/2018\/08\/Beques-2-1024x766.jpg\" alt=\"\" width=\"1024\" height=\"766\" srcset=\"https:\/\/www.conselharan.org\/wp-content\/uploads\/2018\/08\/Beques-2.jpg 1024w, https:\/\/www.conselharan.org\/wp-content\/uploads\/2018\/08\/Beques-2-300x224.jpg 300w, https:\/\/www.conselharan.org\/wp-content\/uploads\/2018\/08\/Beques-2-768x575.jpg 768w\" sizes=\"(max-width: 1024px) 100vw, 1024px\" \/><\/a><\/p>\n<p>Aquestes beques inclouran alguna o algunes de les seg\u00fcents quantitats:<\/p>\n<p>\u2013 Quantitats fixes: beca matricula, quantitat fixa relacionada amb la renda de l\u2019estudiant, quantitat fixa relacionada amb la resid\u00e8ncia de l\u2019estudiant pendent el curs escolar i\/o beca b\u00e0sica.<\/p>\n<p>\u2013 Quantitat variable: resultar\u00e0 de la ponderaci\u00f3 de la nota mitja de l\u2019expedient de l\u2019estudiant i la seva renda familiar.<\/p>\n<p><strong>BEQUES DE CAR\u00c0CTER GENERAL PER ESTUDIANTS DE CURSOS POSTOBLIGAT\u00d2RIS I SUPERIORS NO UNIVERSITARIS:<\/strong><\/p>\n<p><strong>Les beques es convoquen pels seg\u00fcents estudis:<\/strong><\/p>\n<p>\u2013 Primer i segon curs de batxillerat<\/p>\n<p>\u2013 Formaci\u00f3 Professional de grau mig i superior<\/p>\n<p>\u2013 Ensenyaments art\u00edstics professionals<\/p>\n<p>\u2013 Ensenyaments esportius<\/p>\n<p>\u2013 Estudis d\u2019idiomes realitzats a escoles oficials de titularitat de les administracions educatives<\/p>\n<p>\u2013 Ensenyaments art\u00edstics superiors<\/p>\n<p>\u2013 Estudis religiosos superiors<\/p>\n<p>\u2013 Estudis militars superiors<\/p>\n<p>\u2013 Cursos de preparaci\u00f3 per les proves d\u2019acc\u00e9s a la Formaci\u00f3 Professional impartits pels centres p\u00fablics i concertats<\/p>\n<p>\u2013 Programes de qualificaci\u00f3 professional inicial<\/p>\n<p><strong>Requisits generals:<\/strong><\/p>\n<p>\u2013 No tenir possessi\u00f3 o no tenir els requisits legals per l\u2019obtenci\u00f3 d\u2019un t\u00edtol del mateix o superior nivell pel qual se sol\u00b7licita la beca.<\/p>\n<p>\u2013 Ser espanyol, o posseir la nacionalitat d\u2019un Estat membre de la Uni\u00f3 Europea.<\/p>\n<p>\u2013 Reunir la resta de requisits acad\u00e8mics i econ\u00f2mics que especifica la convocat\u00f2ria.<\/p>\n<p><strong>Requisits acad\u00e8mics:<\/strong><\/p>\n<p>\u2013 Estar matriculat en el 2018\/2019 del curs complet o als m\u00f2duls que determina la convocat\u00f2ria.<\/p>\n<p><strong>Requisits econ\u00f2mics:<\/strong><\/p>\n<p>\u2013 No passar els l\u00edmits de la renda i patrimoni familiar establert en la convocat\u00f2ria.<\/p>\n<p><strong>Sol\u00b7licituds:<\/strong><\/p>\n<p>La sol\u00b7licitud s\u2019ha de completar mitjan\u00e7ant el formulari accessible carretera Internet a trav\u00e9s de la seu electr\u00f2nica del Departament en l\u2019adre\u00e7a <a href=\"https:\/\/www.mecd.gob.es\/portada-mecd\/\">https:\/\/www.mecd.gob.es\/portada-mecd\/<\/a><\/p>\n<p>No cal aportar documentaci\u00f3, nom\u00e9s en determinades situacions es tindr\u00e0 d\u2019aportar la documentaci\u00f3 concreta que se li especificar\u00e0 en el formulari. Per\u00f2, per emplenar correctament el formulari \u00e9s necessari tenir la seg\u00fcent documentaci\u00f3:<\/p>\n<p>\u2013 DNI de tots els membres computables de la fam\u00edlia<\/p>\n<p>\u2013 N\u00famero de compte bancari (el sol\u00b7licitant ha de ser titular o co-titular)<\/p>\n<p>\u2013 Matr\u00edcula del curs 2018\/2019<\/p>\n<p>\u2013 Dades del curs anterior (nom i localitat del centre on es van realitzar els estudis l\u2019any anterior)<\/p>\n<p>\u2013 Si l\u2019estudiant roman fora del domicili familiar pendent el curs escolar:<\/p>\n<p>o Contracte de lloguer<\/p>\n<p>o Dades de la resid\u00e8ncia<\/p>\n<p>\u2013 T\u00edtol de fam\u00edlia nombrosa<\/p>\n<p>\u2013 Resoluci\u00f3 de reconeixement del discapacitat (s\u2019hi ha algun germ\u00e0 o germana afectada)<\/p>\n<p>\u2013 Germ\u00e0\/na universitaris, dades de la universitat on estudi\u00ef.<\/p>\n<p><strong>El termini de presentaci\u00f3 de les sol\u00b7licituds \u00e9s fins al 1 d\u2019octubre de 2018.<\/strong><\/p>\n<p><strong>\u00a0<\/strong><\/p>\n<p><strong>BEQUES DE CAR\u00c0CTER GENERAL PER ESTUDIANTS D\u2019ENSENYAMENTS UNIVERSITARIS:<\/strong><\/p>\n<p><strong>Les beques es convoquen pels estudis seg\u00fcents:<\/strong><\/p>\n<p>\u2013 Ensenyaments universitaris de Grau i de M\u00e0ster<\/p>\n<p>\u2013 Ensenyaments universitaris de llicenciatures i diplomatures.<\/p>\n<p>\u2013 Curs de preparaci\u00f3 per l\u2019acc\u00e9s a la universitat de majors de 25 anys impartits per universitats p\u00fabliques.<\/p>\n<p>\u2013 Complements de formaci\u00f3 per l\u2019acc\u00e9s a m\u00e0ster, grau o per seguir estudis oficials de llicenciatures.<\/p>\n<p><strong>Requisits generals:<\/strong><\/p>\n<p>\u2013 No tenir possessi\u00f3 o no tenir els requisits legals per l\u2019obtenci\u00f3 d\u2019un t\u00edtol del mateix o superior nivell pel qual se sol\u00b7licita la beca.<\/p>\n<p>\u2013 Ser espanyol, o posseir la nacionalitat d\u2019un Estat membre de la Uni\u00f3 Europea.<\/p>\n<p>\u2013 Reunir la resta de requisits acad\u00e8mics i econ\u00f2mics que especifica la convocat\u00f2ria.<\/p>\n<p><strong>Requisits acad\u00e8mics generals:<\/strong><\/p>\n<p>\u2013 Estar matriculat en el 2018\/2019 de 60 cr\u00e8dits en els estudis de Grau<\/p>\n<p>\u2013 Per estudis de primer o segon cicle: El nombre de cr\u00e8dits que resulti de dividir el total de cr\u00e8dits que integri el pla estudis entre els anys de que es compongui.<\/p>\n<p>\u2013 Per estudiants de segon curs, tenir aprovat els cr\u00e8dits i el rendiment acad\u00e8mic establert en la convocat\u00f2ria.<\/p>\n<p><strong>Requisits econ\u00f2mics:<\/strong><\/p>\n<p>\u2013 No passar els l\u00edmits de la renda i patrimoni familiar establert en la convocat\u00f2ria.<\/p>\n<p><strong>Sol\u00b7licituds:<\/strong><\/p>\n<p>La sol\u00b7licitud s\u2019ha de completar mitjan\u00e7ant el formulari accessible via Internet a trav\u00e9s de la seu electr\u00f2nica del Departament en l\u2019adre\u00e7a <a href=\"https:\/\/www.mecd.gob.es\/portada-mecd\/\">https:\/\/www.mecd.gob.es\/portada-mecd\/<\/a><\/p>\n<p>No cal aportar documentaci\u00f3, nom\u00e9s en determinades situacions es tindr\u00e0 d\u2019aportar la documentaci\u00f3 concreta que se li especificar\u00e0 en el formulari. A m\u00e9s, per emplenar correctament el formulari \u00e9s necessari tenir la seg\u00fcent documentaci\u00f3:<\/p>\n<p>\u2013 DNI de tots els membres computables de la fam\u00edlia<\/p>\n<p>\u2013 N\u00famero de compte bancari (el sol\u00b7licitant ha de ser titular o co-titular)<\/p>\n<p>\u2013 Matr\u00edcula del curs 2018\/2019<\/p>\n<p>\u2013 Dades del curs anterior (nom i localitat del centre on es van realitzar els estudis l\u2019any anterior)<\/p>\n<p>\u2013 Per estudiants de primer curs la nota d\u2019acc\u00e9s a la universitat<\/p>\n<p>\u2013 Si l\u2019estudiant roman fora del domicili familiar pendent el curs escolar:<\/p>\n<p>o Contracte de lloguer<\/p>\n<p>o Dades de la resid\u00e8ncia<\/p>\n<p>\u2013 T\u00edtol de fam\u00edlia nombrosa<\/p>\n<p>\u2013 Resoluci\u00f3 de reconeixement del discapacitat (s\u2019hi ha algun germ\u00e0 o germana afectada)<\/p>\n<p>\u2013 Germ\u00e0\/na universitaris, dades de la universitat on estudi\u00ef.<\/p>\n<p><strong>El termini de presentaci\u00f3 de les sol\u00b7licituds \u00e9s fins al 15 d\u2019octubre de 2018.<\/strong><\/p>\n<p><strong>Per a m\u00e9s informaci\u00f3 podeu adre\u00e7ar-vos a l\u2019Oficina de Joventut (C\/Major, 36), concertant hora per avan\u00e7, en l\u2019horari d\u2019atenci\u00f3 al p\u00fablic: de dilluns a divendres de 08h00 a 15h00.<\/strong> <strong>Tel: 973 64 06 25<\/strong>. <strong>Email:<\/strong> <a href=\"mailto:joenessa@aran.org\">joenessa@aran.org<\/a><\/p>\n<p>Per ampliar informaci\u00f3, en el seg\u00fcent link podeu consultar la web que ha elaborat el ministeri per la convocat\u00f2ria de les beques:<\/p>\n<p><a href=\"http:\/\/www.mecd.gob.es\/educacion\/mc\/becas-generales\/2018-2019\/inicio.html\">http:\/\/www.mecd.gob.es\/educacion\/mc\/becas-generales\/2018-2019\/inicio.html<\/a><\/p>\n<p>&nbsp;<\/p>\n<p>&nbsp;<\/p>\n<p>&nbsp;<\/p>\n<p>&nbsp;<\/p>\n<p>&nbsp;<\/p>\n ","protected":false},"excerpt":{"rendered":"<p>Vielha, 17 d\u2019agost de 2018.- El Conselh Generau d\u2019Aran, mitjan\u00e7ant l\u2019Oficina de Joventut, donar\u00e0 informaci\u00f3 i assessorament sobre convocat\u00f2ria de beques de car\u00e0cter general pel curs 2018-2019, del Ministeri d\u2019Educaci\u00f3. Aquestes beques inclouran alguna o algunes de les seg\u00fcents quantitats: \u2013 Quantitats fixes: beca matricula, quantitat fixa relacionada amb la renda de l\u2019estudiant, quantitat fixa&#8230;<\/p>\n","protected":false},"author":2,"featured_media":23773,"comment_status":"closed","ping_status":"closed","sticky":false,"template":"","format":"standard","meta":{"footnotes":""},"categories":[33],"tags":[],"_links":{"self":[{"href":"https:\/\/www.conselharan.org\/ca\/wp-json\/wp\/v2\/posts\/23775"}],"collection":[{"href":"https:\/\/www.conselharan.org\/ca\/wp-json\/wp\/v2\/posts"}],"about":[{"href":"https:\/\/www.conselharan.org\/ca\/wp-json\/wp\/v2\/types\/post"}],"author":[{"embeddable":true,"href":"https:\/\/www.conselharan.org\/ca\/wp-json\/wp\/v2\/users\/2"}],"replies":[{"embeddable":true,"href":"https:\/\/www.conselharan.org\/ca\/wp-json\/wp\/v2\/comments?post=23775"}],"version-history":[{"count":1,"href":"https:\/\/www.conselharan.org\/ca\/wp-json\/wp\/v2\/posts\/23775\/revisions"}],"predecessor-version":[{"id":23776,"href":"https:\/\/www.conselharan.org\/ca\/wp-json\/wp\/v2\/posts\/23775\/revisions\/23776"}],"wp:featuredmedia":[{"embeddable":true,"href":"https:\/\/www.conselharan.org\/ca\/wp-json\/wp\/v2\/media\/23773"}],"wp:attachment":[{"href":"https:\/\/www.conselharan.org\/ca\/wp-json\/wp\/v2\/media?parent=23775"}],"wp:term":[{"taxonomy":"category","embeddable":true,"href":"https:\/\/www.conselharan.org\/ca\/wp-json\/wp\/v2\/categories?post=23775"},{"taxonomy":"post_tag","embeddable":true,"href":"https:\/\/www.conselharan.org\/ca\/wp-json\/wp\/v2\/tags?post=23775"}],"curies":[{"name":"wp","href":"https:\/\/api.w.org\/{rel}","templated":true}]}}