{"id":23784,"date":"2018-08-17T13:10:42","date_gmt":"2018-08-17T11:10:42","guid":{"rendered":"http:\/\/www.conselharan.org\/?p=23784"},"modified":"2018-08-17T13:10:42","modified_gmt":"2018-08-17T11:10:42","slug":"urbanitzacio-dels-entorns-de-la-deixalleria-de-beusa","status":"publish","type":"post","link":"https:\/\/www.conselharan.org\/ca\/urbanitzacio-dels-entorns-de-la-deixalleria-de-beusa\/","title":{"rendered":"Urbanitzaci\u00f3 dels entorns de la deixalleria de B\u00e8usa"},"content":{"rendered":"<p>Vielha, 17 d\u2019agost de 2018.- El Conselh Generau d\u2019Aran porta a terme aquests dies els treballs d\u2019urbanitzaci\u00f3 i asfaltatge dels entorns de la deixalleria de B\u00e8usa a Vielha e Mijaran.<\/p>\n<p>Aquest nou equipament que fa 2 mesos que funciona, ha significat una millora molt important de la gesti\u00f3 ambiental facilitant la col\u00b7laboraci\u00f3 ciutadana en la gesti\u00f3 sostenible del medi ambient.<\/p>\n<p><a href=\"http:\/\/www.conselharan.org\/wp-content\/uploads\/2018\/08\/Deixalleria-asfaltatge-1.jpg\"><img loading=\"lazy\" decoding=\"async\" class=\"aligncenter size-large wp-image-23780\" src=\"http:\/\/www.conselharan.org\/wp-content\/uploads\/2018\/08\/Deixalleria-asfaltatge-1-1024x768.jpg\" alt=\"\" width=\"1024\" height=\"768\" srcset=\"https:\/\/www.conselharan.org\/wp-content\/uploads\/2018\/08\/Deixalleria-asfaltatge-1-1024x768.jpg 1024w, https:\/\/www.conselharan.org\/wp-content\/uploads\/2018\/08\/Deixalleria-asfaltatge-1-300x225.jpg 300w, https:\/\/www.conselharan.org\/wp-content\/uploads\/2018\/08\/Deixalleria-asfaltatge-1-768x576.jpg 768w, https:\/\/www.conselharan.org\/wp-content\/uploads\/2018\/08\/Deixalleria-asfaltatge-1.jpg 2016w\" sizes=\"(max-width: 1024px) 100vw, 1024px\" \/><\/a><\/p>\n<p>El Govern d\u2019Aran destina un pressupost de 55.000 \u20ac en aquesta actuaci\u00f3 que tamb\u00e9 inclou la instal\u00b7laci\u00f3 d\u2019un punt de control d\u2019acc\u00e9s per delimitar els horaris en els que els usuaris poden accedir a la deixalleria.<\/p>\n<p>El conselh\u00e8r de Territori d\u2019Aran, <strong>Jos\u00e9 Antonio Boya<\/strong>, s\u2019ha mostrat satisfet dels dos primers mesos de funcionament de la deixalleria de B\u00e8usa, ja que ha dit, els usuaris s\u2019han anat acostumant a utilitzar aquest nou equipament que permet optimitzar la gesti\u00f3 del servei de recollida selectiva de residus municipals a tota la Val d\u2019Aran.<\/p>\n<p>La nova instal\u00b7laci\u00f3 est\u00e0 constru\u00efda sobre una parcel\u00b7la d\u2019uns 4.200 m2 cedida per l\u2019ACA (Ag\u00e8ncia Catalana de l\u2019Aigua) al Conselh Generau d\u2019Aran per a l\u2019adequaci\u00f3 de la instal\u00b7laci\u00f3 de la deixalleria que va resultar malmesa durant els aiguats de 2013.<\/p>\n<p>El Conselh Generau d\u2019Aran te previst executar en breu la segona fase de construcci\u00f3 de la deixalleria, per a la qual ja compta amb el finan\u00e7ament de l\u2019Agencia de Residus de Catalunya i del sistema integrat de gesti\u00f3 Ecoembes. Aquesta segona fase est\u00e0 pressupostada en 597.943\u20ac i permetr\u00e0 que l\u2019equipament compti finalment amb un total de 14 molls de descarrega.<\/p>\n<p><a href=\"http:\/\/www.conselharan.org\/wp-content\/uploads\/2018\/08\/Deixalleria-B\u00e8usa-1.jpg\"><img loading=\"lazy\" decoding=\"async\" class=\"aligncenter size-large wp-image-23781\" src=\"http:\/\/www.conselharan.org\/wp-content\/uploads\/2018\/08\/Deixalleria-B\u00e8usa-1-1024x576.jpg\" alt=\"\" width=\"1024\" height=\"576\" srcset=\"https:\/\/www.conselharan.org\/wp-content\/uploads\/2018\/08\/Deixalleria-B\u00e8usa-1.jpg 1024w, https:\/\/www.conselharan.org\/wp-content\/uploads\/2018\/08\/Deixalleria-B\u00e8usa-1-300x169.jpg 300w, https:\/\/www.conselharan.org\/wp-content\/uploads\/2018\/08\/Deixalleria-B\u00e8usa-1-768x432.jpg 768w\" sizes=\"(max-width: 1024px) 100vw, 1024px\" \/><\/a><\/p>\n<p>&nbsp;<\/p>\n ","protected":false},"excerpt":{"rendered":"<p>Vielha, 17 d\u2019agost de 2018.- El Conselh Generau d\u2019Aran porta a terme aquests dies els treballs d\u2019urbanitzaci\u00f3 i asfaltatge dels entorns de la deixalleria de B\u00e8usa a Vielha e Mijaran. Aquest nou equipament que fa 2 mesos que funciona, ha significat una millora molt important de la gesti\u00f3 ambiental facilitant la col\u00b7laboraci\u00f3 ciutadana en la&#8230;<\/p>\n","protected":false},"author":2,"featured_media":23780,"comment_status":"closed","ping_status":"closed","sticky":false,"template":"","format":"standard","meta":{"footnotes":""},"categories":[53],"tags":[],"_links":{"self":[{"href":"https:\/\/www.conselharan.org\/ca\/wp-json\/wp\/v2\/posts\/23784"}],"collection":[{"href":"https:\/\/www.conselharan.org\/ca\/wp-json\/wp\/v2\/posts"}],"about":[{"href":"https:\/\/www.conselharan.org\/ca\/wp-json\/wp\/v2\/types\/post"}],"author":[{"embeddable":true,"href":"https:\/\/www.conselharan.org\/ca\/wp-json\/wp\/v2\/users\/2"}],"replies":[{"embeddable":true,"href":"https:\/\/www.conselharan.org\/ca\/wp-json\/wp\/v2\/comments?post=23784"}],"version-history":[{"count":1,"href":"https:\/\/www.conselharan.org\/ca\/wp-json\/wp\/v2\/posts\/23784\/revisions"}],"predecessor-version":[{"id":23785,"href":"https:\/\/www.conselharan.org\/ca\/wp-json\/wp\/v2\/posts\/23784\/revisions\/23785"}],"wp:featuredmedia":[{"embeddable":true,"href":"https:\/\/www.conselharan.org\/ca\/wp-json\/wp\/v2\/media\/23780"}],"wp:attachment":[{"href":"https:\/\/www.conselharan.org\/ca\/wp-json\/wp\/v2\/media?parent=23784"}],"wp:term":[{"taxonomy":"category","embeddable":true,"href":"https:\/\/www.conselharan.org\/ca\/wp-json\/wp\/v2\/categories?post=23784"},{"taxonomy":"post_tag","embeddable":true,"href":"https:\/\/www.conselharan.org\/ca\/wp-json\/wp\/v2\/tags?post=23784"}],"curies":[{"name":"wp","href":"https:\/\/api.w.org\/{rel}","templated":true}]}}