{"id":23820,"date":"2018-08-20T11:22:14","date_gmt":"2018-08-20T09:22:14","guid":{"rendered":"http:\/\/www.conselharan.org\/?p=23820"},"modified":"2018-08-20T11:22:14","modified_gmt":"2018-08-20T09:22:14","slug":"vetllada-musical-en-el-museu-joanchiquet-de-vilamos","status":"publish","type":"post","link":"https:\/\/www.conselharan.org\/ca\/vetllada-musical-en-el-museu-joanchiquet-de-vilamos\/","title":{"rendered":"Vetllada musical en el Museu Joanchiquet de Vilam\u00f2s"},"content":{"rendered":"<p>Vielha, 20 d\u2019agost de 2018.- El passat divendres 17 d\u2019agost va tenir lloc el concert de presentaci\u00f3 oficial de la Coral Es Paoesses de Vilam\u00f2s, que \u00e9s la secci\u00f3 de veus de l\u2019Asssociaci\u00f3 Es Paums de Vilam\u00f2s.<\/p>\n<p><a href=\"http:\/\/www.conselharan.org\/wp-content\/uploads\/2018\/08\/WhatsApp-Image-2018-08-20-at-10.35.17.jpeg\"><img loading=\"lazy\" decoding=\"async\" class=\"aligncenter size-full wp-image-23818\" src=\"http:\/\/www.conselharan.org\/wp-content\/uploads\/2018\/08\/WhatsApp-Image-2018-08-20-at-10.35.17.jpeg\" alt=\"\" width=\"929\" height=\"465\" srcset=\"https:\/\/www.conselharan.org\/wp-content\/uploads\/2018\/08\/WhatsApp-Image-2018-08-20-at-10.35.17.jpeg 929w, https:\/\/www.conselharan.org\/wp-content\/uploads\/2018\/08\/WhatsApp-Image-2018-08-20-at-10.35.17-300x150.jpeg 300w, https:\/\/www.conselharan.org\/wp-content\/uploads\/2018\/08\/WhatsApp-Image-2018-08-20-at-10.35.17-768x384.jpeg 768w, https:\/\/www.conselharan.org\/wp-content\/uploads\/2018\/08\/WhatsApp-Image-2018-08-20-at-10.35.17-640x320.jpeg 640w\" sizes=\"(max-width: 929px) 100vw, 929px\" \/><\/a><\/p>\n<p>La Coral \u00e9s una iniciativa de Es Paums per promoure el cant coral, sobretot en aran\u00e8s, al nostre Pa\u00eds.<\/p>\n<p>La formaci\u00f3 Es Paoesses \u00e9s composta per vint-i cinc veus, de les quals una vintena s\u00f3n dones i a m\u00e9s \u00e9s acompanyada per la secci\u00f3 de ritme de Es Paums la hist\u00f2rica banda aranesa.<\/p>\n<p>La direcci\u00f3 musical la duu L\u00facia Mas, cantant aranesa amb experi\u00e8ncia en formacions corals.<\/p>\n<p>En el marc incomparable del palh\u00e8r de \u00e7\u00f3 de Joanchiquet Es Paoesses van oferir un repertori ben variat amb m\u00fasica aranesa, havaneres, boleros i van acabar la seva intervenci\u00f3 amb el tema en catal\u00e0 \u201cTornarem\u201d.<\/p>\n<p>A m\u00e9s de Es Paoesses en la vetllada musical hi van participar la Coral Margalida de Boss\u00f2st, Lucia Mas, el tenor Alejandro Gu\u00e0rdia i la soprano Begonya Pich\u00f2t.<\/p>\n<p>La Coral de Vilam\u00f2s que ja ha actuat en la Missa de Entronitzaci\u00f3 de Sant R\u00f2c i en els Matins Musicals a la Resid\u00e8ncia de Vielha compta amb el suport de l&#8217;Ajuntament de Vilam\u00f2s i del Conselh Generau d\u2019Aran.<\/p>\n ","protected":false},"excerpt":{"rendered":"<p>Vielha, 20 d\u2019agost de 2018.- El passat divendres 17 d\u2019agost va tenir lloc el concert de presentaci\u00f3 oficial de la Coral Es Paoesses de Vilam\u00f2s, que \u00e9s la secci\u00f3 de veus de l\u2019Asssociaci\u00f3 Es Paums de Vilam\u00f2s. La Coral \u00e9s una iniciativa de Es Paums per promoure el cant coral, sobretot en aran\u00e8s, al nostre&#8230;<\/p>\n","protected":false},"author":2,"featured_media":23818,"comment_status":"closed","ping_status":"closed","sticky":false,"template":"","format":"standard","meta":{"footnotes":""},"categories":[33],"tags":[],"_links":{"self":[{"href":"https:\/\/www.conselharan.org\/ca\/wp-json\/wp\/v2\/posts\/23820"}],"collection":[{"href":"https:\/\/www.conselharan.org\/ca\/wp-json\/wp\/v2\/posts"}],"about":[{"href":"https:\/\/www.conselharan.org\/ca\/wp-json\/wp\/v2\/types\/post"}],"author":[{"embeddable":true,"href":"https:\/\/www.conselharan.org\/ca\/wp-json\/wp\/v2\/users\/2"}],"replies":[{"embeddable":true,"href":"https:\/\/www.conselharan.org\/ca\/wp-json\/wp\/v2\/comments?post=23820"}],"version-history":[{"count":1,"href":"https:\/\/www.conselharan.org\/ca\/wp-json\/wp\/v2\/posts\/23820\/revisions"}],"predecessor-version":[{"id":23821,"href":"https:\/\/www.conselharan.org\/ca\/wp-json\/wp\/v2\/posts\/23820\/revisions\/23821"}],"wp:featuredmedia":[{"embeddable":true,"href":"https:\/\/www.conselharan.org\/ca\/wp-json\/wp\/v2\/media\/23818"}],"wp:attachment":[{"href":"https:\/\/www.conselharan.org\/ca\/wp-json\/wp\/v2\/media?parent=23820"}],"wp:term":[{"taxonomy":"category","embeddable":true,"href":"https:\/\/www.conselharan.org\/ca\/wp-json\/wp\/v2\/categories?post=23820"},{"taxonomy":"post_tag","embeddable":true,"href":"https:\/\/www.conselharan.org\/ca\/wp-json\/wp\/v2\/tags?post=23820"}],"curies":[{"name":"wp","href":"https:\/\/api.w.org\/{rel}","templated":true}]}}