{"id":23846,"date":"2018-08-22T12:27:23","date_gmt":"2018-08-22T10:27:23","guid":{"rendered":"http:\/\/www.conselharan.org\/?p=23846"},"modified":"2018-08-22T12:27:23","modified_gmt":"2018-08-22T10:27:23","slug":"activitat-per-coneixer-els-lirons-aranesos","status":"publish","type":"post","link":"https:\/\/www.conselharan.org\/ca\/activitat-per-coneixer-els-lirons-aranesos\/","title":{"rendered":"Activitat per con\u00e8ixer els lirons aranesos"},"content":{"rendered":"<p>Vielha, 22 d\u2019agost de 2018.- El proper divendres 24 d\u2019agost a les 10:30h al parc de Fauna de la Val d\u2019Aran, Aran Park, tindr\u00e0 lloc <strong>\u201cEl niu dels lirons\u201d<\/strong>, una activitat gratu\u00efta adre\u00e7ada a tots els p\u00fablics per descobrir i recon\u00e8ixer aquesta esp\u00e8cie i d\u2019altres micromamifers de la Val d\u2019Aran.<\/p>\n<p><a href=\"http:\/\/www.conselharan.org\/wp-content\/uploads\/2018\/08\/curt.jpg\"><img loading=\"lazy\" decoding=\"async\" class=\"aligncenter size-full wp-image-23844\" src=\"http:\/\/www.conselharan.org\/wp-content\/uploads\/2018\/08\/curt.jpg\" alt=\"\" width=\"723\" height=\"379\" srcset=\"https:\/\/www.conselharan.org\/wp-content\/uploads\/2018\/08\/curt.jpg 723w, https:\/\/www.conselharan.org\/wp-content\/uploads\/2018\/08\/curt-300x157.jpg 300w\" sizes=\"(max-width: 723px) 100vw, 723px\" \/><\/a><\/p>\n<p>\u201cEl niu dels lirons\u201d, est\u00e0 organitzat pel Conselh Generau d\u2019Aran a trav\u00e9s del departament d\u2019Agricultura, Ramaderia i Medi Natural en col\u00b7laboraci\u00f3 amb el parc de Fauna de la Val d\u2019Aran. L\u2019activitat inclou una xerrada amb el t\u00edtol de \u201cQu\u00e8 en sabem dels lirons grisos?\u201d I la revisi\u00f3 i control de les caixes de niu de cria.<\/p>\n<p>L\u2019activitat anir\u00e0 a c\u00e0rrec de L\u00eddia Freixas, investigadora especialitzada en aquesta esp\u00e8cie.<\/p>\n<p>Tot i que les places s\u00f3n limitades, aquelles persones que hi vulguin participar encara son a temps de formalitzar la inscripci\u00f3 telefonant al Conselh Generau d\u2019Aran (973 64 18 01) o enviant un correu a g.vilo@aran.org persona de contacte Gerard Vil\u00f3.<\/p>\n<p><a href=\"http:\/\/www.conselharan.org\/wp-content\/uploads\/2018\/08\/CARTELL_ESTIU2018_ARA-001.jpg\"><img loading=\"lazy\" decoding=\"async\" class=\"aligncenter size-large wp-image-23640\" src=\"http:\/\/www.conselharan.org\/wp-content\/uploads\/2018\/08\/CARTELL_ESTIU2018_ARA-001-724x1024.jpg\" alt=\"\" width=\"724\" height=\"1024\" srcset=\"https:\/\/www.conselharan.org\/wp-content\/uploads\/2018\/08\/CARTELL_ESTIU2018_ARA-001-724x1024.jpg 724w, https:\/\/www.conselharan.org\/wp-content\/uploads\/2018\/08\/CARTELL_ESTIU2018_ARA-001-212x300.jpg 212w, https:\/\/www.conselharan.org\/wp-content\/uploads\/2018\/08\/CARTELL_ESTIU2018_ARA-001-768x1086.jpg 768w, https:\/\/www.conselharan.org\/wp-content\/uploads\/2018\/08\/CARTELL_ESTIU2018_ARA-001.jpg 1190w\" sizes=\"(max-width: 724px) 100vw, 724px\" \/><\/a><\/p>\n ","protected":false},"excerpt":{"rendered":"<p>Vielha, 22 d\u2019agost de 2018.- El proper divendres 24 d\u2019agost a les 10:30h al parc de Fauna de la Val d\u2019Aran, Aran Park, tindr\u00e0 lloc \u201cEl niu dels lirons\u201d, una activitat gratu\u00efta adre\u00e7ada a tots els p\u00fablics per descobrir i recon\u00e8ixer aquesta esp\u00e8cie i d\u2019altres micromamifers de la Val d\u2019Aran. \u201cEl niu dels lirons\u201d, est\u00e0&#8230;<\/p>\n","protected":false},"author":2,"featured_media":23640,"comment_status":"closed","ping_status":"closed","sticky":false,"template":"","format":"standard","meta":{"footnotes":""},"categories":[33],"tags":[],"_links":{"self":[{"href":"https:\/\/www.conselharan.org\/ca\/wp-json\/wp\/v2\/posts\/23846"}],"collection":[{"href":"https:\/\/www.conselharan.org\/ca\/wp-json\/wp\/v2\/posts"}],"about":[{"href":"https:\/\/www.conselharan.org\/ca\/wp-json\/wp\/v2\/types\/post"}],"author":[{"embeddable":true,"href":"https:\/\/www.conselharan.org\/ca\/wp-json\/wp\/v2\/users\/2"}],"replies":[{"embeddable":true,"href":"https:\/\/www.conselharan.org\/ca\/wp-json\/wp\/v2\/comments?post=23846"}],"version-history":[{"count":1,"href":"https:\/\/www.conselharan.org\/ca\/wp-json\/wp\/v2\/posts\/23846\/revisions"}],"predecessor-version":[{"id":23847,"href":"https:\/\/www.conselharan.org\/ca\/wp-json\/wp\/v2\/posts\/23846\/revisions\/23847"}],"wp:featuredmedia":[{"embeddable":true,"href":"https:\/\/www.conselharan.org\/ca\/wp-json\/wp\/v2\/media\/23640"}],"wp:attachment":[{"href":"https:\/\/www.conselharan.org\/ca\/wp-json\/wp\/v2\/media?parent=23846"}],"wp:term":[{"taxonomy":"category","embeddable":true,"href":"https:\/\/www.conselharan.org\/ca\/wp-json\/wp\/v2\/categories?post=23846"},{"taxonomy":"post_tag","embeddable":true,"href":"https:\/\/www.conselharan.org\/ca\/wp-json\/wp\/v2\/tags?post=23846"}],"curies":[{"name":"wp","href":"https:\/\/api.w.org\/{rel}","templated":true}]}}