{"id":23865,"date":"2018-08-23T18:29:21","date_gmt":"2018-08-23T16:29:21","guid":{"rendered":"http:\/\/www.conselharan.org\/?p=23865"},"modified":"2018-08-23T18:29:37","modified_gmt":"2018-08-23T16:29:37","slug":"recepcio-de-la-conselhera-de-turisme-al-movistar-estudiantes-de-la-lliga-acb","status":"publish","type":"post","link":"https:\/\/www.conselharan.org\/ca\/recepcio-de-la-conselhera-de-turisme-al-movistar-estudiantes-de-la-lliga-acb\/","title":{"rendered":"Recepci\u00f3 de la conselh\u00e8ra de Turisme al Movistar Estudiantes de la Lliga ACB"},"content":{"rendered":"<p>Vielha, 23 d\u2019agost de 2018.- La plantilla i el cos t\u00e8cnic del Movistar Estudiantes han estat rebuts per la conselh\u00e8ra de Turisme i Desenvolupament Econ\u00f2mic d\u2019Aran, <strong>Anna<\/strong> <strong>D\u00edaz<\/strong>, al Conselh Generau d\u2019Aran.<\/p>\n<p><a href=\"http:\/\/www.conselharan.org\/wp-content\/uploads\/2018\/08\/180823_EstudiantesAran1.jpg\"><img loading=\"lazy\" decoding=\"async\" class=\"aligncenter size-large wp-image-23871\" src=\"http:\/\/www.conselharan.org\/wp-content\/uploads\/2018\/08\/180823_EstudiantesAran1-1024x683.jpg\" alt=\"\" width=\"1024\" height=\"683\" srcset=\"https:\/\/www.conselharan.org\/wp-content\/uploads\/2018\/08\/180823_EstudiantesAran1-1024x683.jpg 1024w, https:\/\/www.conselharan.org\/wp-content\/uploads\/2018\/08\/180823_EstudiantesAran1-300x200.jpg 300w, https:\/\/www.conselharan.org\/wp-content\/uploads\/2018\/08\/180823_EstudiantesAran1-768x512.jpg 768w\" sizes=\"(max-width: 1024px) 100vw, 1024px\" \/><\/a><\/p>\n<p>El Movistar Estudiantes, equip de la Lliga ACB de b\u00e0squet, est\u00e0 concentrat a la Val d\u2019Aran des del passat dia 19 d\u2019agost, on realitza un stage de preparaci\u00f3 per a la propera temporada.<\/p>\n<p>L&#8217;entrenador <strong>Josep Maria Berrocal<\/strong> compta amb tots els jugadors de la primera plantilla i 5 vinculats que realitzen la pretemporada. En total, 16 jugadors que afinen el seu estat de forma a les instal\u00b7lacions esportives de Vielha e Mijaran.<\/p>\n<p>Anna D\u00edaz, ha agra\u00eft que un cop m\u00e9s el Movistar Estudiantes hagi triat la Val d\u2019Aran per realitzar el seu stage de pretemporada i els ha desitjat molts \u00e8xits per a aquesta propera.<\/p>\n<p>Despr\u00e8s de la seva estada a la Val d\u2019Aran, Estudiantes jugar\u00e0 el primer amist\u00f3s de la pretemporada aquest divendres 24 d&#8217;agost a Sant Juli\u00e0 de Vilatorta. El Mega Bemax serbi ser\u00e0 el seu primer rival.<\/p>\n<p>El Baskonia Basket prendr\u00e0 el relleu i far\u00e0 l\u2019stage de preparaci\u00f3 a la Val d\u2019Aran del 24 al 30 d\u2019agost. Cal recordar que el Baskonia Basket tornar\u00e0 a competir a l\u2019Eurolliga, de la qual ha jugat 6 vegades la Final Four.<\/p>\n<p>En aquest sentit la conselh\u00e8ra, Anna D\u00edaz, ha destacat que el Conselh Generau d\u2019Aran assumeix tota la despesa de la pres\u00e8ncia d\u2019aquests equips de la lliga ACB a la Val d\u2019Aran.<\/p>\n<p>&nbsp;<\/p>\n<p><a href=\"http:\/\/www.conselharan.org\/wp-content\/uploads\/2018\/08\/180823_EstudiantesAran.jpg\"><img loading=\"lazy\" decoding=\"async\" class=\"aligncenter size-large wp-image-23870\" src=\"http:\/\/www.conselharan.org\/wp-content\/uploads\/2018\/08\/180823_EstudiantesAran-1024x683.jpg\" alt=\"\" width=\"1024\" height=\"683\" srcset=\"https:\/\/www.conselharan.org\/wp-content\/uploads\/2018\/08\/180823_EstudiantesAran-1024x683.jpg 1024w, https:\/\/www.conselharan.org\/wp-content\/uploads\/2018\/08\/180823_EstudiantesAran-300x200.jpg 300w, https:\/\/www.conselharan.org\/wp-content\/uploads\/2018\/08\/180823_EstudiantesAran-768x512.jpg 768w\" sizes=\"(max-width: 1024px) 100vw, 1024px\" \/><\/a><\/p>\n ","protected":false},"excerpt":{"rendered":"<p>Vielha, 23 d\u2019agost de 2018.- La plantilla i el cos t\u00e8cnic del Movistar Estudiantes han estat rebuts per la conselh\u00e8ra de Turisme i Desenvolupament Econ\u00f2mic d\u2019Aran, Anna D\u00edaz, al Conselh Generau d\u2019Aran. El Movistar Estudiantes, equip de la Lliga ACB de b\u00e0squet, est\u00e0 concentrat a la Val d\u2019Aran des del passat dia 19 d\u2019agost, on&#8230;<\/p>\n","protected":false},"author":2,"featured_media":23871,"comment_status":"closed","ping_status":"closed","sticky":false,"template":"","format":"standard","meta":{"footnotes":""},"categories":[136,53],"tags":[],"_links":{"self":[{"href":"https:\/\/www.conselharan.org\/ca\/wp-json\/wp\/v2\/posts\/23865"}],"collection":[{"href":"https:\/\/www.conselharan.org\/ca\/wp-json\/wp\/v2\/posts"}],"about":[{"href":"https:\/\/www.conselharan.org\/ca\/wp-json\/wp\/v2\/types\/post"}],"author":[{"embeddable":true,"href":"https:\/\/www.conselharan.org\/ca\/wp-json\/wp\/v2\/users\/2"}],"replies":[{"embeddable":true,"href":"https:\/\/www.conselharan.org\/ca\/wp-json\/wp\/v2\/comments?post=23865"}],"version-history":[{"count":3,"href":"https:\/\/www.conselharan.org\/ca\/wp-json\/wp\/v2\/posts\/23865\/revisions"}],"predecessor-version":[{"id":23874,"href":"https:\/\/www.conselharan.org\/ca\/wp-json\/wp\/v2\/posts\/23865\/revisions\/23874"}],"wp:featuredmedia":[{"embeddable":true,"href":"https:\/\/www.conselharan.org\/ca\/wp-json\/wp\/v2\/media\/23871"}],"wp:attachment":[{"href":"https:\/\/www.conselharan.org\/ca\/wp-json\/wp\/v2\/media?parent=23865"}],"wp:term":[{"taxonomy":"category","embeddable":true,"href":"https:\/\/www.conselharan.org\/ca\/wp-json\/wp\/v2\/categories?post=23865"},{"taxonomy":"post_tag","embeddable":true,"href":"https:\/\/www.conselharan.org\/ca\/wp-json\/wp\/v2\/tags?post=23865"}],"curies":[{"name":"wp","href":"https:\/\/api.w.org\/{rel}","templated":true}]}}