{"id":23893,"date":"2018-08-24T12:29:06","date_gmt":"2018-08-24T10:29:06","guid":{"rendered":"http:\/\/www.conselharan.org\/?p=23893"},"modified":"2018-08-24T12:29:06","modified_gmt":"2018-08-24T10:29:06","slug":"arriba-la-xxii-edicio-de-la-corsa-e-caminada-des-15-pobles","status":"publish","type":"post","link":"https:\/\/www.conselharan.org\/ca\/arriba-la-xxii-edicio-de-la-corsa-e-caminada-des-15-pobles\/","title":{"rendered":"Arriba la XXII edici\u00f3 de la \u201cCorsa e caminada des 15 p\u00f2bles\u201d"},"content":{"rendered":"<p>Vielha, 24 d\u2019agost de 2018.- El proper diumenge 26 d\u2019agost tindr\u00e0 lloc una nova edici\u00f3, i ja en son 22 de la Corsa e Caminada des 15 p\u00f2bles, organitzada per els Volentaris d\u2019Aran.<\/p>\n<p><a href=\"http:\/\/www.conselharan.org\/wp-content\/uploads\/2018\/08\/15-pobles.jpg\"><img loading=\"lazy\" decoding=\"async\" class=\"aligncenter size-large wp-image-23888\" src=\"http:\/\/www.conselharan.org\/wp-content\/uploads\/2018\/08\/15-pobles-1024x421.jpg\" alt=\"\" width=\"1024\" height=\"421\" srcset=\"https:\/\/www.conselharan.org\/wp-content\/uploads\/2018\/08\/15-pobles-1024x421.jpg 1024w, https:\/\/www.conselharan.org\/wp-content\/uploads\/2018\/08\/15-pobles-300x123.jpg 300w, https:\/\/www.conselharan.org\/wp-content\/uploads\/2018\/08\/15-pobles-768x316.jpg 768w, https:\/\/www.conselharan.org\/wp-content\/uploads\/2018\/08\/15-pobles.jpg 1497w\" sizes=\"(max-width: 1024px) 100vw, 1024px\" \/><\/a><\/p>\n<p>La Corsa e Caminada des 15 p\u00f2bles \u00e9s ja una activitat esportiva consolidada que des dels seus or\u00edgens busca a trav\u00e9s d\u2019aquesta prova esportiva la recuperaci\u00f3 dels antics camins i les vies de comunicaci\u00f3 entre els pobles pirinencs, passant a formar part del patrimoni natural i tamb\u00e9 hist\u00f2ric de la Val d\u2019Aran.<\/p>\n<p>La prova ofereix la possibilitat de caminar o c\u00f3rrer en els circuits de quatre dist\u00e0ncies: 21 Km, 11 Km, 15 Km i 5 Km, i la cursa juvenil.<\/p>\n<p>Els recorreguts es desenvolupen pels diferents pobles de la zona del Baish i Mijaran, amb inici a Es B\u00f2rdes i final a Vielha, a excepci\u00f3 de la de 5 Km que \u00e9s la carrera juvenil i surt des de Montcorbau, tot i que tamb\u00e9 \u00e9s oberta a tots els p\u00fablics que la vulguin fer caminant.<\/p>\n<p>Juntament amb la Corsa e Caminada des 15 p\u00f2bles, es disputaran la XIX\u00aa edici\u00f3 del trofeu Roland Gin\u00e8, el 5\u00e8 Trofeu Maribel e I\u00f1igo, i el 3\u00e8r Trofeu Arturo Riba.<\/p>\n<p>Les inscripcions es poden fer per Internet en la web: <a href=\"http:\/\/www.corsa15pobles.org\">www.corsa15pobles.org<\/a>.<\/p>\n<p>PROGRAMA<\/p>\n<p><strong>Dissabte 25 d\u2019agost<\/strong><\/p>\n<p>De 10:00 a 13:00 hores i de 18:00 a 20:00 hores: Inscripcions presencials i recollida de dorsals en el Conselh Generau d\u2019Aran (Passeig de la Llibertat 16. Vielha).<\/p>\n<p><strong>Diumenge 26 d\u2019agost<\/strong><\/p>\n<p>De 07:30 a 08.15 hores. Sortida del transport cap a la poblaci\u00f3 d\u2019Es B\u00f2rdes des de la parada de l\u2019autob\u00fas de Vielha (Av. Alcalde Calbet\u00f3 Barra- Davant de l\u2019Audiovisual).<\/p>\n<p>De 09:00 a 10:00 hores. Sortida d\u2019Es B\u00f2rdes de les diferents proves (21Km, 15 Km i 11 Km).<\/p>\n<p>De 09:30 a 10:15 hores. Sortida del transport cap a Montcorbau, des de la parada d\u2019autob\u00fas de Vielha (Av. Alcalde Calbet\u00f3 Barra- Davant de l\u2019Audiovisual).<\/p>\n<p>A les 11:00 hores. Sortida de Montcorbau de la Cursa Trofeu Roland Gin\u00e9 (Cursa Juvenil) i de la Caminada de 5Km.<\/p>\n<p>13:00 hores. Tancament de la prova a Betlan, a 5 km de la meta.<\/p>\n<p>13:00 hores. Repartiment de premis a la Pla\u00e7a del Conselh a Vielha i repartiment de regals de la rifa.<\/p>\n<p>14.00 h. Tancament de Meta a Vielha.<\/p>\n<p><a href=\"http:\/\/www.conselharan.org\/wp-content\/uploads\/2018\/08\/Sotida-2017-15-pobles.jpg\"><img loading=\"lazy\" decoding=\"async\" class=\"aligncenter size-large wp-image-23889\" src=\"http:\/\/www.conselharan.org\/wp-content\/uploads\/2018\/08\/Sotida-2017-15-pobles-1024x768.jpg\" alt=\"\" width=\"1024\" height=\"768\" srcset=\"https:\/\/www.conselharan.org\/wp-content\/uploads\/2018\/08\/Sotida-2017-15-pobles-1024x768.jpg 1024w, https:\/\/www.conselharan.org\/wp-content\/uploads\/2018\/08\/Sotida-2017-15-pobles-300x225.jpg 300w, https:\/\/www.conselharan.org\/wp-content\/uploads\/2018\/08\/Sotida-2017-15-pobles-768x576.jpg 768w\" sizes=\"(max-width: 1024px) 100vw, 1024px\" \/><\/a><\/p>\n ","protected":false},"excerpt":{"rendered":"<p>Vielha, 24 d\u2019agost de 2018.- El proper diumenge 26 d\u2019agost tindr\u00e0 lloc una nova edici\u00f3, i ja en son 22 de la Corsa e Caminada des 15 p\u00f2bles, organitzada per els Volentaris d\u2019Aran. La Corsa e Caminada des 15 p\u00f2bles \u00e9s ja una activitat esportiva consolidada que des dels seus or\u00edgens busca a trav\u00e9s d\u2019aquesta&#8230;<\/p>\n","protected":false},"author":2,"featured_media":23888,"comment_status":"closed","ping_status":"closed","sticky":false,"template":"","format":"standard","meta":{"footnotes":""},"categories":[136],"tags":[],"_links":{"self":[{"href":"https:\/\/www.conselharan.org\/ca\/wp-json\/wp\/v2\/posts\/23893"}],"collection":[{"href":"https:\/\/www.conselharan.org\/ca\/wp-json\/wp\/v2\/posts"}],"about":[{"href":"https:\/\/www.conselharan.org\/ca\/wp-json\/wp\/v2\/types\/post"}],"author":[{"embeddable":true,"href":"https:\/\/www.conselharan.org\/ca\/wp-json\/wp\/v2\/users\/2"}],"replies":[{"embeddable":true,"href":"https:\/\/www.conselharan.org\/ca\/wp-json\/wp\/v2\/comments?post=23893"}],"version-history":[{"count":1,"href":"https:\/\/www.conselharan.org\/ca\/wp-json\/wp\/v2\/posts\/23893\/revisions"}],"predecessor-version":[{"id":23894,"href":"https:\/\/www.conselharan.org\/ca\/wp-json\/wp\/v2\/posts\/23893\/revisions\/23894"}],"wp:featuredmedia":[{"embeddable":true,"href":"https:\/\/www.conselharan.org\/ca\/wp-json\/wp\/v2\/media\/23888"}],"wp:attachment":[{"href":"https:\/\/www.conselharan.org\/ca\/wp-json\/wp\/v2\/media?parent=23893"}],"wp:term":[{"taxonomy":"category","embeddable":true,"href":"https:\/\/www.conselharan.org\/ca\/wp-json\/wp\/v2\/categories?post=23893"},{"taxonomy":"post_tag","embeddable":true,"href":"https:\/\/www.conselharan.org\/ca\/wp-json\/wp\/v2\/tags?post=23893"}],"curies":[{"name":"wp","href":"https:\/\/api.w.org\/{rel}","templated":true}]}}