{"id":23928,"date":"2018-08-25T18:03:12","date_gmt":"2018-08-25T16:03:12","guid":{"rendered":"http:\/\/www.conselharan.org\/?p=23928"},"modified":"2018-08-25T18:03:12","modified_gmt":"2018-08-25T16:03:12","slug":"reunio-del-sindic-daran-amb-el-conseller-de-territori-i-sostenibilitat-damia-calvet","status":"publish","type":"post","link":"https:\/\/www.conselharan.org\/ca\/reunio-del-sindic-daran-amb-el-conseller-de-territori-i-sostenibilitat-damia-calvet\/","title":{"rendered":"Reuni\u00f3 del sindic d&#8217;Aran amb el conseller de Territori i Sostenibilitat, Dami\u00e0 Calvet"},"content":{"rendered":"<p><strong>El conseller confirma la decisi\u00f3 de la retirada de l&#8217;\u00f3s Goiat del medi<\/strong><\/p>\n<p><strong>Territori realitzar\u00e0 un estudi previ de les necessitats d&#8217;habitatges de primera resid\u00e8ncia a l\u2019Aran en modalitat de lloguer assequible<\/strong><\/p>\n<p><strong>El sindic d&#8217;Aran demana una actuaci\u00f3 de m\u00e0xima urg\u00e8ncia per a la canalitzaci\u00f3 de les aig\u00fces de l&#8217;\u00e0rea afectada pel despreniment del vessant dret del riu Valarties<\/strong><\/p>\n<p>Vielha, 25 d&#8217;agost de 2018.- Avui dissabte, a la seu del Conselh Generau d&#8217;Aran, el sindic d&#8217;Aran, <strong>Carlos Barrera<\/strong>, s&#8217;ha reunit amb el conseller de Territori i Sostenibilitat de la Generalitat de Catalunya, <strong>Dami\u00e0 Calvet<\/strong>, per analitzar temes d&#8217;inter\u00e8s com\u00fa, principalment: biodiversitat, urbanisme, infraestructures o habitatge.<\/p>\n<p>A la reuni\u00f3 tamb\u00e9 han assistit, <strong>Marta Subir\u00e0<\/strong>, secret\u00e0ria de Medi Ambient i Sostenibilitat, <strong>Xavier Reinaldos<\/strong>, cap de gabinet del departament Territori. En representaci\u00f3 del Conselh Generau d&#8217;Aran han estat presents, el vices\u00edndic d&#8217;Aran, <strong>Cesar Ruiz Canela<\/strong>, el conselh\u00e8r de Territ\u00f2ri, <strong>Jos\u00e9 Antonio Boya<\/strong>, conselh\u00e8r d&#8217;Agricultura, Ramaderia i Miei Naturau, <strong>Jos\u00e9 Enrique Arr\u00f3<\/strong>, conselh\u00e8ra de Torisme i Desvolopament Economic, <strong>Anna D\u00edaz<\/strong>, el cap de gabinet, <strong>Pau Perdices<\/strong>, i el t\u00e8cnic del departament de medi ambient, <strong>Ivan Afonso<\/strong>.<\/p>\n<p><a href=\"http:\/\/www.conselharan.org\/wp-content\/uploads\/2018\/08\/180825_Territori2.jpg\"><img loading=\"lazy\" decoding=\"async\" class=\"aligncenter size-large wp-image-23926\" src=\"http:\/\/www.conselharan.org\/wp-content\/uploads\/2018\/08\/180825_Territori2-1024x759.jpg\" alt=\"\" width=\"1024\" height=\"759\" srcset=\"https:\/\/www.conselharan.org\/wp-content\/uploads\/2018\/08\/180825_Territori2-1024x759.jpg 1024w, https:\/\/www.conselharan.org\/wp-content\/uploads\/2018\/08\/180825_Territori2-300x222.jpg 300w, https:\/\/www.conselharan.org\/wp-content\/uploads\/2018\/08\/180825_Territori2-768x569.jpg 768w\" sizes=\"(max-width: 1024px) 100vw, 1024px\" \/><\/a><\/p>\n<p><strong>Retirada de l&#8217;\u00f3s Goiat del medi<\/strong><\/p>\n<p>El conseller de Territori i Sostenibilitat ha confirmat la decisi\u00f3 de la retirada de l&#8217;\u00f3s Goiat del medi a causa del seu comportament an\u00f2mal i els seus reiterats atacs a bestiar equ\u00ed.<\/p>\n<p>En aquest sentit, el conseller Calvet ha exposat que s&#8217;est\u00e0 treballant en el procediment jur\u00eddic i t\u00e8cnic que permeti aquesta extracci\u00f3, en el qual estan implicades diverses administracions, i ha reiterat la voluntat de la Generalitat <strong>&#8220;Seguir treballant en la preservaci\u00f3 de la biodiversitat, fent-la compatible amb activitat humana, tant amb la ramaderia extensiva com el turisme &#8220;.<\/strong><\/p>\n<p>Per la seva banda el sindic d&#8217;Aran, Carlos Barrera, va destacar <strong>que &#8220;aquesta decisi\u00f3 ha de transmetre tranquil\u00b7litat i normalitat al sector ramader aran\u00e8s, ja que la pe\u00e7a clau d&#8217;aquesta problem\u00e0tica, l&#8217;\u00f3s Goiat, ser\u00e0 extret&#8221;.<\/strong><\/p>\n<p>Barrera ha recordat que, en 23 anys d&#8217;exist\u00e8ncia del programa de reintroducci\u00f3 de l&#8217;\u00f3s al Pirineu, mai s&#8217;havia arribat a aquest punt de tensi\u00f3, i va afegir, els primers interessats a extreure del medi a aquest exemplar ha de ser el propi programa i les administracions i institucions que en formen part per no posar en risc tota la feina feta.<\/p>\n<p><strong>\u00a0<\/strong><\/p>\n<p><strong>Pol\u00edtiques d&#8217;habitatge<\/strong><\/p>\n<p>Des del Consell Generau d&#8217;Aran s&#8217;ha demanat al departament de Territori un estudi previ de les necessitats d&#8217;habitatges de primera resid\u00e8ncia a l\u2019Aran en modalitat de lloguer assequible.<\/p>\n<p>Sobre aquesta demanda, el conseller de Territori i Sostenibilitat ha explicat que es desenvoluparan tres l\u00ednies d&#8217;actuaci\u00f3; aplicar mesures de car\u00e0cter urban\u00edstic &#8220;per saber de quins solars podem disposar&#8221;; fer un estudi de mercat per als treballs previs de les promocions; i elaborar &#8220;una radiografia del mercat secundari&#8221;, d&#8217;aquells habitatges constru\u00efts que es podrien destinar a lloguer social.<\/p>\n<p>&nbsp;<\/p>\n<p><strong>Heliport de la Val d&#8217;Aran<\/strong><\/p>\n<p>El conseller Calvet, ha confirmat que el proper mes d&#8217;octubre hauran finalitzat les obres de millora de les instal\u00b7lacions de l&#8217;heliport de la Val d&#8217;Aran. Aquesta ampliaci\u00f3 consisteix a assegurar l&#8217;operativitat de la instal\u00b7laci\u00f3 les 24 hores al dia, reformar els espais interiors de l&#8217;actual hangar a zona de serveis i sala de gesti\u00f3 d&#8217;emerg\u00e8ncies i instal\u00b7lar un hangar i una plataforma d&#8217;estacionament en el terreny adjacent.<\/p>\n<p>&nbsp;<\/p>\n<p><strong>Actuaci\u00f3 d&#8217;urg\u00e8ncia a Valarties<\/strong><\/p>\n<p>Per finalitzar el sindic d&#8217;Aran ha demanat al conseller, una actuaci\u00f3 de m\u00e0xima urg\u00e8ncia per a la canalitzaci\u00f3 de les aig\u00fces que estan erosionant i ampliant l&#8217;\u00e0rea afectada pel despreniment del vessant dret del riu Valarties del passat 12 de maig.<\/p>\n<p>El material en suspensi\u00f3 est\u00e0 embrutant de forma greu les aig\u00fces del riu Garona, des de la poblaci\u00f3 d&#8217;Arties fins a la frontera francesa.<\/p>\n<p>La persist\u00e8ncia d&#8217;aquest material, b\u00e0sicament terra i fang, que afecta el cabal del riu Garona, pot provocar un dany irreparable a la fauna ict\u00edcola del riu. Ja que t\u00e9 una afectaci\u00f3 directa a les br\u00e0nquies de les truites i cavilats (esp\u00e8cie amena\u00e7ada i en protecci\u00f3). D&#8217;altra banda, el fang colmata els espais existents a les graves i pedres del riu en el fons de la llera, eliminant d&#8217;aquesta manera el refugi de totes les esp\u00e8cies, incloent les invertebrades, base de l&#8217;alimentaci\u00f3 de les truites i els cavilats.<\/p>\n ","protected":false},"excerpt":{"rendered":"<p>El conseller confirma la decisi\u00f3 de la retirada de l&#8217;\u00f3s Goiat del medi Territori realitzar\u00e0 un estudi previ de les necessitats d&#8217;habitatges de primera resid\u00e8ncia a l\u2019Aran en modalitat de lloguer assequible El sindic d&#8217;Aran demana una actuaci\u00f3 de m\u00e0xima urg\u00e8ncia per a la canalitzaci\u00f3 de les aig\u00fces de l&#8217;\u00e0rea afectada pel despreniment del vessant&#8230;<\/p>\n","protected":false},"author":2,"featured_media":23926,"comment_status":"closed","ping_status":"closed","sticky":false,"template":"","format":"standard","meta":{"footnotes":""},"categories":[53,36],"tags":[],"_links":{"self":[{"href":"https:\/\/www.conselharan.org\/ca\/wp-json\/wp\/v2\/posts\/23928"}],"collection":[{"href":"https:\/\/www.conselharan.org\/ca\/wp-json\/wp\/v2\/posts"}],"about":[{"href":"https:\/\/www.conselharan.org\/ca\/wp-json\/wp\/v2\/types\/post"}],"author":[{"embeddable":true,"href":"https:\/\/www.conselharan.org\/ca\/wp-json\/wp\/v2\/users\/2"}],"replies":[{"embeddable":true,"href":"https:\/\/www.conselharan.org\/ca\/wp-json\/wp\/v2\/comments?post=23928"}],"version-history":[{"count":1,"href":"https:\/\/www.conselharan.org\/ca\/wp-json\/wp\/v2\/posts\/23928\/revisions"}],"predecessor-version":[{"id":23929,"href":"https:\/\/www.conselharan.org\/ca\/wp-json\/wp\/v2\/posts\/23928\/revisions\/23929"}],"wp:featuredmedia":[{"embeddable":true,"href":"https:\/\/www.conselharan.org\/ca\/wp-json\/wp\/v2\/media\/23926"}],"wp:attachment":[{"href":"https:\/\/www.conselharan.org\/ca\/wp-json\/wp\/v2\/media?parent=23928"}],"wp:term":[{"taxonomy":"category","embeddable":true,"href":"https:\/\/www.conselharan.org\/ca\/wp-json\/wp\/v2\/categories?post=23928"},{"taxonomy":"post_tag","embeddable":true,"href":"https:\/\/www.conselharan.org\/ca\/wp-json\/wp\/v2\/tags?post=23928"}],"curies":[{"name":"wp","href":"https:\/\/api.w.org\/{rel}","templated":true}]}}