{"id":24059,"date":"2018-09-03T12:16:30","date_gmt":"2018-09-03T10:16:30","guid":{"rendered":"http:\/\/www.conselharan.org\/?p=24059"},"modified":"2018-09-03T12:16:30","modified_gmt":"2018-09-03T10:16:30","slug":"entregats-els-premis-del-concurs-de-fotografia-tio-natura-i-cultura","status":"publish","type":"post","link":"https:\/\/www.conselharan.org\/ca\/entregats-els-premis-del-concurs-de-fotografia-tio-natura-i-cultura\/","title":{"rendered":"Entregats els premis del concurs de fotografia Ti\u00f2 Natura i Cultura"},"content":{"rendered":"<p>Vielha, 3 de setembre de 2018.- El dissabte dia 1 de setembre es van entregar els premis del Concurs de Fotografia \u201cVilam\u00f2s. Ti\u00f2, natura i cultura\u201d (Memorial Urb\u00e0 Fern\u00e1ndez) organitzat per l&#8217;Associaci\u00f3 Es Paums, amb el suport del Conselh Generau d\u2019Aran i de l&#8217;Ajuntament de Vilam\u00f2s.<\/p>\n<p><a href=\"http:\/\/www.conselharan.org\/wp-content\/uploads\/2018\/09\/WhatsApp-Image-2018-09-01-at-22.41.56.jpeg\"><img loading=\"lazy\" decoding=\"async\" class=\"aligncenter size-large wp-image-24057\" src=\"http:\/\/www.conselharan.org\/wp-content\/uploads\/2018\/09\/WhatsApp-Image-2018-09-01-at-22.41.56-1024x768.jpeg\" alt=\"\" width=\"1024\" height=\"768\" srcset=\"https:\/\/www.conselharan.org\/wp-content\/uploads\/2018\/09\/WhatsApp-Image-2018-09-01-at-22.41.56-1024x768.jpeg 1024w, https:\/\/www.conselharan.org\/wp-content\/uploads\/2018\/09\/WhatsApp-Image-2018-09-01-at-22.41.56-300x225.jpeg 300w, https:\/\/www.conselharan.org\/wp-content\/uploads\/2018\/09\/WhatsApp-Image-2018-09-01-at-22.41.56-768x576.jpeg 768w, https:\/\/www.conselharan.org\/wp-content\/uploads\/2018\/09\/WhatsApp-Image-2018-09-01-at-22.41.56.jpeg 1600w\" sizes=\"(max-width: 1024px) 100vw, 1024px\" \/><\/a><\/p>\n<p>El Concurs tenia com objectiu fer con\u00e8ixer els valors de Vilam\u00f2s i la Val d\u2019Aran en els \u00e0mbits de la cultura, natura, festes, monuments, persones i activitats.<\/p>\n<p>El Concurs vol immortalizar la plenitud de la natura del nostre Pa\u00eds que enguany, exuberant llueix com mai els seus colors gr\u00e0cies a la climatologia intensa dels \u00faltims mesos.<\/p>\n<p>En el Concurs hi han participat prop 150 fotografies preses durant aquest any.<\/p>\n<p>Un Jurat compost per especialistes de la imatge i la comunicaci\u00f3 de la Val d\u2019Aran ha triat les deu millors fotografies.<\/p>\n<p>La fotografia guanyadora ha estat la presentada per <strong>Pablo Arancibia<\/strong> que sota el t\u00edtol <strong>\u201dVilam\u00f2s\u201d<\/strong>, va reflectir els focs d\u2019artifici de la festa de Vilam\u00f2s i ha tingut com premi un Dron i ser\u00e0 la imatge del cartell del programa de la Festa Major de 2019. Hi va haver dos acc\u00e8ssits que van tenir com premi una c\u00e0mera GoPro pel 1\u00ba acc\u00e8ssit per la fotografia <strong>\u201dSilenci\u201d d&#8217;Antoni Morlans<\/strong> i un pernil pel 2\u00ba acc\u00e8ssit, per la fotografia <strong>\u201cSant R\u00f2c\u201d de Jordi Soler. <\/strong><\/p>\n<p>L&#8217;acte de proclamaci\u00f3 de finalistes i l&#8217;entrega dels premis es va fer la sala d\u2019exposicions del Museu Etnogr\u00e0fic \u00c7\u00f2 de Joanchiquet de Vilam\u00f2s.<\/p>\n<p>En el mateix acte es va inaugurar una exposici\u00f3 amb les 150 millors fotografies que ser\u00e0 oberta pel p\u00fablic fins a la Festa de Sant Miquel.<\/p>\n<p>Els fotografies es publicaran en les xarxes socials i en la plana web de l\u2019associaci\u00f3 Es Paums.<\/p>\n<p>El Concurs compta amb el suport de l&#8217;Ajuntament de Vilam\u00f2s i el Conselh Generau d\u2019Aran.<\/p>\n<p>A l&#8217;acte hi van assistir <strong>J\u00e8p de Montoya i Parra<\/strong>, Assessor de Cultura del Conselh Generau d\u2019Aran, <strong>Jus\u00e8p Lo\u00eds Sans<\/strong>, President de l&#8217;Institut d\u2019Estudis Aranesi Acad\u00e8mia aranesa dera lengua occitana, i l&#8217;Alcalde de l&#8217;Ajuntament de Vilam\u00f2s, <strong>Franc\u00e8s Castet<\/strong>.<\/p>\n<p>L&#8217;organitzaci\u00f3 intenta, ajuntant l&#8217;afici\u00f3 a la fotografia i el potencial de difusi\u00f3 de les xarxes socials, de descobrir i fer con\u00e8ixer llocs, paisatges i racons encara amagats del nostre Pa\u00eds.<\/p>\n<p><a href=\"http:\/\/www.conselharan.org\/wp-content\/uploads\/2018\/09\/WhatsApp-Image-2018-09-01-at-22.41.551.jpeg\"><img loading=\"lazy\" decoding=\"async\" class=\"aligncenter size-large wp-image-24056\" src=\"http:\/\/www.conselharan.org\/wp-content\/uploads\/2018\/09\/WhatsApp-Image-2018-09-01-at-22.41.551-1024x768.jpeg\" alt=\"\" width=\"1024\" height=\"768\" srcset=\"https:\/\/www.conselharan.org\/wp-content\/uploads\/2018\/09\/WhatsApp-Image-2018-09-01-at-22.41.551-1024x768.jpeg 1024w, https:\/\/www.conselharan.org\/wp-content\/uploads\/2018\/09\/WhatsApp-Image-2018-09-01-at-22.41.551-300x225.jpeg 300w, https:\/\/www.conselharan.org\/wp-content\/uploads\/2018\/09\/WhatsApp-Image-2018-09-01-at-22.41.551-768x576.jpeg 768w, https:\/\/www.conselharan.org\/wp-content\/uploads\/2018\/09\/WhatsApp-Image-2018-09-01-at-22.41.551.jpeg 1600w\" sizes=\"(max-width: 1024px) 100vw, 1024px\" \/><\/a><\/p>\n ","protected":false},"excerpt":{"rendered":"<p>Vielha, 3 de setembre de 2018.- El dissabte dia 1 de setembre es van entregar els premis del Concurs de Fotografia \u201cVilam\u00f2s. Ti\u00f2, natura i cultura\u201d (Memorial Urb\u00e0 Fern\u00e1ndez) organitzat per l&#8217;Associaci\u00f3 Es Paums, amb el suport del Conselh Generau d\u2019Aran i de l&#8217;Ajuntament de Vilam\u00f2s. El Concurs tenia com objectiu fer con\u00e8ixer els valors&#8230;<\/p>\n","protected":false},"author":2,"featured_media":24057,"comment_status":"closed","ping_status":"closed","sticky":false,"template":"","format":"standard","meta":{"footnotes":""},"categories":[33],"tags":[],"_links":{"self":[{"href":"https:\/\/www.conselharan.org\/ca\/wp-json\/wp\/v2\/posts\/24059"}],"collection":[{"href":"https:\/\/www.conselharan.org\/ca\/wp-json\/wp\/v2\/posts"}],"about":[{"href":"https:\/\/www.conselharan.org\/ca\/wp-json\/wp\/v2\/types\/post"}],"author":[{"embeddable":true,"href":"https:\/\/www.conselharan.org\/ca\/wp-json\/wp\/v2\/users\/2"}],"replies":[{"embeddable":true,"href":"https:\/\/www.conselharan.org\/ca\/wp-json\/wp\/v2\/comments?post=24059"}],"version-history":[{"count":1,"href":"https:\/\/www.conselharan.org\/ca\/wp-json\/wp\/v2\/posts\/24059\/revisions"}],"predecessor-version":[{"id":24060,"href":"https:\/\/www.conselharan.org\/ca\/wp-json\/wp\/v2\/posts\/24059\/revisions\/24060"}],"wp:featuredmedia":[{"embeddable":true,"href":"https:\/\/www.conselharan.org\/ca\/wp-json\/wp\/v2\/media\/24057"}],"wp:attachment":[{"href":"https:\/\/www.conselharan.org\/ca\/wp-json\/wp\/v2\/media?parent=24059"}],"wp:term":[{"taxonomy":"category","embeddable":true,"href":"https:\/\/www.conselharan.org\/ca\/wp-json\/wp\/v2\/categories?post=24059"},{"taxonomy":"post_tag","embeddable":true,"href":"https:\/\/www.conselharan.org\/ca\/wp-json\/wp\/v2\/tags?post=24059"}],"curies":[{"name":"wp","href":"https:\/\/api.w.org\/{rel}","templated":true}]}}