{"id":24104,"date":"2018-09-07T12:14:27","date_gmt":"2018-09-07T10:14:27","guid":{"rendered":"http:\/\/www.conselharan.org\/?p=24104"},"modified":"2018-09-07T12:14:27","modified_gmt":"2018-09-07T10:14:27","slug":"el-conselh-generau-daran-sadhereix-a-la-plataforma-virtual-docupacio-de-globalleida","status":"publish","type":"post","link":"https:\/\/www.conselharan.org\/ca\/el-conselh-generau-daran-sadhereix-a-la-plataforma-virtual-docupacio-de-globalleida\/","title":{"rendered":"El Conselh Generau d\u2019Aran s\u2019adhereix a la Plataforma Virtual d\u2019Ocupaci\u00f3 de GLOBALleida"},"content":{"rendered":"<p>Vielha, 7 de setembre de 2018.- El Conselh Generau d\u2019Aran ha signat un conveni de col\u00b7laboraci\u00f3 per adherir-se a la nova Plataforma Virtual d\u2019Ocupaci\u00f3 impulsada per GLOBALleida.<\/p>\n<p>Aquest conveni permetr\u00e0 compartir la nova plataforma que te com objectiu convertir-se en una eina de gesti\u00f3 i millora dels serveis i programes ocupacionals que les entitats col\u00b7laboradores considerin adients desenvolupar per millorar l\u2019ocupabilitat de les persones del territori, cooperant i compartint informaci\u00f3 i recursos.<\/p>\n<p><a href=\"http:\/\/www.conselharan.org\/wp-content\/uploads\/2018\/09\/IMG_3372-1024x768.jpg\"><img loading=\"lazy\" decoding=\"async\" class=\"aligncenter size-large wp-image-24102\" src=\"http:\/\/www.conselharan.org\/wp-content\/uploads\/2018\/09\/IMG_3372-1024x768-1024x768.jpg\" alt=\"\" width=\"1024\" height=\"768\" srcset=\"https:\/\/www.conselharan.org\/wp-content\/uploads\/2018\/09\/IMG_3372-1024x768.jpg 1024w, https:\/\/www.conselharan.org\/wp-content\/uploads\/2018\/09\/IMG_3372-1024x768-300x225.jpg 300w, https:\/\/www.conselharan.org\/wp-content\/uploads\/2018\/09\/IMG_3372-1024x768-768x576.jpg 768w\" sizes=\"(max-width: 1024px) 100vw, 1024px\" \/><\/a><\/p>\n<p>La plataforma neix com a resultes d\u2019un estudi per identificar els serveis ocupacionals b\u00e0sics dels consells comarcals, Conselh Generau d\u2019Aran i ajuntaments de la prov\u00edncia de Lleida i avaluar les possibilitats de cooperaci\u00f3 i gesti\u00f3 comuna.<\/p>\n<p>La Plataforma Virtual d\u2019Ocupaci\u00f3 t\u00e9 les seg\u00fcents funcionalitats:<\/p>\n<ul>\n<li>Disposar d\u2019un programa inform\u00e0tic per gestionar els projectes, programes i actuacions de les entitats locals.<\/li>\n<li>Impulsar la qualitat del serveis d\u2019ocupaci\u00f3 locals.<\/li>\n<li>Millorar l\u2019atenci\u00f3 a les persones en recerca de feina i emprenedoria.<\/li>\n<li>Tenir acc\u00e9s a una borsa de treball interinstitucional.<\/li>\n<li>Fer difusi\u00f3 dels serveis i programes d\u2019ocupaci\u00f3 que es realitzen.<\/li>\n<li>Oferir a les persones la possibilitat de gestionar la seva traject\u00f2ria professional (interessos formatius, elaboraci\u00f3 del curr\u00edculum, registres d\u2019inscripci\u00f3 a ofertes de treball)<\/li>\n<li>Oferir als ens locals una plataforma per fer difusi\u00f3 de la seva formaci\u00f3: agenda compartida, preinscripci\u00f3 on-line.<\/li>\n<li>Disposar d\u2019un sistema d\u2019informaci\u00f3 com\u00fa entre les entitats adherides per a gestionar projectes i\/o programes d\u2019ocupaci\u00f3 cooperatius.<\/li>\n<li>Oferir formaci\u00f3 en compet\u00e8ncies i habilitats personals i professionals a demandants d\u2019ocupaci\u00f3 i\/o persones en recerca activa de feina.<\/li>\n<li>Millorar la qualificaci\u00f3 professional del personal t\u00e8cnic que treballa en les \u00e0rees de promoci\u00f3 econ\u00f2mica i ocupaci\u00f3 mitjan\u00e7ant la realitzaci\u00f3 de jornades, formaci\u00f3 i\/o intercanvi d\u2019experi\u00e8ncies.<\/li>\n<\/ul>\n<p>&nbsp;<\/p>\n<p>&nbsp;<\/p>\n ","protected":false},"excerpt":{"rendered":"<p>Vielha, 7 de setembre de 2018.- El Conselh Generau d\u2019Aran ha signat un conveni de col\u00b7laboraci\u00f3 per adherir-se a la nova Plataforma Virtual d\u2019Ocupaci\u00f3 impulsada per GLOBALleida. Aquest conveni permetr\u00e0 compartir la nova plataforma que te com objectiu convertir-se en una eina de gesti\u00f3 i millora dels serveis i programes ocupacionals que les entitats col\u00b7laboradores&#8230;<\/p>\n","protected":false},"author":2,"featured_media":24102,"comment_status":"closed","ping_status":"closed","sticky":false,"template":"","format":"standard","meta":{"footnotes":""},"categories":[33],"tags":[],"_links":{"self":[{"href":"https:\/\/www.conselharan.org\/ca\/wp-json\/wp\/v2\/posts\/24104"}],"collection":[{"href":"https:\/\/www.conselharan.org\/ca\/wp-json\/wp\/v2\/posts"}],"about":[{"href":"https:\/\/www.conselharan.org\/ca\/wp-json\/wp\/v2\/types\/post"}],"author":[{"embeddable":true,"href":"https:\/\/www.conselharan.org\/ca\/wp-json\/wp\/v2\/users\/2"}],"replies":[{"embeddable":true,"href":"https:\/\/www.conselharan.org\/ca\/wp-json\/wp\/v2\/comments?post=24104"}],"version-history":[{"count":1,"href":"https:\/\/www.conselharan.org\/ca\/wp-json\/wp\/v2\/posts\/24104\/revisions"}],"predecessor-version":[{"id":24105,"href":"https:\/\/www.conselharan.org\/ca\/wp-json\/wp\/v2\/posts\/24104\/revisions\/24105"}],"wp:featuredmedia":[{"embeddable":true,"href":"https:\/\/www.conselharan.org\/ca\/wp-json\/wp\/v2\/media\/24102"}],"wp:attachment":[{"href":"https:\/\/www.conselharan.org\/ca\/wp-json\/wp\/v2\/media?parent=24104"}],"wp:term":[{"taxonomy":"category","embeddable":true,"href":"https:\/\/www.conselharan.org\/ca\/wp-json\/wp\/v2\/categories?post=24104"},{"taxonomy":"post_tag","embeddable":true,"href":"https:\/\/www.conselharan.org\/ca\/wp-json\/wp\/v2\/tags?post=24104"}],"curies":[{"name":"wp","href":"https:\/\/api.w.org\/{rel}","templated":true}]}}