{"id":24120,"date":"2018-09-07T13:35:03","date_gmt":"2018-09-07T11:35:03","guid":{"rendered":"http:\/\/www.conselharan.org\/?p=24120"},"modified":"2018-09-07T13:35:03","modified_gmt":"2018-09-07T11:35:03","slug":"el-centre-de-recursos-pedagogics-de-la-val-daran-organitza-un-curs-de-formacio-sobre-lexperiencia-minera","status":"publish","type":"post","link":"https:\/\/www.conselharan.org\/ca\/el-centre-de-recursos-pedagogics-de-la-val-daran-organitza-un-curs-de-formacio-sobre-lexperiencia-minera\/","title":{"rendered":"El Centre de Recursos Pedag\u00f2gics de la Val d\u2019Aran organitza un curs de formaci\u00f3 sobre l\u2019experi\u00e8ncia minera"},"content":{"rendered":"<p>Vielha, 7 de setembre de 2018.- El Centre de Recursos Pedag\u00f2gics de la Val d\u2019Aran-Alta Ribagor\u00e7a ha organitzat a petici\u00f3 dels docents de la Val d\u2019Aran un curs de formaci\u00f3 sobre l\u2019experi\u00e8ncia minera a l\u2019Aran, amb visites a la Mina Vict\u00f2ria i a les mines de Liat.<\/p>\n<p><a href=\"http:\/\/www.conselharan.org\/wp-content\/uploads\/2018\/09\/WhatsApp-Image-2018-09-06-at-08.44.46.jpeg\"><img loading=\"lazy\" decoding=\"async\" class=\"aligncenter size-large wp-image-24118\" src=\"http:\/\/www.conselharan.org\/wp-content\/uploads\/2018\/09\/WhatsApp-Image-2018-09-06-at-08.44.46-1024x768.jpeg\" alt=\"\" width=\"1024\" height=\"768\" srcset=\"https:\/\/www.conselharan.org\/wp-content\/uploads\/2018\/09\/WhatsApp-Image-2018-09-06-at-08.44.46-1024x768.jpeg 1024w, https:\/\/www.conselharan.org\/wp-content\/uploads\/2018\/09\/WhatsApp-Image-2018-09-06-at-08.44.46-300x225.jpeg 300w, https:\/\/www.conselharan.org\/wp-content\/uploads\/2018\/09\/WhatsApp-Image-2018-09-06-at-08.44.46-768x576.jpeg 768w, https:\/\/www.conselharan.org\/wp-content\/uploads\/2018\/09\/WhatsApp-Image-2018-09-06-at-08.44.46.jpeg 1600w\" sizes=\"(max-width: 1024px) 100vw, 1024px\" \/><\/a><\/p>\n<p>Aquesta setmana un grup de vint professors de l\u2019INS d\u2019Aran i de les escoles de prim\u00e0ria de la Val d\u2019Aran, acompanyats per t\u00e8cnics del Conselh Generau d\u2019Aran, han participat en aquest curs visitant les instal\u00b7lacions de la Mina Vict\u00f2ria, que es completar\u00e0 el proper 20 d\u2019octubre amb una visita a les mines de Liat.<\/p>\n<p>El curs organitzat pel Centre de Recursos Pedag\u00f2gics permet als professors, a trav\u00e9s de les explicacions d\u2019<strong>Elisa Ros<\/strong>, responsable de l\u2019\u00c0rea de Patrimoni Cultural del Conselh Generau d\u2019Aran, i de <strong>Jordi Gavald\u00e0<\/strong>, ge\u00f2leg del Conselh Generau, assolir diversos coneixements sobre els aspectes geol\u00f2gics de la Val d\u2019Aran i de les mines, aix\u00ed com la hist\u00f2ria de la mineria a l\u2019Aran i de com es desenvolupava el dia a dia per fer l\u2019extracci\u00f3 de minerals.<\/p>\n<p>Cal recordar que la Val d\u00b4Aran ha estat hist\u00f2ricament una zona d\u2019extracci\u00f3 de minerals. A principis del segle XX es va iniciar l\u2019explotaci\u00f3 del mineral de zinc a la zona d\u2019Arres i de Boss\u00f2st.<\/p>\n<p>L\u2019any 1912, la Mina Vict\u00f2ria ja estava en plena explotaci\u00f3, i s\u2019extreia al voltant de vuitanta tones de mineral brut per dia, i es va posar en funcionament un safareig de minerals a Boss\u00f2st. En la mina treballaven entre 100 i 150 persones, repartides entre l\u2019interior i l\u2019exterior de les galeries.<\/p>\n<p>En esclatar la Guerra Civil (1936-1939), es van suspendre els treballs. L\u2019any 1949 es va reiniciar l\u2019explotaci\u00f3, fins al 1953, quan la baixada del preu del zinc i la falta de m\u00e0 d\u2019obra van provocar el tancament definitiu de les mines.<\/p>\n<p>El 2004 el Conselh Generau d\u2019Aran va obrir al p\u00fablic la Mina Vict\u00f2ria despr\u00e9s de recuperar i restaurar part de les seves infraestructures i perqu\u00e8 es poguessin visitar. En tractar-se d\u2019una explotaci\u00f3 minera d\u2019alta muntanya, es va plantejar la visita com una ruta de senderisme, on el paisatge i l\u2019entorn complementen els atractius que aporta la visita a l\u2019explotaci\u00f3 minera.<\/p>\n<p>El Centre de Recursos Pedag\u00f2gics de la Val d\u2019Aran-Alta Ribagor\u00e7a ja fa 5 anys que organitza aquests cursos en col\u00b7laboraci\u00f3 amb el Conselh Generau d\u2019Aran i els centres educatius aranesos.<\/p>\n ","protected":false},"excerpt":{"rendered":"<p>Vielha, 7 de setembre de 2018.- El Centre de Recursos Pedag\u00f2gics de la Val d\u2019Aran-Alta Ribagor\u00e7a ha organitzat a petici\u00f3 dels docents de la Val d\u2019Aran un curs de formaci\u00f3 sobre l\u2019experi\u00e8ncia minera a l\u2019Aran, amb visites a la Mina Vict\u00f2ria i a les mines de Liat. Aquesta setmana un grup de vint professors de&#8230;<\/p>\n","protected":false},"author":2,"featured_media":24118,"comment_status":"closed","ping_status":"closed","sticky":false,"template":"","format":"standard","meta":{"footnotes":""},"categories":[33],"tags":[],"_links":{"self":[{"href":"https:\/\/www.conselharan.org\/ca\/wp-json\/wp\/v2\/posts\/24120"}],"collection":[{"href":"https:\/\/www.conselharan.org\/ca\/wp-json\/wp\/v2\/posts"}],"about":[{"href":"https:\/\/www.conselharan.org\/ca\/wp-json\/wp\/v2\/types\/post"}],"author":[{"embeddable":true,"href":"https:\/\/www.conselharan.org\/ca\/wp-json\/wp\/v2\/users\/2"}],"replies":[{"embeddable":true,"href":"https:\/\/www.conselharan.org\/ca\/wp-json\/wp\/v2\/comments?post=24120"}],"version-history":[{"count":1,"href":"https:\/\/www.conselharan.org\/ca\/wp-json\/wp\/v2\/posts\/24120\/revisions"}],"predecessor-version":[{"id":24121,"href":"https:\/\/www.conselharan.org\/ca\/wp-json\/wp\/v2\/posts\/24120\/revisions\/24121"}],"wp:featuredmedia":[{"embeddable":true,"href":"https:\/\/www.conselharan.org\/ca\/wp-json\/wp\/v2\/media\/24118"}],"wp:attachment":[{"href":"https:\/\/www.conselharan.org\/ca\/wp-json\/wp\/v2\/media?parent=24120"}],"wp:term":[{"taxonomy":"category","embeddable":true,"href":"https:\/\/www.conselharan.org\/ca\/wp-json\/wp\/v2\/categories?post=24120"},{"taxonomy":"post_tag","embeddable":true,"href":"https:\/\/www.conselharan.org\/ca\/wp-json\/wp\/v2\/tags?post=24120"}],"curies":[{"name":"wp","href":"https:\/\/api.w.org\/{rel}","templated":true}]}}