{"id":24158,"date":"2018-09-13T13:50:25","date_gmt":"2018-09-13T11:50:25","guid":{"rendered":"http:\/\/www.conselharan.org\/?p=24158"},"modified":"2018-09-13T13:50:25","modified_gmt":"2018-09-13T11:50:25","slug":"presentacio-dels-ajuts-del-programa-leader-2018","status":"publish","type":"post","link":"https:\/\/www.conselharan.org\/ca\/presentacio-dels-ajuts-del-programa-leader-2018\/","title":{"rendered":"Presentaci\u00f3 dels ajuts del programa LEADER 2018"},"content":{"rendered":"<p>Vielha, 13 de setembre de 2018.- El vicesindic d\u2019Aran <strong>Lu\u00eds Carlos Medina<\/strong>, va presentar el passat 7 de setembre al Conselh Generau d\u2019Aran la convocat\u00f2ria dels ajuts LEADER 2018 adre\u00e7ats a les microempreses, petites i mitjanes empreses de la Val d\u2019Aran, dels quals se\u2019n podran beneficiar tots els particulars interessats en impulsar un projecte empresarial generador d\u2019activitat econ\u00f2mica, aix\u00ed com els ajuntaments de la Val d\u2019Aran.<\/p>\n<p><a href=\"http:\/\/www.conselharan.org\/wp-content\/uploads\/2018\/09\/WhatsApp-Image-2018-09-07-at-12.59.271.jpeg\"><img loading=\"lazy\" decoding=\"async\" class=\"aligncenter size-large wp-image-24154\" src=\"http:\/\/www.conselharan.org\/wp-content\/uploads\/2018\/09\/WhatsApp-Image-2018-09-07-at-12.59.271-1024x768.jpeg\" alt=\"\" width=\"1024\" height=\"768\" srcset=\"https:\/\/www.conselharan.org\/wp-content\/uploads\/2018\/09\/WhatsApp-Image-2018-09-07-at-12.59.271-1024x768.jpeg 1024w, https:\/\/www.conselharan.org\/wp-content\/uploads\/2018\/09\/WhatsApp-Image-2018-09-07-at-12.59.271-300x225.jpeg 300w, https:\/\/www.conselharan.org\/wp-content\/uploads\/2018\/09\/WhatsApp-Image-2018-09-07-at-12.59.271-768x576.jpeg 768w, https:\/\/www.conselharan.org\/wp-content\/uploads\/2018\/09\/WhatsApp-Image-2018-09-07-at-12.59.271.jpeg 1600w\" sizes=\"(max-width: 1024px) 100vw, 1024px\" \/><\/a><\/p>\n<p>El Departament d\u2019Agricultura, Ramaderia, Pesca i Alimentaci\u00f3 (DARP) de la Generalitat de Catalunya, ha seleccionat 11 Grups d\u2019Acci\u00f3 Local (GAL) Leader, per aplicar el desenvolupament local participatiu Leader en el marc del Programa de Desenvolupament Rural ( PDR) de Catalunya 2014-2020.<\/p>\n<p>Un dels objectius principals dels GAL \u00e9s la dinamitzaci\u00f3 territorial i la divulgaci\u00f3 dels seus projectes m\u00e9s estrat\u00e8gics i bones pr\u00e0ctiques, juntament amb la gesti\u00f3 dels ajuts, que convoca anualment el DARP per fomentar la realitzaci\u00f3 d\u2019inversions que generin activitat econ\u00f2mica a les zones rurals i fomenten la creaci\u00f3 i\/o manteniment de llocs de treball, principalment de dones i de joves, en accions de millora dels processos de transformaci\u00f3 i comercialitzaci\u00f3 dels productes agraris, creaci\u00f3 i desenvolupament de microempreses, foment d\u2019activitats tur\u00edstiques, i conservaci\u00f3 i millora del patrimoni rural.<\/p>\n<p>Les persones interessades es poden informar sobre els ajuts al Conselh Generau d\u2019Aran demanant hora amb Judit Jaquet: j.jaquet@aran.org o al tel. 973 64 18 01.<\/p>\n<p>Trobareu m\u00e9s Informaci\u00f3 a:<\/p>\n<p><a href=\"http:\/\/www.leaderpirineuoccidental.cat\/ajuts-leader\/documentacio-i-descarregues\/\">http:\/\/www.leaderpirineuoccidental.cat\/ajuts-leader\/documentacio-i-descarregues\/<\/a><\/p>\n<p>&nbsp;<\/p>\n ","protected":false},"excerpt":{"rendered":"<p>Vielha, 13 de setembre de 2018.- El vicesindic d\u2019Aran Lu\u00eds Carlos Medina, va presentar el passat 7 de setembre al Conselh Generau d\u2019Aran la convocat\u00f2ria dels ajuts LEADER 2018 adre\u00e7ats a les microempreses, petites i mitjanes empreses de la Val d\u2019Aran, dels quals se\u2019n podran beneficiar tots els particulars interessats en impulsar un projecte empresarial&#8230;<\/p>\n","protected":false},"author":2,"featured_media":24154,"comment_status":"closed","ping_status":"closed","sticky":false,"template":"","format":"standard","meta":{"footnotes":""},"categories":[53],"tags":[],"_links":{"self":[{"href":"https:\/\/www.conselharan.org\/ca\/wp-json\/wp\/v2\/posts\/24158"}],"collection":[{"href":"https:\/\/www.conselharan.org\/ca\/wp-json\/wp\/v2\/posts"}],"about":[{"href":"https:\/\/www.conselharan.org\/ca\/wp-json\/wp\/v2\/types\/post"}],"author":[{"embeddable":true,"href":"https:\/\/www.conselharan.org\/ca\/wp-json\/wp\/v2\/users\/2"}],"replies":[{"embeddable":true,"href":"https:\/\/www.conselharan.org\/ca\/wp-json\/wp\/v2\/comments?post=24158"}],"version-history":[{"count":1,"href":"https:\/\/www.conselharan.org\/ca\/wp-json\/wp\/v2\/posts\/24158\/revisions"}],"predecessor-version":[{"id":24159,"href":"https:\/\/www.conselharan.org\/ca\/wp-json\/wp\/v2\/posts\/24158\/revisions\/24159"}],"wp:featuredmedia":[{"embeddable":true,"href":"https:\/\/www.conselharan.org\/ca\/wp-json\/wp\/v2\/media\/24154"}],"wp:attachment":[{"href":"https:\/\/www.conselharan.org\/ca\/wp-json\/wp\/v2\/media?parent=24158"}],"wp:term":[{"taxonomy":"category","embeddable":true,"href":"https:\/\/www.conselharan.org\/ca\/wp-json\/wp\/v2\/categories?post=24158"},{"taxonomy":"post_tag","embeddable":true,"href":"https:\/\/www.conselharan.org\/ca\/wp-json\/wp\/v2\/tags?post=24158"}],"curies":[{"name":"wp","href":"https:\/\/api.w.org\/{rel}","templated":true}]}}