{"id":24285,"date":"2018-09-19T17:43:34","date_gmt":"2018-09-19T15:43:34","guid":{"rendered":"http:\/\/www.conselharan.org\/?p=24285"},"modified":"2018-09-19T17:43:34","modified_gmt":"2018-09-19T15:43:34","slug":"com-gestionar-el-temps-eficacment","status":"publish","type":"post","link":"https:\/\/www.conselharan.org\/ca\/com-gestionar-el-temps-eficacment\/","title":{"rendered":"Com gestionar el temps efica\u00e7ment"},"content":{"rendered":"<p>Vielha, 19 de setembre de 2018.- El passat dimarts va tenir lloc al CEI Val d\u2019Aran de Casau la c\u00e0psula formativa gratu\u00efta sobre <strong>organitzaci\u00f3 personal i gesti\u00f3 efica\u00e7 del temps.<\/strong><\/p>\n<p>La c\u00e0psula en la que han participat una desena de persones, ha estat impartida per <strong>Oscar Becerril<\/strong>, Soci-formador de t\u00e0ctica 360, diplomat en relacions laborals i m\u00e0ster en intel\u00b7lig\u00e8ncia emocional.<\/p>\n<p>Cal recordar que les c\u00e0psules formatives que s\u2019imparteixen al CEI Val d\u2019Aran de Casau, estan organitzades pel mateix CEI Val d\u2019Aran i el Conselh Generau d\u2019Aran en col\u00b7laboraci\u00f3 amb la Diputaci\u00f3 de Lleida i GlobaLleida, i amb el suport del Departament d\u2019Empresa i Ocupaci\u00f3 de la Generalitat de Catalunya, Catalunya Empr\u00e8n i el Fons Social Europeu.<\/p>\n<p><a href=\"http:\/\/www.conselharan.org\/wp-content\/uploads\/2018\/09\/180919_CEI.jpeg\"><img loading=\"lazy\" decoding=\"async\" class=\"aligncenter size-large wp-image-24283\" src=\"http:\/\/www.conselharan.org\/wp-content\/uploads\/2018\/09\/180919_CEI-1024x768.jpeg\" alt=\"\" width=\"1024\" height=\"768\" srcset=\"https:\/\/www.conselharan.org\/wp-content\/uploads\/2018\/09\/180919_CEI-1024x768.jpeg 1024w, https:\/\/www.conselharan.org\/wp-content\/uploads\/2018\/09\/180919_CEI-300x225.jpeg 300w, https:\/\/www.conselharan.org\/wp-content\/uploads\/2018\/09\/180919_CEI-768x576.jpeg 768w, https:\/\/www.conselharan.org\/wp-content\/uploads\/2018\/09\/180919_CEI.jpeg 1600w\" sizes=\"(max-width: 1024px) 100vw, 1024px\" \/><\/a><\/p>\n ","protected":false},"excerpt":{"rendered":"<p>Vielha, 19 de setembre de 2018.- El passat dimarts va tenir lloc al CEI Val d\u2019Aran de Casau la c\u00e0psula formativa gratu\u00efta sobre organitzaci\u00f3 personal i gesti\u00f3 efica\u00e7 del temps. La c\u00e0psula en la que han participat una desena de persones, ha estat impartida per Oscar Becerril, Soci-formador de t\u00e0ctica 360, diplomat en relacions laborals&#8230;<\/p>\n","protected":false},"author":2,"featured_media":24283,"comment_status":"closed","ping_status":"closed","sticky":false,"template":"","format":"standard","meta":{"footnotes":""},"categories":[33],"tags":[],"_links":{"self":[{"href":"https:\/\/www.conselharan.org\/ca\/wp-json\/wp\/v2\/posts\/24285"}],"collection":[{"href":"https:\/\/www.conselharan.org\/ca\/wp-json\/wp\/v2\/posts"}],"about":[{"href":"https:\/\/www.conselharan.org\/ca\/wp-json\/wp\/v2\/types\/post"}],"author":[{"embeddable":true,"href":"https:\/\/www.conselharan.org\/ca\/wp-json\/wp\/v2\/users\/2"}],"replies":[{"embeddable":true,"href":"https:\/\/www.conselharan.org\/ca\/wp-json\/wp\/v2\/comments?post=24285"}],"version-history":[{"count":1,"href":"https:\/\/www.conselharan.org\/ca\/wp-json\/wp\/v2\/posts\/24285\/revisions"}],"predecessor-version":[{"id":24286,"href":"https:\/\/www.conselharan.org\/ca\/wp-json\/wp\/v2\/posts\/24285\/revisions\/24286"}],"wp:featuredmedia":[{"embeddable":true,"href":"https:\/\/www.conselharan.org\/ca\/wp-json\/wp\/v2\/media\/24283"}],"wp:attachment":[{"href":"https:\/\/www.conselharan.org\/ca\/wp-json\/wp\/v2\/media?parent=24285"}],"wp:term":[{"taxonomy":"category","embeddable":true,"href":"https:\/\/www.conselharan.org\/ca\/wp-json\/wp\/v2\/categories?post=24285"},{"taxonomy":"post_tag","embeddable":true,"href":"https:\/\/www.conselharan.org\/ca\/wp-json\/wp\/v2\/tags?post=24285"}],"curies":[{"name":"wp","href":"https:\/\/api.w.org\/{rel}","templated":true}]}}