{"id":24498,"date":"2018-10-02T14:33:37","date_gmt":"2018-10-02T12:33:37","guid":{"rendered":"http:\/\/www.conselharan.org\/?p=24498"},"modified":"2018-10-02T14:33:59","modified_gmt":"2018-10-02T12:33:59","slug":"primera-concentracio-de-lequip-del-cdia-de-snowboard-i-esqui-alpi-adaptat-a-les-instal%e2%80%a2lacions-del-cpt-fadura-de-bilbao","status":"publish","type":"post","link":"https:\/\/www.conselharan.org\/ca\/primera-concentracio-de-lequip-del-cdia-de-snowboard-i-esqui-alpi-adaptat-a-les-instal%e2%80%a2lacions-del-cpt-fadura-de-bilbao\/","title":{"rendered":"Primera concentraci\u00f3 de l\u2019equip del CDIA de snowboard i esqu\u00ed alp\u00ed adaptat a les instal\u2022lacions del CPT Fadura de Bilbao"},"content":{"rendered":"<p><strong>Del 20 al 23 de setembre el CDIA va realitzar la primera concentraci\u00f3 dels equips de tecnificaci\u00f3 i detecci\u00f3- seguiment.<\/strong><\/p>\n<p><strong>En aquesta primera concentraci\u00f3, a m\u00e9s de proves f\u00edsiques, es van realitzar reunions individuals amb tots els esportistes per con\u00e8ixer la seva disposici\u00f3 i disponibilitat per al proper cicle para ol\u00edmpic Pequ\u00edn 2022.<\/strong><\/p>\n<p>&nbsp;<\/p>\n<p><a href=\"http:\/\/www.conselharan.org\/prumera-concentracion-dera-equipa-deth-cdia-de-snowboard-e-esqui-aupin-adaptat-enes-installacions-deth-cpt-fadura-de-bilbao\/centro_deportes_invienro_adaptados_fadura\/\" rel=\"attachment wp-att-24494\"><img loading=\"lazy\" decoding=\"async\" class=\"aligncenter size-large wp-image-24494\" src=\"http:\/\/www.conselharan.org\/wp-content\/uploads\/2018\/10\/centro_deportes_invienro_adaptados_fadura-1024x576.jpg\" alt=\"\" width=\"1024\" height=\"576\" srcset=\"https:\/\/www.conselharan.org\/wp-content\/uploads\/2018\/10\/centro_deportes_invienro_adaptados_fadura-1024x576.jpg 1024w, https:\/\/www.conselharan.org\/wp-content\/uploads\/2018\/10\/centro_deportes_invienro_adaptados_fadura-300x169.jpg 300w, https:\/\/www.conselharan.org\/wp-content\/uploads\/2018\/10\/centro_deportes_invienro_adaptados_fadura-768x432.jpg 768w, https:\/\/www.conselharan.org\/wp-content\/uploads\/2018\/10\/centro_deportes_invienro_adaptados_fadura.jpg 1599w\" sizes=\"(max-width: 1024px) 100vw, 1024px\" \/><\/a><\/p>\n<p>&nbsp;<\/p>\n<p>El passat cap de setmana els equips de tecnificaci\u00f3 i detecci\u00f3- seguiment del Centre d&#8217;Esports d&#8217;Hivern Adaptats (CDIA) van realitzar la seva primera concentraci\u00f3 al Complex Esportiu de Fadura de Getxo (Bilbao). El principal objectiu d&#8217;aquesta primera concentraci\u00f3 era la realitzaci\u00f3 de reunions individuals amb tots els esportistes per con\u00e8ixer la seva disposici\u00f3 i disponibilitat per al proper cicle para ol\u00edmpic Pequ\u00edn 2022 a m\u00e9s de la realitzaci\u00f3 de proves f\u00edsiques. Les tardes es van destinar a la realitzaci\u00f3 d&#8217;altres activitats complement\u00e0ries com a surf aplicat al desenvolupament i millora de la t\u00e8cnica dels esportistes.<\/p>\n<p>&nbsp;<\/p>\n<p><a href=\"http:\/\/www.conselharan.org\/prumera-concentracion-dera-equipa-deth-cdia-de-snowboard-e-esqui-aupin-adaptat-enes-installacions-deth-cpt-fadura-de-bilbao\/centro_deportes_invierno_adaptados\/\" rel=\"attachment wp-att-24495\"><img loading=\"lazy\" decoding=\"async\" class=\"aligncenter size-large wp-image-24495\" src=\"http:\/\/www.conselharan.org\/wp-content\/uploads\/2018\/10\/centro_deportes_invierno_adaptados-1024x768.jpg\" alt=\"\" width=\"1024\" height=\"768\" srcset=\"https:\/\/www.conselharan.org\/wp-content\/uploads\/2018\/10\/centro_deportes_invierno_adaptados-1024x768.jpg 1024w, https:\/\/www.conselharan.org\/wp-content\/uploads\/2018\/10\/centro_deportes_invierno_adaptados-300x225.jpg 300w, https:\/\/www.conselharan.org\/wp-content\/uploads\/2018\/10\/centro_deportes_invierno_adaptados-768x576.jpg 768w, https:\/\/www.conselharan.org\/wp-content\/uploads\/2018\/10\/centro_deportes_invierno_adaptados.jpg 1600w\" sizes=\"(max-width: 1024px) 100vw, 1024px\" \/><\/a><\/p>\n<p>&nbsp;<\/p>\n<p>El diumenge, dia 23, va tenir lloc l&#8217;\u00faltima sessi\u00f3 d&#8217;aprenentatge t\u00e8cnic de nous moviments d&#8217;halterof\u00edlia per als entrenaments f\u00edsics i, despr\u00e9s d&#8217;un dinar que servia per finalitzar unes jornades intenses i plenes de bon ambient i esport, els\/les assistents van prendre rumb a les seves respectives llars amb la mirada posada en la imminent temporada d&#8217;hivern i a la seg\u00fcent concentraci\u00f3.<\/p>\n<p>Tot aix\u00f2 ha estat possible gr\u00e0cies a la col\u2022laboraci\u00f3 de la Federaci\u00f3 Basca d&#8217;Esport Adaptat (<strong>FVDA<\/strong>) i al <strong>Basque Team<\/strong> que han treballat conjuntament per dur a terme aquesta primera concentraci\u00f3.<\/p>\n<p>El CDIA \u00e9s un centre d&#8217;alt rendiment, detecci\u00f3 de talents, tecnificaci\u00f3 d&#8217;esportistes i formaci\u00f3 de t\u00e8cnics esportius especialistes en els esports d&#8217;hivern per a persones pertanyents a les Federacions Espanyoles de Discapacitats F\u00edsics i Par\u00e0lisi Cerebral.<\/p>\n<p>Gr\u00e0cies als seus patrocinadors, institucions i col\u2022laboradors: <strong>la Fundaci\u00f3 Repsol, el Consejo Superior de Deportes, Comit\u00e8 Para ol\u00edmpic Espa\u00f1ol, Conselh Generau d&#8217;Aran, Diputaci\u00f3 de Lleida, Ajuntament de Naut Aran, Consell Catal\u00e0 de l\u2019Esport <\/strong>i amb la col\u2022laboraci\u00f3 d&#8217;<strong>Elan Esqu\u00eds, Medilast, Mountain Padel Gim i Iberian Sportech<\/strong> entre uns altres, duen a terme cada any un treball multidireccional que pret\u00e9n fer arribar els esports d&#8217;hivern adaptats a totes les persones amb discapacitat i possibilitar als millors arribar a pert\u00e0nyer a l&#8217;Equip Nacional i competir al m\u00e0xim nivell internacional.<\/p>\n<p>Els seus programes esportius abasten des de la tecnificaci\u00f3 a l&#8217;alt rendiment, al que se sumen activitats de promoci\u00f3 de l&#8217;esport per a tots, dona i esport adaptat, detecci\u00f3 i formaci\u00f3 de talents i organitzaci\u00f3 de competicions nacionals.<\/p>\n<p>&nbsp;<\/p>\n<p>&nbsp;<\/p>\n<p>&nbsp;<\/p>\n<p>&nbsp;<\/p>\n<p>Vielha, 2 d\u2019octubre de 2018<\/p>\n<p>&nbsp;<\/p>\n<p><em>Conselh Generau d&#8217;Aran: N\u00faria Sanjuan<\/em><\/p>\n<p>&nbsp;<\/p>\n<p><em>Font i fotos:<\/em><\/p>\n<p><em>Federaci\u00f3n Espa\u00f1ola de Deportes de Personas con Discapacidad F\u00edsica. FEDDF<\/em><br \/>\n<em> Federaci\u00f3n Espa\u00f1ola de Deportes de Personas con Par\u00e1lisis Cerebral. FEDPC<\/em><br \/>\n<em> CDIA ARAN Centro Nacional de Deportes de Invierno<\/em><\/p>\n ","protected":false},"excerpt":{"rendered":"<p>Del 20 al 23 de setembre el CDIA va realitzar la primera concentraci\u00f3 dels equips de tecnificaci\u00f3 i detecci\u00f3- seguiment. En aquesta primera concentraci\u00f3, a m\u00e9s de proves f\u00edsiques, es van realitzar reunions individuals amb tots els esportistes per con\u00e8ixer la seva disposici\u00f3 i disponibilitat per al proper cicle para ol\u00edmpic Pequ\u00edn 2022. &nbsp; &nbsp;&#8230;<\/p>\n","protected":false},"author":2,"featured_media":24495,"comment_status":"closed","ping_status":"closed","sticky":false,"template":"","format":"standard","meta":{"footnotes":""},"categories":[136],"tags":[],"_links":{"self":[{"href":"https:\/\/www.conselharan.org\/ca\/wp-json\/wp\/v2\/posts\/24498"}],"collection":[{"href":"https:\/\/www.conselharan.org\/ca\/wp-json\/wp\/v2\/posts"}],"about":[{"href":"https:\/\/www.conselharan.org\/ca\/wp-json\/wp\/v2\/types\/post"}],"author":[{"embeddable":true,"href":"https:\/\/www.conselharan.org\/ca\/wp-json\/wp\/v2\/users\/2"}],"replies":[{"embeddable":true,"href":"https:\/\/www.conselharan.org\/ca\/wp-json\/wp\/v2\/comments?post=24498"}],"version-history":[{"count":1,"href":"https:\/\/www.conselharan.org\/ca\/wp-json\/wp\/v2\/posts\/24498\/revisions"}],"predecessor-version":[{"id":24499,"href":"https:\/\/www.conselharan.org\/ca\/wp-json\/wp\/v2\/posts\/24498\/revisions\/24499"}],"wp:featuredmedia":[{"embeddable":true,"href":"https:\/\/www.conselharan.org\/ca\/wp-json\/wp\/v2\/media\/24495"}],"wp:attachment":[{"href":"https:\/\/www.conselharan.org\/ca\/wp-json\/wp\/v2\/media?parent=24498"}],"wp:term":[{"taxonomy":"category","embeddable":true,"href":"https:\/\/www.conselharan.org\/ca\/wp-json\/wp\/v2\/categories?post=24498"},{"taxonomy":"post_tag","embeddable":true,"href":"https:\/\/www.conselharan.org\/ca\/wp-json\/wp\/v2\/tags?post=24498"}],"curies":[{"name":"wp","href":"https:\/\/api.w.org\/{rel}","templated":true}]}}