{"id":24713,"date":"2018-10-12T13:19:04","date_gmt":"2018-10-12T11:19:04","guid":{"rendered":"http:\/\/www.conselharan.org\/?p=24713"},"modified":"2018-10-12T13:19:04","modified_gmt":"2018-10-12T11:19:04","slug":"la-val-daran-suneix-a-la-xarxa-de-destinacions-turistiques-intel%c2%b7ligents","status":"publish","type":"post","link":"https:\/\/www.conselharan.org\/ca\/la-val-daran-suneix-a-la-xarxa-de-destinacions-turistiques-intel%c2%b7ligents\/","title":{"rendered":"La Val d&#8217;Aran s&#8217;uneix a la Xarxa de Destinacions Tur\u00edstiques Intel\u00b7ligents"},"content":{"rendered":"<p><strong>La Val d&#8217;Aran, Castelldefells, Lloret de Mar i Salou s\u00f3n les destinacions tur\u00edstiques catalanes que formen part de la nova xarxa<\/strong><\/p>\n<p>Vielha, 12 d&#8217;octubre de 2018.- La consellera de Turisme d&#8217;Aran, <strong>Anna D\u00edaz<\/strong>, ha assistit a la reuni\u00f3 convocada per la ministra d&#8217;Ind\u00fastria, Comer\u00e7 i Turisme, <strong>Reyes Maroto<\/strong>, de presentaci\u00f3 de la Xarxa de Destinacions Tur\u00edstiques Intel\u00b7ligents (DTI), a la qual s&#8217;han adherit setanta destinacions de les disset comunitats aut\u00f2nomes.<\/p>\n<p>La Xarxa de Destinacions Tur\u00edstiques Intel\u00b7ligents compta amb zones que s&#8217;inclouen dins d&#8217;un nou model tur\u00edstic que uneix conceptes com la sostenibilitat, l&#8217;accessibilitat, la governan\u00e7a p\u00fablic-privada, la innovaci\u00f3 i la tecnol\u00f2gica per fer front als reptes tur\u00edstics del present, que permetr\u00e0 con\u00e8ixer quines s\u00f3n les fortaleses d&#8217;aquestes destinacions, crear sinergies entre elles, i treballar amb un enfocament de cohesi\u00f3 territorial i d&#8217;integraci\u00f3 de les destinacions utilitzant les noves tecnologies. Aquest projecte s&#8217;emmarca dins del Pla Nacional i Integral de Turisme.<\/p>\n<p>El projecte, que compta amb la col\u00b7laboraci\u00f3 de Segittur i de Red.es per a la dotaci\u00f3 de fons, es basa en assessorament, recerca de finan\u00e7ament i de solucions, tant tecnol\u00f2giques com d&#8217;estrat\u00e8gia.<\/p>\n<p>Per a la consellera de Turisme d&#8217;Aran, <strong>Anna D\u00edaz<\/strong>, entrar a formar part d&#8217;aquesta nova xarxa significa poder accedir a totes les dades d&#8217;ocupaci\u00f3 tur\u00edstica que fa servir el ministeri de Turisme d&#8217;Espanya, que permetr\u00e0 a Torisme Val d&#8217;Aran afinar les estrat\u00e8gies per millorar l&#8217;oferta tur\u00edstica de la Val d&#8217;Aran i oferir als socis de Foment Torisme Val d&#8217;Aran dades completes pel que fa a ocupaci\u00f3 tur\u00edstica, aix\u00ed com posar en valor i donar visibilitat als esfor\u00e7os p\u00fablics i privats del sector tur\u00edstic com a motor econ\u00f2mic de la Val d&#8217;Aran. Anna D\u00edaz, ha recordat que la Val d\u2019Aran ja fa 3 anys que en col\u00b7laboraci\u00f3 amb Segittur participa al programa pilot de destinacions tur\u00edstiques intel\u00b7ligents de muntanya.<\/p>\n<p><a href=\"http:\/\/www.conselharan.org\/wp-content\/uploads\/2018\/10\/DTI-2.jpg\"><img loading=\"lazy\" decoding=\"async\" class=\"aligncenter size-full wp-image-24710\" src=\"http:\/\/www.conselharan.org\/wp-content\/uploads\/2018\/10\/DTI-2.jpg\" alt=\"\" width=\"640\" height=\"427\" srcset=\"https:\/\/www.conselharan.org\/wp-content\/uploads\/2018\/10\/DTI-2.jpg 640w, https:\/\/www.conselharan.org\/wp-content\/uploads\/2018\/10\/DTI-2-300x200.jpg 300w\" sizes=\"(max-width: 640px) 100vw, 640px\" \/><\/a><\/p>\n<p>Anna D\u00edaz ha manifestat que amb l&#8217;adhesi\u00f3 a la Xarxa de Destinacions Tur\u00edstiques Intel\u00b7ligents, la Val d&#8217;Aran continua avan\u00e7ant cap a un nou model de desenvolupament tur\u00edstic basat en els principis de la sostenibilitat, la diversitat cultural i la responsabilitat social, el que contribueix a que l&#8217;Aran sigui una destinaci\u00f3 tur\u00edstica basada en el respecte i la promoci\u00f3 del seu ric patrimoni i de la seva cultura, juntament amb el medi ambient i la responsabilitat.<\/p>\n<p>La ministra Reyes Maroto, ha destacat que la Xarxa \u00e9s una aposta per a un element clau de l&#8217;estrat\u00e8gia de Destinacions Tur\u00edstiques Intel\u00b7ligents per donar suport a la conversi\u00f3 de les destinacions, afavorir la cohesi\u00f3, l&#8217;intercanvi de bones pr\u00e0ctiques i l&#8217;aprofitament de sinergies entre els destinacions i el sector.<\/p>\n<p>Cal recordar que <strong>la Val d&#8217;Aran compta amb la<\/strong> <strong>certificaci\u00f3 Biosphere, Smart Destination, i el segell de destinaci\u00f3 de turisme familiar<\/strong> <strong>i treballa en el reconeixement de paisatge cultural agropastoral per part de la Unesco<\/strong>, <strong>dins el projecte de la<\/strong> <strong>candidatura de la Val d&#8217;Aran com a Patrimoni de la Humanitat.<\/strong><\/p>\n ","protected":false},"excerpt":{"rendered":"<p>La Val d&#8217;Aran, Castelldefells, Lloret de Mar i Salou s\u00f3n les destinacions tur\u00edstiques catalanes que formen part de la nova xarxa Vielha, 12 d&#8217;octubre de 2018.- La consellera de Turisme d&#8217;Aran, Anna D\u00edaz, ha assistit a la reuni\u00f3 convocada per la ministra d&#8217;Ind\u00fastria, Comer\u00e7 i Turisme, Reyes Maroto, de presentaci\u00f3 de la Xarxa de Destinacions&#8230;<\/p>\n","protected":false},"author":2,"featured_media":24711,"comment_status":"closed","ping_status":"closed","sticky":false,"template":"","format":"standard","meta":{"footnotes":""},"categories":[53],"tags":[],"_links":{"self":[{"href":"https:\/\/www.conselharan.org\/ca\/wp-json\/wp\/v2\/posts\/24713"}],"collection":[{"href":"https:\/\/www.conselharan.org\/ca\/wp-json\/wp\/v2\/posts"}],"about":[{"href":"https:\/\/www.conselharan.org\/ca\/wp-json\/wp\/v2\/types\/post"}],"author":[{"embeddable":true,"href":"https:\/\/www.conselharan.org\/ca\/wp-json\/wp\/v2\/users\/2"}],"replies":[{"embeddable":true,"href":"https:\/\/www.conselharan.org\/ca\/wp-json\/wp\/v2\/comments?post=24713"}],"version-history":[{"count":1,"href":"https:\/\/www.conselharan.org\/ca\/wp-json\/wp\/v2\/posts\/24713\/revisions"}],"predecessor-version":[{"id":24714,"href":"https:\/\/www.conselharan.org\/ca\/wp-json\/wp\/v2\/posts\/24713\/revisions\/24714"}],"wp:featuredmedia":[{"embeddable":true,"href":"https:\/\/www.conselharan.org\/ca\/wp-json\/wp\/v2\/media\/24711"}],"wp:attachment":[{"href":"https:\/\/www.conselharan.org\/ca\/wp-json\/wp\/v2\/media?parent=24713"}],"wp:term":[{"taxonomy":"category","embeddable":true,"href":"https:\/\/www.conselharan.org\/ca\/wp-json\/wp\/v2\/categories?post=24713"},{"taxonomy":"post_tag","embeddable":true,"href":"https:\/\/www.conselharan.org\/ca\/wp-json\/wp\/v2\/tags?post=24713"}],"curies":[{"name":"wp","href":"https:\/\/api.w.org\/{rel}","templated":true}]}}