{"id":24828,"date":"2018-10-19T14:01:26","date_gmt":"2018-10-19T12:01:26","guid":{"rendered":"http:\/\/www.conselharan.org\/?p=24828"},"modified":"2018-10-19T14:01:26","modified_gmt":"2018-10-19T12:01:26","slug":"recepcio-del-govern-daran-als-esportistes-aranesos-dadda-que-van-participar-en-els-jocs-specials-olympics","status":"publish","type":"post","link":"https:\/\/www.conselharan.org\/ca\/recepcio-del-govern-daran-als-esportistes-aranesos-dadda-que-van-participar-en-els-jocs-specials-olympics\/","title":{"rendered":"Recepci\u00f3 del Gov\u00e8rn d\u2019Aran als esportistes aranesos d\u2019ADDA que van participar en els Jocs Specials Olympics"},"content":{"rendered":"<p>\u2022 <strong>M\u00e9s de 1.500 esportistes van participar del 4 al 7 d\u2019octubre en els Jocs Specials Olympics La Seu d\u2019Urgell- Andorra<\/strong><\/p>\n<p><strong>\u2022 Els representants d\u2019ADDA van obtenir 10 medalles: 4 d\u2019or, 3 de plata i 3 de bronze.<\/strong><\/p>\n<p>&nbsp;<\/p>\n<p><a href=\"http:\/\/www.conselharan.org\/recepcion-deth-govern-daran-as-esportistes-aranesi-dadda-que-participeren-enes-jocs-specials-olympics\/dsc_0284-3\/\" rel=\"attachment wp-att-24820\"><img loading=\"lazy\" decoding=\"async\" class=\"aligncenter size-large wp-image-24820\" src=\"http:\/\/www.conselharan.org\/wp-content\/uploads\/2018\/10\/DSC_0284-1024x640.jpg\" alt=\"\" width=\"1024\" height=\"640\" srcset=\"https:\/\/www.conselharan.org\/wp-content\/uploads\/2018\/10\/DSC_0284-1024x640.jpg 1024w, https:\/\/www.conselharan.org\/wp-content\/uploads\/2018\/10\/DSC_0284-300x187.jpg 300w, https:\/\/www.conselharan.org\/wp-content\/uploads\/2018\/10\/DSC_0284-768x480.jpg 768w\" sizes=\"(max-width: 1024px) 100vw, 1024px\" \/><\/a><\/p>\n<p>&nbsp;<\/p>\n<p>El s\u00edndic d\u2019Aran, <strong>Carlos Barrera<\/strong>, amb la conselh\u00e8ra de Salut i Benestar d\u2019Aran, <strong>Anna D\u00edaz<\/strong> i el conselh\u00e8r de Territori d\u2019Aran, <strong>Jose A. Boya<\/strong>, han rebut aquest mat\u00ed als esportistes d\u2019<strong>ADDA<\/strong> que van participar del 4 al 7 d&#8217;octubre en els Jocs Specials Olympics La Seu d\u2019Urgell- Andorra.<\/p>\n<p>&nbsp;<\/p>\n<p><a href=\"http:\/\/www.conselharan.org\/recepcion-deth-govern-daran-as-esportistes-aranesi-dadda-que-participeren-enes-jocs-specials-olympics\/dsc_0271-3\/\" rel=\"attachment wp-att-24823\"><img loading=\"lazy\" decoding=\"async\" class=\"aligncenter size-large wp-image-24823\" src=\"http:\/\/www.conselharan.org\/wp-content\/uploads\/2018\/10\/DSC_0271-1024x685.jpg\" alt=\"\" width=\"1024\" height=\"685\" srcset=\"https:\/\/www.conselharan.org\/wp-content\/uploads\/2018\/10\/DSC_0271-1024x685.jpg 1024w, https:\/\/www.conselharan.org\/wp-content\/uploads\/2018\/10\/DSC_0271-300x201.jpg 300w, https:\/\/www.conselharan.org\/wp-content\/uploads\/2018\/10\/DSC_0271-768x514.jpg 768w\" sizes=\"(max-width: 1024px) 100vw, 1024px\" \/><\/a><\/p>\n<p>&nbsp;<\/p>\n<p>Des de l&#8217;any 2007 ADDA (Associaci\u00f3 de Discapacitats d&#8217;Aran) forma part d&#8217;ACELL (Federaci\u00f3 Catalana d\u2019Esports per a Disminu\u00efts Ps\u00edquics) i tots els usuaris d&#8217;ADDA estan federats. ACELL \u00e9s una entitat sense \u00e0nim de lucre que t\u00e9 com a principal objectiu millorar la qualitat de vida del col\u2022lectiu i fomentar la seva inclusi\u00f3 a trav\u00e9s de l&#8217;esport i del lleure.<\/p>\n<p>ACELL segueix la filosofia del moviment internacional SPECIAL OLYMPICS, que acull al major n\u00famero d&#8217;esportistes amb discapacitat intel\u2022lectual de tot el m\u00f3n, on l&#8217;esportista \u00e9s el m\u00e9s important i l&#8217;esport \u00e9s l&#8217;instrument per transmetre valors, garantint que els esportistes gaudeixin d&#8217;una competici\u00f3 digna, justa i equilibrada.<\/p>\n<p>&nbsp;<\/p>\n<p><a href=\"http:\/\/www.conselharan.org\/recepcion-deth-govern-daran-as-esportistes-aranesi-dadda-que-participeren-enes-jocs-specials-olympics\/dsc_0275\/\" rel=\"attachment wp-att-24821\"><img loading=\"lazy\" decoding=\"async\" class=\"aligncenter size-large wp-image-24821\" src=\"http:\/\/www.conselharan.org\/wp-content\/uploads\/2018\/10\/DSC_0275-1024x685.jpg\" alt=\"\" width=\"1024\" height=\"685\" srcset=\"https:\/\/www.conselharan.org\/wp-content\/uploads\/2018\/10\/DSC_0275-1024x685.jpg 1024w, https:\/\/www.conselharan.org\/wp-content\/uploads\/2018\/10\/DSC_0275-300x201.jpg 300w, https:\/\/www.conselharan.org\/wp-content\/uploads\/2018\/10\/DSC_0275-768x514.jpg 768w\" sizes=\"(max-width: 1024px) 100vw, 1024px\" \/><\/a><\/p>\n<p>&nbsp;<\/p>\n<p><a href=\"http:\/\/www.conselharan.org\/recepcion-deth-govern-daran-as-esportistes-aranesi-dadda-que-participeren-enes-jocs-specials-olympics\/dsc_0251-2\/\" rel=\"attachment wp-att-24822\"><img loading=\"lazy\" decoding=\"async\" class=\"aligncenter size-large wp-image-24822\" src=\"http:\/\/www.conselharan.org\/wp-content\/uploads\/2018\/10\/DSC_0251-1024x685.jpg\" alt=\"\" width=\"1024\" height=\"685\" srcset=\"https:\/\/www.conselharan.org\/wp-content\/uploads\/2018\/10\/DSC_0251-1024x685.jpg 1024w, https:\/\/www.conselharan.org\/wp-content\/uploads\/2018\/10\/DSC_0251-300x201.jpg 300w, https:\/\/www.conselharan.org\/wp-content\/uploads\/2018\/10\/DSC_0251-768x514.jpg 768w\" sizes=\"(max-width: 1024px) 100vw, 1024px\" \/><\/a><\/p>\n<p>&nbsp;<\/p>\n<p>Vuit aranesos d&#8217;ADDA van participar amb m\u00e9s de 1.500 esportistes en els Jocs Specials Olympics La Seu d\u2019Urgell- Andorra del 4 al 7 d&#8217;octubre de 2018, guanyant 10 medalles (4 d\u2019or, 3 de plata i 3 de bronze).<\/p>\n<p>&nbsp;<\/p>\n<p>&nbsp;<\/p>\n<p>&nbsp;<\/p>\n<p>&nbsp;<\/p>\n<p>&nbsp;<\/p>\n<p>Vielha, 19 d\u2019octubre de 2018<\/p>\n<p>&nbsp;<\/p>\n<p><em>Conselh Generau d&#8217;Aran: N\u00faria Sanjuan<\/em><\/p>\n ","protected":false},"excerpt":{"rendered":"<p>\u2022 M\u00e9s de 1.500 esportistes van participar del 4 al 7 d\u2019octubre en els Jocs Specials Olympics La Seu d\u2019Urgell- Andorra \u2022 Els representants d\u2019ADDA van obtenir 10 medalles: 4 d\u2019or, 3 de plata i 3 de bronze. &nbsp; &nbsp; El s\u00edndic d\u2019Aran, Carlos Barrera, amb la conselh\u00e8ra de Salut i Benestar d\u2019Aran, Anna D\u00edaz&#8230;<\/p>\n","protected":false},"author":2,"featured_media":24822,"comment_status":"closed","ping_status":"closed","sticky":false,"template":"","format":"standard","meta":{"footnotes":""},"categories":[136],"tags":[],"_links":{"self":[{"href":"https:\/\/www.conselharan.org\/ca\/wp-json\/wp\/v2\/posts\/24828"}],"collection":[{"href":"https:\/\/www.conselharan.org\/ca\/wp-json\/wp\/v2\/posts"}],"about":[{"href":"https:\/\/www.conselharan.org\/ca\/wp-json\/wp\/v2\/types\/post"}],"author":[{"embeddable":true,"href":"https:\/\/www.conselharan.org\/ca\/wp-json\/wp\/v2\/users\/2"}],"replies":[{"embeddable":true,"href":"https:\/\/www.conselharan.org\/ca\/wp-json\/wp\/v2\/comments?post=24828"}],"version-history":[{"count":1,"href":"https:\/\/www.conselharan.org\/ca\/wp-json\/wp\/v2\/posts\/24828\/revisions"}],"predecessor-version":[{"id":24829,"href":"https:\/\/www.conselharan.org\/ca\/wp-json\/wp\/v2\/posts\/24828\/revisions\/24829"}],"wp:featuredmedia":[{"embeddable":true,"href":"https:\/\/www.conselharan.org\/ca\/wp-json\/wp\/v2\/media\/24822"}],"wp:attachment":[{"href":"https:\/\/www.conselharan.org\/ca\/wp-json\/wp\/v2\/media?parent=24828"}],"wp:term":[{"taxonomy":"category","embeddable":true,"href":"https:\/\/www.conselharan.org\/ca\/wp-json\/wp\/v2\/categories?post=24828"},{"taxonomy":"post_tag","embeddable":true,"href":"https:\/\/www.conselharan.org\/ca\/wp-json\/wp\/v2\/tags?post=24828"}],"curies":[{"name":"wp","href":"https:\/\/api.w.org\/{rel}","templated":true}]}}