{"id":24903,"date":"2018-10-24T16:57:54","date_gmt":"2018-10-24T14:57:54","guid":{"rendered":"http:\/\/www.conselharan.org\/?p=24903"},"modified":"2018-10-24T16:57:54","modified_gmt":"2018-10-24T14:57:54","slug":"la-consellera-de-cultura-laura-borras-lliura-el-ve-premi-robert-lafont-a-georg-kremnitz","status":"publish","type":"post","link":"https:\/\/www.conselharan.org\/ca\/la-consellera-de-cultura-laura-borras-lliura-el-ve-premi-robert-lafont-a-georg-kremnitz\/","title":{"rendered":"La consellera de Cultura Laura Borr\u00e0s lliura el V\u00e8 Pr\u00e8mi Rob\u00e8rt Lafont a Georg Kremnitz"},"content":{"rendered":"<p>Vielha, 24 d\u2019octubre de 2018.- La consellera de Cultura, <strong>Laura Borr\u00e0s<\/strong>, ha presidit el lliurament dels VII Premis Pompeu Fabra, i del cinqu\u00e8 Premi Rob\u00e8rt Lafont, en un acte al Teatre Nacional de Catalunya. L\u2019edici\u00f3 d\u2019enguany ha tingut un car\u00e0cter especial doncs ha coincidit amb els actes de la commemoraci\u00f3 de l\u2019Any Fabra, que recorda els 150 anys del naixement del ling\u00fcista i gram\u00e0tic catal\u00e0 m\u00e9s il\u00b7lustre i els 100 anys de la publicaci\u00f3 de la Gram\u00e0tica catalana.<\/p>\n<p><a href=\"http:\/\/www.conselharan.org\/wp-content\/uploads\/2018\/10\/23-10-2018-19h13m53.jpg\"><img loading=\"lazy\" decoding=\"async\" class=\"aligncenter size-large wp-image-24899\" src=\"http:\/\/www.conselharan.org\/wp-content\/uploads\/2018\/10\/23-10-2018-19h13m53-1024x683.jpg\" alt=\"\" width=\"1024\" height=\"683\" srcset=\"https:\/\/www.conselharan.org\/wp-content\/uploads\/2018\/10\/23-10-2018-19h13m53-1024x683.jpg 1024w, https:\/\/www.conselharan.org\/wp-content\/uploads\/2018\/10\/23-10-2018-19h13m53-300x200.jpg 300w, https:\/\/www.conselharan.org\/wp-content\/uploads\/2018\/10\/23-10-2018-19h13m53-768x512.jpg 768w, https:\/\/www.conselharan.org\/wp-content\/uploads\/2018\/10\/23-10-2018-19h13m53.jpg 1800w\" sizes=\"(max-width: 1024px) 100vw, 1024px\" \/><\/a><\/p>\n<p>La consellera Borr\u00e0s ha recordat que \u201cl\u2019occit\u00e0, que va ser oficialitzat a tot el Principat l\u2019any 2006, \u00e9s l\u2019altra llengua pr\u00f2pia de Catalunya, i per tant, patrimoni de tots els catalans\u201d motiu pel qual, ha recordat que \u201cla jornada d\u2019avui tamb\u00e9 ha servit per lliurar el cinqu\u00e8 Premi Rob\u00e8rt Lafont\u201d. La consellera de Cultura ha afegit que &#8220;\u00e9s amb aquest esperit de llibertat i, alhora, de defensa aferrissada de les nostres dues lleng\u00fces pr\u00f2pies que ara fa 10 anys el govern catal\u00e0 va crear aquest premi&#8221;.<\/p>\n<p><strong>Georg Kremnitz<\/strong>, que ha rebut el guard\u00f3 de mans de la consellera <strong>Laura Borr\u00e0s<\/strong> i de la directora general de Pol\u00edtica Ling\u00fc\u00edstica del Govern de la Generalitat, <strong>Ester Franquesa<\/strong>, \u00e9s professor em\u00e8rit de filologia rom\u00e0nica de la Universitat de Viena. Aquest guard\u00f3 reconeix persones o entitats que s&#8217;han distingit per la defensa, projecci\u00f3 i promoci\u00f3 de la llengua occitana en qualsevol punt del domini ling\u00fc\u00edstic.<\/p>\n<p>Amb l\u2019elecci\u00f3 de G. Kremnitz, s\u2019ha volgut distingir la llarga traject\u00f2ria dedicada a l\u2019estudi i al foment de la llengua occitana, en especial la seva especial dedicaci\u00f3 a la recerca hist\u00f2rica i socioling\u00fc\u00edstica de la llengua occitana, que compr\u00e8n tota la seva \u00e0rea ling\u00fc\u00edstica o airal occitan, aix\u00ed com la seva participaci\u00f3 en iniciatives de foment i projecci\u00f3 de l\u2019occit\u00e0, especialment en l\u2019\u00e0mbit acad\u00e8mic i universitari, per\u00f2 tamb\u00e9 en l\u2019\u00e0mbit associatiu i de la dinamitzaci\u00f3 ling\u00fc\u00edstica.<\/p>\n<p><a href=\"http:\/\/www.conselharan.org\/wp-content\/uploads\/2018\/10\/Alid\u00e9-Sans-2.jpg\"><img loading=\"lazy\" decoding=\"async\" class=\"aligncenter size-large wp-image-24898\" src=\"http:\/\/www.conselharan.org\/wp-content\/uploads\/2018\/10\/Alid\u00e9-Sans-2-1024x768.jpg\" alt=\"\" width=\"1024\" height=\"768\" srcset=\"https:\/\/www.conselharan.org\/wp-content\/uploads\/2018\/10\/Alid\u00e9-Sans-2-1024x768.jpg 1024w, https:\/\/www.conselharan.org\/wp-content\/uploads\/2018\/10\/Alid\u00e9-Sans-2-300x225.jpg 300w, https:\/\/www.conselharan.org\/wp-content\/uploads\/2018\/10\/Alid\u00e9-Sans-2-768x576.jpg 768w, https:\/\/www.conselharan.org\/wp-content\/uploads\/2018\/10\/Alid\u00e9-Sans-2.jpg 1200w\" sizes=\"(max-width: 1024px) 100vw, 1024px\" \/><\/a><\/p>\n<p>Durant l\u2019entrega dels premis, la cantautora aranesa <strong>Alid\u00e9 Sans<\/strong>, ha interpretat la seva can\u00e7\u00f3 &#8220;Eth riu&#8221;.<\/p>\n<p>Info i fotos: Cultura Gencat<\/p>\n ","protected":false},"excerpt":{"rendered":"<p>Vielha, 24 d\u2019octubre de 2018.- La consellera de Cultura, Laura Borr\u00e0s, ha presidit el lliurament dels VII Premis Pompeu Fabra, i del cinqu\u00e8 Premi Rob\u00e8rt Lafont, en un acte al Teatre Nacional de Catalunya. L\u2019edici\u00f3 d\u2019enguany ha tingut un car\u00e0cter especial doncs ha coincidit amb els actes de la commemoraci\u00f3 de l\u2019Any Fabra, que recorda&#8230;<\/p>\n","protected":false},"author":2,"featured_media":24899,"comment_status":"closed","ping_status":"closed","sticky":false,"template":"","format":"standard","meta":{"footnotes":""},"categories":[53],"tags":[],"_links":{"self":[{"href":"https:\/\/www.conselharan.org\/ca\/wp-json\/wp\/v2\/posts\/24903"}],"collection":[{"href":"https:\/\/www.conselharan.org\/ca\/wp-json\/wp\/v2\/posts"}],"about":[{"href":"https:\/\/www.conselharan.org\/ca\/wp-json\/wp\/v2\/types\/post"}],"author":[{"embeddable":true,"href":"https:\/\/www.conselharan.org\/ca\/wp-json\/wp\/v2\/users\/2"}],"replies":[{"embeddable":true,"href":"https:\/\/www.conselharan.org\/ca\/wp-json\/wp\/v2\/comments?post=24903"}],"version-history":[{"count":1,"href":"https:\/\/www.conselharan.org\/ca\/wp-json\/wp\/v2\/posts\/24903\/revisions"}],"predecessor-version":[{"id":24904,"href":"https:\/\/www.conselharan.org\/ca\/wp-json\/wp\/v2\/posts\/24903\/revisions\/24904"}],"wp:featuredmedia":[{"embeddable":true,"href":"https:\/\/www.conselharan.org\/ca\/wp-json\/wp\/v2\/media\/24899"}],"wp:attachment":[{"href":"https:\/\/www.conselharan.org\/ca\/wp-json\/wp\/v2\/media?parent=24903"}],"wp:term":[{"taxonomy":"category","embeddable":true,"href":"https:\/\/www.conselharan.org\/ca\/wp-json\/wp\/v2\/categories?post=24903"},{"taxonomy":"post_tag","embeddable":true,"href":"https:\/\/www.conselharan.org\/ca\/wp-json\/wp\/v2\/tags?post=24903"}],"curies":[{"name":"wp","href":"https:\/\/api.w.org\/{rel}","templated":true}]}}