{"id":25018,"date":"2018-10-31T18:23:13","date_gmt":"2018-10-31T17:23:13","guid":{"rendered":"http:\/\/www.conselharan.org\/?p=25018"},"modified":"2018-10-31T18:23:13","modified_gmt":"2018-10-31T17:23:13","slug":"segona-jornada-del-proces-participatiu-del-pla-estrategic-del-sabs-2018-2013","status":"publish","type":"post","link":"https:\/\/www.conselharan.org\/ca\/segona-jornada-del-proces-participatiu-del-pla-estrategic-del-sabs-2018-2013\/","title":{"rendered":"Segona jornada del proc\u00e9s participatiu del Pla Estrat\u00e8gic del SABS 2018-2013"},"content":{"rendered":"<p><strong>50 de les 97 aportacions fetes per ciutadans i professionals seran incorporades al Pla Estrat\u00e8gic <\/strong><\/p>\n<p><strong>El Pla Estrat\u00e8gic del SABS comptar\u00e0 amb la creaci\u00f3 d\u2019un Consell Participatiu Comunitari <\/strong><\/p>\n<p>Vielha, 30 d\u2019octubre de 2018.- Ha tingut lloc a la resid\u00e8ncia geri\u00e0trica Sant Antoni de Vielha la segona jornada del proc\u00e9s participatiu encetat el passat 9 d\u2019octubre per elaborar el Pla Estrat\u00e8gic del Servei Aran\u00e8s de Benestar i Salut 2018-2023.<\/p>\n<p><a href=\"http:\/\/www.conselharan.org\/wp-content\/uploads\/2018\/10\/ffa8f023-d4a9-4040-bda4-0ed7a6cec3b2.jpg\"><img loading=\"lazy\" decoding=\"async\" class=\"aligncenter size-large wp-image-25016\" src=\"http:\/\/www.conselharan.org\/wp-content\/uploads\/2018\/10\/ffa8f023-d4a9-4040-bda4-0ed7a6cec3b2-1024x768.jpg\" alt=\"\" width=\"1024\" height=\"768\" srcset=\"https:\/\/www.conselharan.org\/wp-content\/uploads\/2018\/10\/ffa8f023-d4a9-4040-bda4-0ed7a6cec3b2-1024x768.jpg 1024w, https:\/\/www.conselharan.org\/wp-content\/uploads\/2018\/10\/ffa8f023-d4a9-4040-bda4-0ed7a6cec3b2-300x225.jpg 300w, https:\/\/www.conselharan.org\/wp-content\/uploads\/2018\/10\/ffa8f023-d4a9-4040-bda4-0ed7a6cec3b2-768x576.jpg 768w, https:\/\/www.conselharan.org\/wp-content\/uploads\/2018\/10\/ffa8f023-d4a9-4040-bda4-0ed7a6cec3b2.jpg 1600w\" sizes=\"(max-width: 1024px) 100vw, 1024px\" \/><\/a><\/p>\n<p>A la primera jornada del proc\u00e9s participatiu hi van col\u00b7laborar un total de 33 persones, 17 professionals de l\u2019\u00c0mbit Sanitari, i 16 representants de la ciutadania, repartits en 8 grups de treball. Els participants van fer un total de 97 aportacions al proc\u00e9s participatiu, dins de tres \u00e0mbits: iniciatives sobre el model; iniciatives assistencials; i iniciatives sobre els recursos.<\/p>\n<p>Del total de 97 aportacions realitzades pels grups de treball, 55 corresponen als professionals de la sanitat i 41 als representants de la ciutadania. En total hi ha hagut 38 aportacions referides a iniciatives sobre el model, 25 sobre iniciatives assistencials, i 34 sobre recursos i compet\u00e8ncies.<\/p>\n<p><strong>Del total d\u2019aportacions del proc\u00e9s participatiu, 50 d\u2019aquestes seran incorporades al Pla Estrat\u00e8gic del SABS 2018-2023.<\/strong><\/p>\n<p><strong>M\u00aa \u00c0ngels Borr\u00e0s<\/strong>, directora del Servei Aran\u00e8s de Benestar i Salut, ha explicat que el Pla Estrat\u00e8gic ha de recollir la planificaci\u00f3 a trav\u00e9s de diferents l\u00ednies estrat\u00e8giques, i que q\u00fcestions sobre recursos humans o econ\u00f2mics, no han de formar part del Pla Estrat\u00e8gic, ja que es canalitzen a trav\u00e9s de projectes espec\u00edfics dedicats a la necessitat d\u2019implementar nous serveis. \u00c9s per aix\u00f2, ha dit, que despr\u00e8s d\u2019una revisi\u00f3 detallada de les aportacions de professionals i ciutadans, algunes de les propostes fetes en la primera jornada del proc\u00e9s participatiu no s\u2019incorporen al Pla Estrat\u00e8gic 2018-2023.<\/p>\n<p>Finalment, Borr\u00e0s ha anunciat que una de les aportacions que s\u2019incorporen al Pla Estrat\u00e8gic \u00e9s <strong>la creaci\u00f3 d\u2019un Consell Participatiu Comunitari<\/strong> integrat per\u00a0 representants d\u2019associacions i entitats, ciutadans a t\u00edtol particular i professionals de l\u2019\u00c0mbit Sanitari.<\/p>\n<p>El Pla contempla les l\u00ednies estrat\u00e8giques i projectes singulars per un per\u00edode de 5 anys, entre el 2018 i el 2023, entre els quals hi ha: Desenvolupar estrat\u00e8gies per implementar el model d\u2019atenci\u00f3 centrada en les persones; l\u2019atenci\u00f3 sanit\u00e0ria accessible, resolutiva i integral; implementar un model d\u2019atenci\u00f3 integral i centrat en les persones amb malalties cr\u00f2niques i amb necessitats complexes; la creaci\u00f3 d\u2019un nou model d\u2019atenci\u00f3 prim\u00e0ria i salut comunit\u00e0ria a l\u2019Aran;\u00a0 l\u2019aplicaci\u00f3 de la salut digital en estructures assistencials; l\u2019abordatge de la viol\u00e8ncia masclista, infantil i a la gent gran; implementar la rehabilitaci\u00f3 domiciliaria i incrementar el suport al pacient oncol\u00f2gic, entre d\u2019altres.<\/p>\n<p>&nbsp;<\/p>\n<p>&nbsp;<\/p>\n<p>&nbsp;<\/p>\n ","protected":false},"excerpt":{"rendered":"<p>50 de les 97 aportacions fetes per ciutadans i professionals seran incorporades al Pla Estrat\u00e8gic El Pla Estrat\u00e8gic del SABS comptar\u00e0 amb la creaci\u00f3 d\u2019un Consell Participatiu Comunitari Vielha, 30 d\u2019octubre de 2018.- Ha tingut lloc a la resid\u00e8ncia geri\u00e0trica Sant Antoni de Vielha la segona jornada del proc\u00e9s participatiu encetat el passat 9 d\u2019octubre&#8230;<\/p>\n","protected":false},"author":2,"featured_media":25016,"comment_status":"closed","ping_status":"closed","sticky":false,"template":"","format":"standard","meta":{"footnotes":""},"categories":[36],"tags":[],"_links":{"self":[{"href":"https:\/\/www.conselharan.org\/ca\/wp-json\/wp\/v2\/posts\/25018"}],"collection":[{"href":"https:\/\/www.conselharan.org\/ca\/wp-json\/wp\/v2\/posts"}],"about":[{"href":"https:\/\/www.conselharan.org\/ca\/wp-json\/wp\/v2\/types\/post"}],"author":[{"embeddable":true,"href":"https:\/\/www.conselharan.org\/ca\/wp-json\/wp\/v2\/users\/2"}],"replies":[{"embeddable":true,"href":"https:\/\/www.conselharan.org\/ca\/wp-json\/wp\/v2\/comments?post=25018"}],"version-history":[{"count":1,"href":"https:\/\/www.conselharan.org\/ca\/wp-json\/wp\/v2\/posts\/25018\/revisions"}],"predecessor-version":[{"id":25019,"href":"https:\/\/www.conselharan.org\/ca\/wp-json\/wp\/v2\/posts\/25018\/revisions\/25019"}],"wp:featuredmedia":[{"embeddable":true,"href":"https:\/\/www.conselharan.org\/ca\/wp-json\/wp\/v2\/media\/25016"}],"wp:attachment":[{"href":"https:\/\/www.conselharan.org\/ca\/wp-json\/wp\/v2\/media?parent=25018"}],"wp:term":[{"taxonomy":"category","embeddable":true,"href":"https:\/\/www.conselharan.org\/ca\/wp-json\/wp\/v2\/categories?post=25018"},{"taxonomy":"post_tag","embeddable":true,"href":"https:\/\/www.conselharan.org\/ca\/wp-json\/wp\/v2\/tags?post=25018"}],"curies":[{"name":"wp","href":"https:\/\/api.w.org\/{rel}","templated":true}]}}