{"id":25165,"date":"2018-11-13T16:53:21","date_gmt":"2018-11-13T15:53:21","guid":{"rendered":"http:\/\/www.conselharan.org\/?p=25165"},"modified":"2018-11-13T16:53:21","modified_gmt":"2018-11-13T15:53:21","slug":"baqueira-beret-renova-la-col%c2%b7laboracio-amb-els-programes-del-cetei-per-la-temporada-201819","status":"publish","type":"post","link":"https:\/\/www.conselharan.org\/ca\/baqueira-beret-renova-la-col%c2%b7laboracio-amb-els-programes-del-cetei-per-la-temporada-201819\/","title":{"rendered":"Baqueira Beret renova la col\u00b7laboraci\u00f3 amb els programes del CETEI per la temporada 2018\/19"},"content":{"rendered":"<p>Vielha, 13 de novembre de 2018.- L\u2019estaci\u00f3 d\u2019esqu\u00ed Baqueira Beret i el Conselh Generau d\u2019Aran han renovat els seus compromisos de col\u00b7laboraci\u00f3 per la propera temporada 2018\/19, en relaci\u00f3 a les activitats dels programes del CETEI Val d\u2019Aran (Centre de Tecnificaci\u00f3 d\u2019Esports d\u2019Hivern).<\/p>\n<p><a href=\"http:\/\/www.conselharan.org\/wp-content\/uploads\/2018\/11\/CETEI.jpg\"><img loading=\"lazy\" decoding=\"async\" class=\"aligncenter size-full wp-image-25163\" src=\"http:\/\/www.conselharan.org\/wp-content\/uploads\/2018\/11\/CETEI.jpg\" alt=\"\" width=\"960\" height=\"656\" srcset=\"https:\/\/www.conselharan.org\/wp-content\/uploads\/2018\/11\/CETEI.jpg 960w, https:\/\/www.conselharan.org\/wp-content\/uploads\/2018\/11\/CETEI-300x205.jpg 300w, https:\/\/www.conselharan.org\/wp-content\/uploads\/2018\/11\/CETEI-768x525.jpg 768w\" sizes=\"(max-width: 960px) 100vw, 960px\" \/><\/a><\/p>\n<p>Concretament en quant a la subvenci\u00f3 dels forfaits de temporada de la Pre-Tecnificaci\u00f3 i Tecnificaci\u00f3 esportiva que reben els joves esquiadors i els entrenadors dels programes oficials, que s\u00f3n subvencionats en gran part per l\u2019estaci\u00f3 d\u2019esqu\u00ed aranesa, aix\u00ed com en les facilitats per a la utilitzaci\u00f3 de les pistes d\u2019entrenament.<\/p>\n<p>El Centre de Tecnificaci\u00f3 Esportiva d\u2019Esports d\u2019Hivern de la Val d\u2019Aran, vinculat a la Real Federaci\u00f3 Espanyola d\u2019Esports d\u2019Hivern (RFEDI) i a la Federaci\u00f3 Catalana d\u2019Esports d\u2019Hivern (FCEH), t\u00e9 per objectiu ajudar a la progressi\u00f3 de joves promeses i vetllar per la seva formaci\u00f3 integral. Els esportistes seleccionats reben formaci\u00f3 t\u00e8cnica\/esportiva i acad\u00e8mica, a m\u00e9s d\u2019un seguiment m\u00e8dic\/psicol\u00f2gic per garantir un estat de salut adequat per a la pr\u00e0ctica esportiva i una sortida professional de futur.<\/p>\n<p>El Centre de Tecnificaci\u00f3 de la Val d\u2019Aran amb un programa esportiu proposat pels clubs aranesos, aposta per la formaci\u00f3 a la cerca de nous talents per als esports de neu.<\/p>\n<p>La temporada passada 34 joves esportistes van integrar els programes formatius de Pre-Tecnificaci\u00f3 del CETEI Val d\u2019Aran, 21 esportistes d\u2019esqu\u00ed alp\u00ed, 5 de Snowboard, 5 de freeride i 3 de frestyle.<\/p>\n<p>El CETEI compta amb el suport del Conselh Generau d\u2019Aran, la Diputaci\u00f3 de Lleida, el CSD (Consejo Superior de Deportes) i Baqueira Beret.<\/p>\n ","protected":false},"excerpt":{"rendered":"<p>Vielha, 13 de novembre de 2018.- L\u2019estaci\u00f3 d\u2019esqu\u00ed Baqueira Beret i el Conselh Generau d\u2019Aran han renovat els seus compromisos de col\u00b7laboraci\u00f3 per la propera temporada 2018\/19, en relaci\u00f3 a les activitats dels programes del CETEI Val d\u2019Aran (Centre de Tecnificaci\u00f3 d\u2019Esports d\u2019Hivern). Concretament en quant a la subvenci\u00f3 dels forfaits de temporada de la&#8230;<\/p>\n","protected":false},"author":2,"featured_media":25163,"comment_status":"closed","ping_status":"closed","sticky":false,"template":"","format":"standard","meta":{"footnotes":""},"categories":[33,36],"tags":[],"_links":{"self":[{"href":"https:\/\/www.conselharan.org\/ca\/wp-json\/wp\/v2\/posts\/25165"}],"collection":[{"href":"https:\/\/www.conselharan.org\/ca\/wp-json\/wp\/v2\/posts"}],"about":[{"href":"https:\/\/www.conselharan.org\/ca\/wp-json\/wp\/v2\/types\/post"}],"author":[{"embeddable":true,"href":"https:\/\/www.conselharan.org\/ca\/wp-json\/wp\/v2\/users\/2"}],"replies":[{"embeddable":true,"href":"https:\/\/www.conselharan.org\/ca\/wp-json\/wp\/v2\/comments?post=25165"}],"version-history":[{"count":1,"href":"https:\/\/www.conselharan.org\/ca\/wp-json\/wp\/v2\/posts\/25165\/revisions"}],"predecessor-version":[{"id":25166,"href":"https:\/\/www.conselharan.org\/ca\/wp-json\/wp\/v2\/posts\/25165\/revisions\/25166"}],"wp:featuredmedia":[{"embeddable":true,"href":"https:\/\/www.conselharan.org\/ca\/wp-json\/wp\/v2\/media\/25163"}],"wp:attachment":[{"href":"https:\/\/www.conselharan.org\/ca\/wp-json\/wp\/v2\/media?parent=25165"}],"wp:term":[{"taxonomy":"category","embeddable":true,"href":"https:\/\/www.conselharan.org\/ca\/wp-json\/wp\/v2\/categories?post=25165"},{"taxonomy":"post_tag","embeddable":true,"href":"https:\/\/www.conselharan.org\/ca\/wp-json\/wp\/v2\/tags?post=25165"}],"curies":[{"name":"wp","href":"https:\/\/api.w.org\/{rel}","templated":true}]}}