{"id":25318,"date":"2018-11-19T15:30:17","date_gmt":"2018-11-19T14:30:17","guid":{"rendered":"http:\/\/www.conselharan.org\/mes-de-120-nadadors-ena-fasa-comarcau-de-natacion-val-daran-cors-2018-2019\/"},"modified":"2018-11-19T15:30:43","modified_gmt":"2018-11-19T14:30:43","slug":"mes-de-120-nadadors-ena-fasa-comarcau-de-natacion-val-daran-cors-2018-2019","status":"publish","type":"post","link":"https:\/\/www.conselharan.org\/ca\/mes-de-120-nadadors-ena-fasa-comarcau-de-natacion-val-daran-cors-2018-2019\/","title":{"rendered":"M\u00e8s de 120 nadadors ena Fasa Comarcau de Natacion Val d\u2019Aran- Cors 2018- 2019"},"content":{"rendered":"<p><a href=\"http:\/\/www.conselharan.org\/mes-de-120-nadadors-ena-fasa-comarcau-de-natacion-val-daran-cors-2018-2019\/thumbnail-18-2\/\" rel=\"attachment wp-att-25314\"><img loading=\"lazy\" decoding=\"async\" class=\"aligncenter size-large wp-image-25314\" src=\"http:\/\/www.conselharan.org\/wp-content\/uploads\/2018\/11\/thumbnail-18-1-1024x541.jpg\" alt=\"\" width=\"1024\" height=\"541\" srcset=\"https:\/\/www.conselharan.org\/wp-content\/uploads\/2018\/11\/thumbnail-18-1-1024x541.jpg 1024w, https:\/\/www.conselharan.org\/wp-content\/uploads\/2018\/11\/thumbnail-18-1-300x158.jpg 300w, https:\/\/www.conselharan.org\/wp-content\/uploads\/2018\/11\/thumbnail-18-1-768x405.jpg 768w, https:\/\/www.conselharan.org\/wp-content\/uploads\/2018\/11\/thumbnail-18-1.jpg 1076w\" sizes=\"(max-width: 1024px) 100vw, 1024px\" \/><\/a><\/p>\n<p>&nbsp;<\/p>\n<p>Eth <strong>Conselh Esportiu dera Val d\u2019Aran<\/strong>, damb era collaboracion deth <strong>Conselh Generau d\u2019Aran<\/strong> e dera equipa aranesa de natacion <strong>\u201cVielha Swim Team\u201d<\/strong> organiz\u00e8ren eth passat dissabte, dia 17 de noveme, era fasa comarcau de natacion Val d\u2019Aran, cors 2018-2019, que se disput\u00e8c ena piscina deth Palai de G\u00e8u de Vielha e aon particip\u00e8ren m\u00e8s de 120 nadadors.<\/p>\n<p><strong>Resultats:<\/strong><\/p>\n<ul>\n<li><strong>25m Esquia<\/strong><\/li>\n<\/ul>\n<p><strong><em>Prebenjamin masculin (2011-2012)<\/em><\/strong><\/p>\n<p>&#8211; 1\u00e8r. Fernando Perea<br \/>\n&#8211; 2au. Hugo Fern\u00e1ndez<br \/>\n&#8211; 3au. Oriol Moyes<\/p>\n<p><em><strong>Prebenjamin femenin (2011-2012)<\/strong><\/em><\/p>\n<p>&#8211; 1a. Chlo\u00e9 Rama<br \/>\n&#8211; 2au. Diana Cozma<br \/>\n&#8211; 3au. Quer Sanabria<\/p>\n<p><em><strong>Benjamin masculin (2009- 2010)<\/strong><\/em><\/p>\n<p>&#8211; 1\u00e8r. Biel Gonz\u00e1lez<br \/>\n&#8211; 2au. Aner Serrano<br \/>\n&#8211; 3au. Pau Marsal<\/p>\n<p><em><strong>Benjamin femenin (2009- 2010)<\/strong><\/em><\/p>\n<p>&#8211; 1a. Laura Paules<br \/>\n&#8211; 2au. Iria Ponsico<br \/>\n&#8211; 3au. Lua Borr\u00e0s<\/p>\n<ul>\n<li><strong>50m Esquia<\/strong><\/li>\n<\/ul>\n<p><strong>Alevin masculin (2007- 2008)<\/strong><\/p>\n<p>&#8211; 1\u00e8r. Telmo Ripa<br \/>\n&#8211; 2au. Ram\u00f3n Azamar<br \/>\n&#8211; 3au. Albert Cort\u00e9s<\/p>\n<p><em><strong>Alevin femenin (2007- 2008)<\/strong><\/em><\/p>\n<p>&#8211; 1a. Alexandra Torres<br \/>\n&#8211; 2au. Emma Trogal<br \/>\n&#8211; 3au. Ari Boya<\/p>\n<ul>\n<li><strong>100m Esquia<\/strong><\/li>\n<\/ul>\n<p><em><strong>Infantil- Cadet masculin e femenin (2001 a 2006)<\/strong><\/em><\/p>\n<p>&#8211; 1a. Ona Delseny<br \/>\n&#8211; 2au. Cloe Su\u00e1rez<br \/>\n&#8211; 3au. Ana Martimp\u00e9<\/p>\n<ul>\n<li><strong>25m Bra\u00e7a<\/strong><\/li>\n<\/ul>\n<p><em><strong>Prebenjamin masculin (2011- 2012)<\/strong><\/em><\/p>\n<p>&#8211; 1\u00e8r. Eric Barbeitos<br \/>\n&#8211; 2au. Fernando Perea<br \/>\n&#8211; 3au. Hugo Fern\u00e1ndez<\/p>\n<p><em><strong>Prebenjamin femenin (2011-2012)<\/strong><\/em><\/p>\n<p>&#8211; 1a. Maria Burguete<br \/>\n&#8211; 2au. Chlo\u00e9 Rama<br \/>\n&#8211; 3au. Diana Cozma<\/p>\n<p><em><strong>Benjamin masculin (2009- 2010)<\/strong><\/em><\/p>\n<p>&#8211; 1\u00e8r. Biel Gonz\u00e1lez<br \/>\n&#8211; 2au. Biel G\u00f3mez<br \/>\n&#8211; 3au. Aner Serrano<\/p>\n<p><em><strong>Benjamin Femenin (2009- 2010)<\/strong><\/em><\/p>\n<p>&#8211; 1a. Gabriela Carri\u00f3<br \/>\n&#8211; 2au. Ma. Aran Morell<br \/>\n&#8211; 3au. Laura Paules<\/p>\n<ul>\n<li><strong>50m Bra\u00e7a<\/strong><\/li>\n<\/ul>\n<p><em><strong>Alevin masculin (2007- 2008)<\/strong><\/em><\/p>\n<p>&#8211; 1\u00e8r. Telmo Ripa<br \/>\n&#8211; 2au. David L\u00f3pez<br \/>\n&#8211; 3au. Ram\u00f3n Azamar<\/p>\n<p><em><strong>Alevin femenin (2007- 2008)<\/strong><\/em><\/p>\n<p>&#8211; 1a. Ari Boya<br \/>\n&#8211; 2au. Berta Ari\u00f1o<br \/>\n&#8211; 3au. Emma Trogal<\/p>\n<ul>\n<li><strong>100m Bra\u00e7a<\/strong><\/li>\n<\/ul>\n<p><em><strong>Infantil- Cadet masculin e femenin (2001 a 2006)<\/strong><\/em><\/p>\n<p>&#8211; 1\u00e8r. Pablo Moreno (INF)<br \/>\n&#8211; 2au. Jordi Cort\u00e9s (INF)<\/p>\n<p>&#8211; 1a. Cloe Su\u00e1rez (INF)<br \/>\n&#8211; 2au. Vega Carrera (INF)<br \/>\n&#8211; 3au. Jana Fern\u00e1ndez (INF)<\/p>\n<p>&#8211; 1\u00e8r \u00c1lvaro Ruiz- Canela (JU)<\/p>\n<ul>\n<li><strong>25m Liure<\/strong><\/li>\n<\/ul>\n<p><strong><em>Prebenjamin masculin (2011- 2012)<\/em><\/strong><\/p>\n<p>&#8211; 1\u00e8r. Eric Barbeitos<br \/>\n&#8211; 2au. Fernando Perea<br \/>\n&#8211; 3au. Hugo Fern\u00e1ndez<\/p>\n<p><em><strong>Prebenjamin femenin (2011- 2012)<\/strong><\/em><\/p>\n<p>&#8211; 1a. Mariona Monge<br \/>\n&#8211; 2au. Maria Burguete<br \/>\n&#8211; 3au. Chlo\u00e9 Rama<\/p>\n<p><em><strong>Benjamin masculin (2009- 2010)<\/strong><\/em><\/p>\n<p>&#8211; 1\u00e8r. Biel Gonz\u00e1lez<br \/>\n&#8211; 2au. Aner Serrano<br \/>\n&#8211; 3au. Pau Marsal<\/p>\n<p><em><strong>Benjamin femenin (2009- 2010)<\/strong><\/em><\/p>\n<p>&#8211; 1a. Laura Paules<br \/>\n&#8211; 2au. Iria Ponsico<br \/>\n&#8211; 3au. Gabriela Carri\u00f3<\/p>\n<ul>\n<li><strong>50m Liure<\/strong><\/li>\n<\/ul>\n<p><strong>Alevin Masculin (2007-2008)<\/strong><\/p>\n<p>&#8211; 1\u00e8r. Telmo Ripa<br \/>\n&#8211; 2au. Pau Rodr\u00edguez<br \/>\n&#8211; 3au. Albert Cort\u00e9s<\/p>\n<p><strong>Alevin femenin (2007- 2008)<\/strong><\/p>\n<p>&#8211; 1a. Emma Trogal<br \/>\n&#8211; 2au. Alexandra Torres<br \/>\n&#8211; 3au. Mar\u00eda Rodr\u00edguez<\/p>\n<ul>\n<li><strong>100m Liure<\/strong><\/li>\n<\/ul>\n<p><em><strong>Infantil- Cadet masculin e femenin (2001 a 2006)<\/strong><\/em><\/p>\n<p>&#8211; 1\u00e8r. Eloi Loren (INF)<br \/>\n&#8211; 2au. Pablo Moreno (INF)<br \/>\n&#8211; 3au. Jordi Cort\u00e9s (INF)<\/p>\n<p>&#8211; 1a. Ona Delseny (INF)<br \/>\n&#8211; 2au. Cloe Su\u00e1rez (INF)<br \/>\n&#8211; 3au. Maria Bujeda (INF)<\/p>\n<p>&#8211; 1\u00e8r. \u00c1lvaro Ruiz- Canela (JU)<\/p>\n<ul>\n<li><strong>25m Parpalh\u00f2la<\/strong><\/li>\n<\/ul>\n<p><em><strong>Benjamin masculin (2009- 2010)<\/strong><\/em><\/p>\n<p>&#8211; 1\u00e8r. Biel Gonz\u00e1lez<br \/>\n&#8211; 2au. Oriol Feixas<br \/>\n&#8211; 3au. R\u00f2c Jaquet<\/p>\n<p><em><strong>Benjamin femenin (2009- 2010)<\/strong><\/em><\/p>\n<p>&#8211; 1a. Martina Torres<br \/>\n&#8211; 2au. Maria Redin<br \/>\n&#8211; 3au. Gala Cruces<\/p>\n<ul>\n<li><strong>50m Parpalh\u00f2la<\/strong><\/li>\n<\/ul>\n<p><em><strong>Alevin masculin (2007- 2008)<\/strong><\/em><\/p>\n<p>&#8211; 1\u00e8r. Pau Rodr\u00edguez<\/p>\n<p><em><strong>Alevin femenin (2007- 2008)<\/strong><\/em><\/p>\n<p>&#8211; 1a. Alexandra Torres<br \/>\n&#8211; 2au. Maria Rodr\u00edguez<br \/>\n&#8211; 3au. Alba Barbeitos<\/p>\n<ul>\n<li><strong>100m Parpalh\u00f2la<\/strong><\/li>\n<\/ul>\n<p><strong><em>Infantil- Cadet masculin e femenin (2001 a 2006)<\/em><\/strong><\/p>\n<p>&#8211; 1\u00e8r. Eloi Loren (INF)<br \/>\n&#8211; 2au. Pablo Moreno (INF)<br \/>\n&#8211; 3au. Jordi Cort\u00e9s (INF)<\/p>\n<p>&#8211; 1a. Ona Delseny (INF)<\/p>\n<p><a href=\"http:\/\/www.conselharan.org\/mes-de-120-nadadors-ena-fasa-comarcau-de-natacion-val-daran-cors-2018-2019\/thumbnail-24-2\/\" rel=\"attachment wp-att-25315\"><img loading=\"lazy\" decoding=\"async\" class=\"aligncenter size-large wp-image-25315\" src=\"http:\/\/www.conselharan.org\/wp-content\/uploads\/2018\/11\/thumbnail-24-1024x768.jpg\" alt=\"\" width=\"1024\" height=\"768\" srcset=\"https:\/\/www.conselharan.org\/wp-content\/uploads\/2018\/11\/thumbnail-24-1024x768.jpg 1024w, https:\/\/www.conselharan.org\/wp-content\/uploads\/2018\/11\/thumbnail-24-300x225.jpg 300w, https:\/\/www.conselharan.org\/wp-content\/uploads\/2018\/11\/thumbnail-24-768x576.jpg 768w, https:\/\/www.conselharan.org\/wp-content\/uploads\/2018\/11\/thumbnail-24.jpg 1080w\" sizes=\"(max-width: 1024px) 100vw, 1024px\" \/><\/a><\/p>\n<p><a href=\"http:\/\/www.conselharan.org\/mes-de-120-nadadors-ena-fasa-comarcau-de-natacion-val-daran-cors-2018-2019\/thumbnail-24\/\" rel=\"attachment wp-att-25313\"><img loading=\"lazy\" decoding=\"async\" class=\"aligncenter size-large wp-image-25313\" src=\"http:\/\/www.conselharan.org\/wp-content\/uploads\/2018\/11\/thumbnail-1024x768.jpg\" alt=\"\" width=\"1024\" height=\"768\" srcset=\"https:\/\/www.conselharan.org\/wp-content\/uploads\/2018\/11\/thumbnail-1024x768.jpg 1024w, https:\/\/www.conselharan.org\/wp-content\/uploads\/2018\/11\/thumbnail-300x225.jpg 300w, https:\/\/www.conselharan.org\/wp-content\/uploads\/2018\/11\/thumbnail-768x576.jpg 768w, https:\/\/www.conselharan.org\/wp-content\/uploads\/2018\/11\/thumbnail.jpg 1080w\" sizes=\"(max-width: 1024px) 100vw, 1024px\" \/><\/a><\/p>\n<p><a href=\"http:\/\/www.conselharan.org\/mes-de-120-nadadors-ena-fasa-comarcau-de-natacion-val-daran-cors-2018-2019\/thumbnail-23-2\/\" rel=\"attachment wp-att-25312\"><img loading=\"lazy\" decoding=\"async\" class=\"aligncenter size-large wp-image-25312\" src=\"http:\/\/www.conselharan.org\/wp-content\/uploads\/2018\/11\/thumbnail-23-1024x768.jpg\" alt=\"\" width=\"1024\" height=\"768\" srcset=\"https:\/\/www.conselharan.org\/wp-content\/uploads\/2018\/11\/thumbnail-23-1024x768.jpg 1024w, https:\/\/www.conselharan.org\/wp-content\/uploads\/2018\/11\/thumbnail-23-300x225.jpg 300w, https:\/\/www.conselharan.org\/wp-content\/uploads\/2018\/11\/thumbnail-23-768x576.jpg 768w, https:\/\/www.conselharan.org\/wp-content\/uploads\/2018\/11\/thumbnail-23.jpg 1080w\" sizes=\"(max-width: 1024px) 100vw, 1024px\" \/><\/a> <a href=\"http:\/\/www.conselharan.org\/mes-de-120-nadadors-ena-fasa-comarcau-de-natacion-val-daran-cors-2018-2019\/thumbnail-22-2\/\" rel=\"attachment wp-att-25311\"><img loading=\"lazy\" decoding=\"async\" class=\"aligncenter size-large wp-image-25311\" src=\"http:\/\/www.conselharan.org\/wp-content\/uploads\/2018\/11\/thumbnail-22-1024x768.jpg\" alt=\"\" width=\"1024\" height=\"768\" srcset=\"https:\/\/www.conselharan.org\/wp-content\/uploads\/2018\/11\/thumbnail-22-1024x768.jpg 1024w, https:\/\/www.conselharan.org\/wp-content\/uploads\/2018\/11\/thumbnail-22-300x225.jpg 300w, https:\/\/www.conselharan.org\/wp-content\/uploads\/2018\/11\/thumbnail-22-768x576.jpg 768w, https:\/\/www.conselharan.org\/wp-content\/uploads\/2018\/11\/thumbnail-22.jpg 1080w\" sizes=\"(max-width: 1024px) 100vw, 1024px\" \/><\/a><\/p>\n<p><a href=\"http:\/\/www.conselharan.org\/mes-de-120-nadadors-ena-fasa-comarcau-de-natacion-val-daran-cors-2018-2019\/thumbnail-21-3\/\" rel=\"attachment wp-att-25310\"><img loading=\"lazy\" decoding=\"async\" class=\"aligncenter size-large wp-image-25310\" src=\"http:\/\/www.conselharan.org\/wp-content\/uploads\/2018\/11\/thumbnail-21-1024x768.jpg\" alt=\"\" width=\"1024\" height=\"768\" srcset=\"https:\/\/www.conselharan.org\/wp-content\/uploads\/2018\/11\/thumbnail-21-1024x768.jpg 1024w, https:\/\/www.conselharan.org\/wp-content\/uploads\/2018\/11\/thumbnail-21-300x225.jpg 300w, https:\/\/www.conselharan.org\/wp-content\/uploads\/2018\/11\/thumbnail-21-768x576.jpg 768w, https:\/\/www.conselharan.org\/wp-content\/uploads\/2018\/11\/thumbnail-21.jpg 1080w\" sizes=\"(max-width: 1024px) 100vw, 1024px\" \/><\/a> <a href=\"http:\/\/www.conselharan.org\/mes-de-120-nadadors-ena-fasa-comarcau-de-natacion-val-daran-cors-2018-2019\/thumbnail-20-2\/\" rel=\"attachment wp-att-25309\"><img loading=\"lazy\" decoding=\"async\" class=\"aligncenter size-large wp-image-25309\" src=\"http:\/\/www.conselharan.org\/wp-content\/uploads\/2018\/11\/thumbnail-20-1024x768.jpg\" alt=\"\" width=\"1024\" height=\"768\" srcset=\"https:\/\/www.conselharan.org\/wp-content\/uploads\/2018\/11\/thumbnail-20-1024x768.jpg 1024w, https:\/\/www.conselharan.org\/wp-content\/uploads\/2018\/11\/thumbnail-20-300x225.jpg 300w, https:\/\/www.conselharan.org\/wp-content\/uploads\/2018\/11\/thumbnail-20-768x576.jpg 768w, https:\/\/www.conselharan.org\/wp-content\/uploads\/2018\/11\/thumbnail-20.jpg 1080w\" sizes=\"(max-width: 1024px) 100vw, 1024px\" \/><\/a><\/p>\n<p><a href=\"http:\/\/www.conselharan.org\/mes-de-120-nadadors-ena-fasa-comarcau-de-natacion-val-daran-cors-2018-2019\/thumbnail-13-2\/\" rel=\"attachment wp-att-25302\"><img loading=\"lazy\" decoding=\"async\" class=\"aligncenter size-large wp-image-25302\" src=\"http:\/\/www.conselharan.org\/wp-content\/uploads\/2018\/11\/thumbnail-13-1024x768.jpg\" alt=\"\" width=\"1024\" height=\"768\" srcset=\"https:\/\/www.conselharan.org\/wp-content\/uploads\/2018\/11\/thumbnail-13-1024x768.jpg 1024w, https:\/\/www.conselharan.org\/wp-content\/uploads\/2018\/11\/thumbnail-13-300x225.jpg 300w, https:\/\/www.conselharan.org\/wp-content\/uploads\/2018\/11\/thumbnail-13-768x576.jpg 768w, https:\/\/www.conselharan.org\/wp-content\/uploads\/2018\/11\/thumbnail-13.jpg 1080w\" sizes=\"(max-width: 1024px) 100vw, 1024px\" \/><\/a> <a href=\"http:\/\/www.conselharan.org\/mes-de-120-nadadors-ena-fasa-comarcau-de-natacion-val-daran-cors-2018-2019\/thumbnail-14-2\/\" rel=\"attachment wp-att-25303\"><img loading=\"lazy\" decoding=\"async\" class=\"aligncenter size-large wp-image-25303\" src=\"http:\/\/www.conselharan.org\/wp-content\/uploads\/2018\/11\/thumbnail-14-768x1024.jpg\" alt=\"\" width=\"768\" height=\"1024\" srcset=\"https:\/\/www.conselharan.org\/wp-content\/uploads\/2018\/11\/thumbnail-14-768x1024.jpg 768w, https:\/\/www.conselharan.org\/wp-content\/uploads\/2018\/11\/thumbnail-14-225x300.jpg 225w, https:\/\/www.conselharan.org\/wp-content\/uploads\/2018\/11\/thumbnail-14.jpg 1080w\" sizes=\"(max-width: 768px) 100vw, 768px\" \/><\/a> <a href=\"http:\/\/www.conselharan.org\/mes-de-120-nadadors-ena-fasa-comarcau-de-natacion-val-daran-cors-2018-2019\/thumbnail-15-2\/\" rel=\"attachment wp-att-25304\"><img loading=\"lazy\" decoding=\"async\" class=\"aligncenter size-large wp-image-25304\" src=\"http:\/\/www.conselharan.org\/wp-content\/uploads\/2018\/11\/thumbnail-15-1024x768.jpg\" alt=\"\" width=\"1024\" height=\"768\" srcset=\"https:\/\/www.conselharan.org\/wp-content\/uploads\/2018\/11\/thumbnail-15-1024x768.jpg 1024w, https:\/\/www.conselharan.org\/wp-content\/uploads\/2018\/11\/thumbnail-15-300x225.jpg 300w, https:\/\/www.conselharan.org\/wp-content\/uploads\/2018\/11\/thumbnail-15-768x576.jpg 768w, https:\/\/www.conselharan.org\/wp-content\/uploads\/2018\/11\/thumbnail-15.jpg 1080w\" sizes=\"(max-width: 1024px) 100vw, 1024px\" \/><\/a> <a href=\"http:\/\/www.conselharan.org\/mes-de-120-nadadors-ena-fasa-comarcau-de-natacion-val-daran-cors-2018-2019\/thumbnail-16-2\/\" rel=\"attachment wp-att-25305\"><img loading=\"lazy\" decoding=\"async\" class=\"aligncenter size-large wp-image-25305\" src=\"http:\/\/www.conselharan.org\/wp-content\/uploads\/2018\/11\/thumbnail-16-1024x768.jpg\" alt=\"\" width=\"1024\" height=\"768\" srcset=\"https:\/\/www.conselharan.org\/wp-content\/uploads\/2018\/11\/thumbnail-16-1024x768.jpg 1024w, https:\/\/www.conselharan.org\/wp-content\/uploads\/2018\/11\/thumbnail-16-300x225.jpg 300w, https:\/\/www.conselharan.org\/wp-content\/uploads\/2018\/11\/thumbnail-16-768x576.jpg 768w, https:\/\/www.conselharan.org\/wp-content\/uploads\/2018\/11\/thumbnail-16.jpg 1080w\" sizes=\"(max-width: 1024px) 100vw, 1024px\" \/><\/a> <a href=\"http:\/\/www.conselharan.org\/mes-de-120-nadadors-ena-fasa-comarcau-de-natacion-val-daran-cors-2018-2019\/thumbnail-17\/\" rel=\"attachment wp-att-25306\"><img loading=\"lazy\" decoding=\"async\" class=\"aligncenter size-large wp-image-25306\" src=\"http:\/\/www.conselharan.org\/wp-content\/uploads\/2018\/11\/thumbnail-17-1024x768.jpg\" alt=\"\" width=\"1024\" height=\"768\" srcset=\"https:\/\/www.conselharan.org\/wp-content\/uploads\/2018\/11\/thumbnail-17-1024x768.jpg 1024w, https:\/\/www.conselharan.org\/wp-content\/uploads\/2018\/11\/thumbnail-17-300x225.jpg 300w, https:\/\/www.conselharan.org\/wp-content\/uploads\/2018\/11\/thumbnail-17-768x576.jpg 768w, https:\/\/www.conselharan.org\/wp-content\/uploads\/2018\/11\/thumbnail-17.jpg 1080w\" sizes=\"(max-width: 1024px) 100vw, 1024px\" \/><\/a> <a href=\"http:\/\/www.conselharan.org\/mes-de-120-nadadors-ena-fasa-comarcau-de-natacion-val-daran-cors-2018-2019\/thumbnail-19\/\" rel=\"attachment wp-att-25308\"><img loading=\"lazy\" decoding=\"async\" class=\"aligncenter size-large wp-image-25308\" src=\"http:\/\/www.conselharan.org\/wp-content\/uploads\/2018\/11\/thumbnail-19-1024x768.jpg\" alt=\"\" width=\"1024\" height=\"768\" srcset=\"https:\/\/www.conselharan.org\/wp-content\/uploads\/2018\/11\/thumbnail-19-1024x768.jpg 1024w, https:\/\/www.conselharan.org\/wp-content\/uploads\/2018\/11\/thumbnail-19-300x225.jpg 300w, https:\/\/www.conselharan.org\/wp-content\/uploads\/2018\/11\/thumbnail-19-768x576.jpg 768w, https:\/\/www.conselharan.org\/wp-content\/uploads\/2018\/11\/thumbnail-19.jpg 1080w\" sizes=\"(max-width: 1024px) 100vw, 1024px\" \/><\/a> <a href=\"http:\/\/www.conselharan.org\/mes-de-120-nadadors-ena-fasa-comarcau-de-natacion-val-daran-cors-2018-2019\/thumbnail-12-3\/\" rel=\"attachment wp-att-25301\"><img loading=\"lazy\" decoding=\"async\" class=\"aligncenter size-large wp-image-25301\" src=\"http:\/\/www.conselharan.org\/wp-content\/uploads\/2018\/11\/thumbnail-12-1024x768.jpg\" alt=\"\" width=\"1024\" height=\"768\" srcset=\"https:\/\/www.conselharan.org\/wp-content\/uploads\/2018\/11\/thumbnail-12-1024x768.jpg 1024w, https:\/\/www.conselharan.org\/wp-content\/uploads\/2018\/11\/thumbnail-12-300x225.jpg 300w, https:\/\/www.conselharan.org\/wp-content\/uploads\/2018\/11\/thumbnail-12-768x576.jpg 768w, https:\/\/www.conselharan.org\/wp-content\/uploads\/2018\/11\/thumbnail-12.jpg 1080w\" sizes=\"(max-width: 1024px) 100vw, 1024px\" \/><\/a> <a href=\"http:\/\/www.conselharan.org\/mes-de-120-nadadors-ena-fasa-comarcau-de-natacion-val-daran-cors-2018-2019\/thumbnail-11-3\/\" rel=\"attachment wp-att-25300\"><img loading=\"lazy\" decoding=\"async\" class=\"aligncenter size-large wp-image-25300\" src=\"http:\/\/www.conselharan.org\/wp-content\/uploads\/2018\/11\/thumbnail-11-1024x768.jpg\" alt=\"\" width=\"1024\" height=\"768\" srcset=\"https:\/\/www.conselharan.org\/wp-content\/uploads\/2018\/11\/thumbnail-11-1024x768.jpg 1024w, https:\/\/www.conselharan.org\/wp-content\/uploads\/2018\/11\/thumbnail-11-300x225.jpg 300w, https:\/\/www.conselharan.org\/wp-content\/uploads\/2018\/11\/thumbnail-11-768x576.jpg 768w, https:\/\/www.conselharan.org\/wp-content\/uploads\/2018\/11\/thumbnail-11.jpg 1080w\" sizes=\"(max-width: 1024px) 100vw, 1024px\" \/><\/a> <a href=\"http:\/\/www.conselharan.org\/mes-de-120-nadadors-ena-fasa-comarcau-de-natacion-val-daran-cors-2018-2019\/thumbnail-10-3\/\" rel=\"attachment wp-att-25299\"><img loading=\"lazy\" decoding=\"async\" class=\"aligncenter size-large wp-image-25299\" src=\"http:\/\/www.conselharan.org\/wp-content\/uploads\/2018\/11\/thumbnail-10-1024x768.jpg\" alt=\"\" width=\"1024\" height=\"768\" srcset=\"https:\/\/www.conselharan.org\/wp-content\/uploads\/2018\/11\/thumbnail-10-1024x768.jpg 1024w, https:\/\/www.conselharan.org\/wp-content\/uploads\/2018\/11\/thumbnail-10-300x225.jpg 300w, https:\/\/www.conselharan.org\/wp-content\/uploads\/2018\/11\/thumbnail-10-768x576.jpg 768w, https:\/\/www.conselharan.org\/wp-content\/uploads\/2018\/11\/thumbnail-10.jpg 1080w\" sizes=\"(max-width: 1024px) 100vw, 1024px\" \/><\/a> <a href=\"http:\/\/www.conselharan.org\/mes-de-120-nadadors-ena-fasa-comarcau-de-natacion-val-daran-cors-2018-2019\/thumbnail-9-3\/\" rel=\"attachment wp-att-25298\"><img loading=\"lazy\" decoding=\"async\" class=\"aligncenter size-large wp-image-25298\" src=\"http:\/\/www.conselharan.org\/wp-content\/uploads\/2018\/11\/thumbnail-9-1024x768.jpg\" alt=\"\" width=\"1024\" height=\"768\" srcset=\"https:\/\/www.conselharan.org\/wp-content\/uploads\/2018\/11\/thumbnail-9-1024x768.jpg 1024w, https:\/\/www.conselharan.org\/wp-content\/uploads\/2018\/11\/thumbnail-9-300x225.jpg 300w, https:\/\/www.conselharan.org\/wp-content\/uploads\/2018\/11\/thumbnail-9-768x576.jpg 768w, https:\/\/www.conselharan.org\/wp-content\/uploads\/2018\/11\/thumbnail-9.jpg 1080w\" sizes=\"(max-width: 1024px) 100vw, 1024px\" \/><\/a> <a href=\"http:\/\/www.conselharan.org\/mes-de-120-nadadors-ena-fasa-comarcau-de-natacion-val-daran-cors-2018-2019\/thumbnail-8-3\/\" rel=\"attachment wp-att-25297\"><img loading=\"lazy\" decoding=\"async\" class=\"aligncenter size-large wp-image-25297\" src=\"http:\/\/www.conselharan.org\/wp-content\/uploads\/2018\/11\/thumbnail-8-1024x768.jpg\" alt=\"\" width=\"1024\" height=\"768\" srcset=\"https:\/\/www.conselharan.org\/wp-content\/uploads\/2018\/11\/thumbnail-8-1024x768.jpg 1024w, https:\/\/www.conselharan.org\/wp-content\/uploads\/2018\/11\/thumbnail-8-300x225.jpg 300w, https:\/\/www.conselharan.org\/wp-content\/uploads\/2018\/11\/thumbnail-8-768x576.jpg 768w, https:\/\/www.conselharan.org\/wp-content\/uploads\/2018\/11\/thumbnail-8.jpg 1080w\" sizes=\"(max-width: 1024px) 100vw, 1024px\" \/><\/a> <a href=\"http:\/\/www.conselharan.org\/mes-de-120-nadadors-ena-fasa-comarcau-de-natacion-val-daran-cors-2018-2019\/thumbnail-7-4\/\" rel=\"attachment wp-att-25296\"><img loading=\"lazy\" decoding=\"async\" class=\"aligncenter size-large wp-image-25296\" src=\"http:\/\/www.conselharan.org\/wp-content\/uploads\/2018\/11\/thumbnail-7-1024x768.jpg\" alt=\"\" width=\"1024\" height=\"768\" srcset=\"https:\/\/www.conselharan.org\/wp-content\/uploads\/2018\/11\/thumbnail-7-1024x768.jpg 1024w, https:\/\/www.conselharan.org\/wp-content\/uploads\/2018\/11\/thumbnail-7-300x225.jpg 300w, https:\/\/www.conselharan.org\/wp-content\/uploads\/2018\/11\/thumbnail-7-768x576.jpg 768w, https:\/\/www.conselharan.org\/wp-content\/uploads\/2018\/11\/thumbnail-7.jpg 1080w\" sizes=\"(max-width: 1024px) 100vw, 1024px\" \/><\/a> <a href=\"http:\/\/www.conselharan.org\/mes-de-120-nadadors-ena-fasa-comarcau-de-natacion-val-daran-cors-2018-2019\/thumbnail-6-5\/\" rel=\"attachment wp-att-25295\"><img loading=\"lazy\" decoding=\"async\" class=\"aligncenter size-large wp-image-25295\" src=\"http:\/\/www.conselharan.org\/wp-content\/uploads\/2018\/11\/thumbnail-6-1024x768.jpg\" alt=\"\" width=\"1024\" height=\"768\" srcset=\"https:\/\/www.conselharan.org\/wp-content\/uploads\/2018\/11\/thumbnail-6-1024x768.jpg 1024w, https:\/\/www.conselharan.org\/wp-content\/uploads\/2018\/11\/thumbnail-6-300x225.jpg 300w, https:\/\/www.conselharan.org\/wp-content\/uploads\/2018\/11\/thumbnail-6-768x576.jpg 768w, https:\/\/www.conselharan.org\/wp-content\/uploads\/2018\/11\/thumbnail-6.jpg 1080w\" sizes=\"(max-width: 1024px) 100vw, 1024px\" \/><\/a> <a href=\"http:\/\/www.conselharan.org\/mes-de-120-nadadors-ena-fasa-comarcau-de-natacion-val-daran-cors-2018-2019\/thumbnail-1-7\/\" rel=\"attachment wp-att-25290\"><img loading=\"lazy\" decoding=\"async\" class=\"aligncenter size-large wp-image-25290\" src=\"http:\/\/www.conselharan.org\/wp-content\/uploads\/2018\/11\/thumbnail-1-1024x768.jpg\" alt=\"\" width=\"1024\" height=\"768\" srcset=\"https:\/\/www.conselharan.org\/wp-content\/uploads\/2018\/11\/thumbnail-1-1024x768.jpg 1024w, https:\/\/www.conselharan.org\/wp-content\/uploads\/2018\/11\/thumbnail-1-300x225.jpg 300w, https:\/\/www.conselharan.org\/wp-content\/uploads\/2018\/11\/thumbnail-1-768x576.jpg 768w, https:\/\/www.conselharan.org\/wp-content\/uploads\/2018\/11\/thumbnail-1.jpg 1080w\" sizes=\"(max-width: 1024px) 100vw, 1024px\" \/><\/a> <a href=\"http:\/\/www.conselharan.org\/mes-de-120-nadadors-ena-fasa-comarcau-de-natacion-val-daran-cors-2018-2019\/thumbnail-2-8\/\" rel=\"attachment wp-att-25291\"><img loading=\"lazy\" decoding=\"async\" class=\"aligncenter size-large wp-image-25291\" src=\"http:\/\/www.conselharan.org\/wp-content\/uploads\/2018\/11\/thumbnail-2-1024x768.jpg\" alt=\"\" width=\"1024\" height=\"768\" srcset=\"https:\/\/www.conselharan.org\/wp-content\/uploads\/2018\/11\/thumbnail-2-1024x768.jpg 1024w, https:\/\/www.conselharan.org\/wp-content\/uploads\/2018\/11\/thumbnail-2-300x225.jpg 300w, https:\/\/www.conselharan.org\/wp-content\/uploads\/2018\/11\/thumbnail-2-768x576.jpg 768w, https:\/\/www.conselharan.org\/wp-content\/uploads\/2018\/11\/thumbnail-2.jpg 1080w\" sizes=\"(max-width: 1024px) 100vw, 1024px\" \/><\/a> <a href=\"http:\/\/www.conselharan.org\/mes-de-120-nadadors-ena-fasa-comarcau-de-natacion-val-daran-cors-2018-2019\/thumbnail-3-7\/\" rel=\"attachment wp-att-25292\"><img loading=\"lazy\" decoding=\"async\" class=\"aligncenter size-large wp-image-25292\" src=\"http:\/\/www.conselharan.org\/wp-content\/uploads\/2018\/11\/thumbnail-3-1024x768.jpg\" alt=\"\" width=\"1024\" height=\"768\" srcset=\"https:\/\/www.conselharan.org\/wp-content\/uploads\/2018\/11\/thumbnail-3-1024x768.jpg 1024w, https:\/\/www.conselharan.org\/wp-content\/uploads\/2018\/11\/thumbnail-3-300x225.jpg 300w, https:\/\/www.conselharan.org\/wp-content\/uploads\/2018\/11\/thumbnail-3-768x576.jpg 768w, https:\/\/www.conselharan.org\/wp-content\/uploads\/2018\/11\/thumbnail-3.jpg 1080w\" sizes=\"(max-width: 1024px) 100vw, 1024px\" \/><\/a> <a href=\"http:\/\/www.conselharan.org\/mes-de-120-nadadors-ena-fasa-comarcau-de-natacion-val-daran-cors-2018-2019\/thumbnail-4-8\/\" rel=\"attachment wp-att-25293\"><img loading=\"lazy\" decoding=\"async\" class=\"aligncenter size-large wp-image-25293\" src=\"http:\/\/www.conselharan.org\/wp-content\/uploads\/2018\/11\/thumbnail-4-1024x768.jpg\" alt=\"\" width=\"1024\" height=\"768\" srcset=\"https:\/\/www.conselharan.org\/wp-content\/uploads\/2018\/11\/thumbnail-4-1024x768.jpg 1024w, https:\/\/www.conselharan.org\/wp-content\/uploads\/2018\/11\/thumbnail-4-300x225.jpg 300w, https:\/\/www.conselharan.org\/wp-content\/uploads\/2018\/11\/thumbnail-4-768x576.jpg 768w, https:\/\/www.conselharan.org\/wp-content\/uploads\/2018\/11\/thumbnail-4.jpg 1080w\" sizes=\"(max-width: 1024px) 100vw, 1024px\" \/><\/a> <a href=\"http:\/\/www.conselharan.org\/mes-de-120-nadadors-ena-fasa-comarcau-de-natacion-val-daran-cors-2018-2019\/thumbnail-5-5\/\" rel=\"attachment wp-att-25294\"><img loading=\"lazy\" decoding=\"async\" class=\"aligncenter size-large wp-image-25294\" src=\"http:\/\/www.conselharan.org\/wp-content\/uploads\/2018\/11\/thumbnail-5-1024x768.jpg\" alt=\"\" width=\"1024\" height=\"768\" srcset=\"https:\/\/www.conselharan.org\/wp-content\/uploads\/2018\/11\/thumbnail-5-1024x768.jpg 1024w, https:\/\/www.conselharan.org\/wp-content\/uploads\/2018\/11\/thumbnail-5-300x225.jpg 300w, https:\/\/www.conselharan.org\/wp-content\/uploads\/2018\/11\/thumbnail-5-768x576.jpg 768w, https:\/\/www.conselharan.org\/wp-content\/uploads\/2018\/11\/thumbnail-5.jpg 1080w\" sizes=\"(max-width: 1024px) 100vw, 1024px\" \/><\/a><\/p>\n<p>&nbsp;<\/p>\n<p>&nbsp;<\/p>\n<p>&nbsp;<\/p>\n<p>Vielha, 19 de noveme de 2018<\/p>\n<p>&nbsp;<\/p>\n<p><em>Conselh Generau d&#8217;Aran: N\u00faria Sanjuan<\/em><\/p>\n<p><em>Informacion e fotos: Vielha Swim Team<\/em><\/p>\n ","protected":false},"excerpt":{"rendered":"<p>&nbsp; Eth Conselh Esportiu dera Val d\u2019Aran, damb era collaboracion deth Conselh Generau d\u2019Aran e dera equipa aranesa de natacion \u201cVielha Swim Team\u201d organiz\u00e8ren eth passat dissabte, dia 17 de noveme, era fasa comarcau de natacion Val d\u2019Aran, cors 2018-2019, que se disput\u00e8c ena piscina deth Palai de G\u00e8u de Vielha e aon particip\u00e8ren m\u00e8s&#8230;<\/p>\n","protected":false},"author":2,"featured_media":25314,"comment_status":"closed","ping_status":"closed","sticky":false,"template":"","format":"standard","meta":{"footnotes":""},"categories":[136],"tags":[],"_links":{"self":[{"href":"https:\/\/www.conselharan.org\/ca\/wp-json\/wp\/v2\/posts\/25318"}],"collection":[{"href":"https:\/\/www.conselharan.org\/ca\/wp-json\/wp\/v2\/posts"}],"about":[{"href":"https:\/\/www.conselharan.org\/ca\/wp-json\/wp\/v2\/types\/post"}],"author":[{"embeddable":true,"href":"https:\/\/www.conselharan.org\/ca\/wp-json\/wp\/v2\/users\/2"}],"replies":[{"embeddable":true,"href":"https:\/\/www.conselharan.org\/ca\/wp-json\/wp\/v2\/comments?post=25318"}],"version-history":[{"count":1,"href":"https:\/\/www.conselharan.org\/ca\/wp-json\/wp\/v2\/posts\/25318\/revisions"}],"predecessor-version":[{"id":25320,"href":"https:\/\/www.conselharan.org\/ca\/wp-json\/wp\/v2\/posts\/25318\/revisions\/25320"}],"wp:featuredmedia":[{"embeddable":true,"href":"https:\/\/www.conselharan.org\/ca\/wp-json\/wp\/v2\/media\/25314"}],"wp:attachment":[{"href":"https:\/\/www.conselharan.org\/ca\/wp-json\/wp\/v2\/media?parent=25318"}],"wp:term":[{"taxonomy":"category","embeddable":true,"href":"https:\/\/www.conselharan.org\/ca\/wp-json\/wp\/v2\/categories?post=25318"},{"taxonomy":"post_tag","embeddable":true,"href":"https:\/\/www.conselharan.org\/ca\/wp-json\/wp\/v2\/tags?post=25318"}],"curies":[{"name":"wp","href":"https:\/\/api.w.org\/{rel}","templated":true}]}}