{"id":25328,"date":"2018-11-20T13:55:47","date_gmt":"2018-11-20T12:55:47","guid":{"rendered":"http:\/\/www.conselharan.org\/?p=25328"},"modified":"2018-11-20T13:55:47","modified_gmt":"2018-11-20T12:55:47","slug":"actes-amb-motiu-del-dia-internacional-de-leliminacio-de-la-violencia-contra-les-dones-a-la-val-daran","status":"publish","type":"post","link":"https:\/\/www.conselharan.org\/ca\/actes-amb-motiu-del-dia-internacional-de-leliminacio-de-la-violencia-contra-les-dones-a-la-val-daran\/","title":{"rendered":"Actes amb motiu del Dia Internacional de l&#8217;Eliminaci\u00f3 de la Viol\u00e8ncia contra les Dones a la Val d\u2019Aran"},"content":{"rendered":"<p>Vielha, 20 de novembre de 2018.- El diumenge 25 de novembre es commemora el Dia Internacional de l&#8217;Eliminaci\u00f3 de la Viol\u00e8ncia contra les Dones i per aquest motiu des del Conselh Generau d\u2019Aran a trav\u00e9s del SIAH (Servici d\u2019Informacion e Atencion ara Hemna) s\u2019han organitzat tot un seguit d\u2019actes aquest final de novembre i principi de desembre.<\/p>\n<p><a href=\"http:\/\/www.conselharan.org\/wp-content\/uploads\/2018\/11\/Violencia-genre.jpg\"><img loading=\"lazy\" decoding=\"async\" class=\"aligncenter size-large wp-image-25326\" src=\"http:\/\/www.conselharan.org\/wp-content\/uploads\/2018\/11\/Violencia-genre-1024x576.jpg\" alt=\"\" width=\"1024\" height=\"576\" srcset=\"https:\/\/www.conselharan.org\/wp-content\/uploads\/2018\/11\/Violencia-genre.jpg 1024w, https:\/\/www.conselharan.org\/wp-content\/uploads\/2018\/11\/Violencia-genre-300x169.jpg 300w, https:\/\/www.conselharan.org\/wp-content\/uploads\/2018\/11\/Violencia-genre-768x432.jpg 768w\" sizes=\"(max-width: 1024px) 100vw, 1024px\" \/><\/a><\/p>\n<p>Els actes previstos comen\u00e7aran el <strong>dimecres 21 de novembre<\/strong> amb una v\u00eddeo confer\u00e8ncia a les <strong>18.30h<\/strong> a la <strong>Sala de Premsa del Conselh Generau d\u2019Aran (3\u00aa Planta<\/strong>), amb el t\u00edtol de <strong>\u201cReflexions i estrat\u00e8gies per una intervenci\u00f3 socioeducativa \u00a0de la prevenci\u00f3 de la viol\u00e8ncia de g\u00e8nere, no heterosexista i interseccional\u201d<\/strong>, amb l\u2019objectiu d\u2019aportar metodologies i estrat\u00e8gies per a la intervenci\u00f3 socioeducativa i comunit\u00e0ria en la prevenci\u00f3 de la viol\u00e8ncia de g\u00e8nere des d\u2019una perspectiva no bin\u00e0ria de diversitat sexual i interseccional.<\/p>\n<p>El <strong>dijous 22 de novembre<\/strong> a la <strong>Biblioteca Municipal de Vielha<\/strong> a les<strong> 11.45h <\/strong>Teatre, m\u00fasica i poesia contra la viol\u00e8ncia de g\u00e8nere i debat participatiu per a nois i noies de 3r d&#8217;ESO<strong>. <\/strong>A la tarda a les<strong> 19.00h obert a tota la ciutadania<\/strong> es representaran peces de teatre contra la viol\u00e8ncia de g\u00e8nere, combinades amb moments musicals (can\u00e7\u00f3 i poesia) interpretats al piano.<\/p>\n<p>El <strong>divendres 23 de novembre<\/strong>, tindr\u00e0 lloc la lectura del <strong>Manifest Institucional Contra la Viol\u00e8ncia de G\u00e8nere<\/strong>, a les <strong>12.00h<\/strong> davant la seu del Conselh Generau d\u2019Aran. La lectura del manifest anir\u00e0 a c\u00e0rrec de la vicesindica d\u2019Aran, <strong>M\u00aa \u00c0ngels Ordax<\/strong>.<\/p>\n<p>Finalment, el <strong>dilluns 17 de desembre<\/strong> de <strong>08.00 a 15.00h<\/strong> tindr\u00e0 lloc a la seu del Conselh Generau d\u2019Aran, una <strong>sessi\u00f3 formativa adre\u00e7ada a tot el personal i c\u00e0rrecs electes sobre la perspectiva de g\u00e8nere i igualtat d\u2019oportunitats<\/strong>. En aquest sentit cal recordar que institucions com el Conselh Generau i els ajuntaments tenen l\u2019obligaci\u00f3 d\u2019implementar un Pla Intern d\u2019Igualtat vinculat al desenvolupament de la Llei 17\/2015 d&#8217;igualtat efectiva de dones i homes, en les administracions, organismes p\u00fablics i entitats privades. L\u2019objectiu d\u2019aquesta sessi\u00f3 formativa \u00e9s que els assistents obtinguin coneixements sobre sensibilitzaci\u00f3, conciliaci\u00f3 familiar i formaci\u00f3 sobre l\u2019\u00fas de llenguatge no sexista, assetjament laboral per ra\u00f3 de sexe i riscos laborals amb perspectiva de g\u00e8nere, entre d\u2019altres.<\/p>\n<p>Cal recordar que, durant tots els dilluns del mes de novembre, el SIAH organitza un <strong>curs<\/strong> <strong>de coaching<\/strong> sobre autocontrol emocional, motivaci\u00f3 i autodefensa, amb l\u2019objectiu entre d\u2019altres, de con\u00e8ixer i practicar estrat\u00e8gies per gestionar les emocions, potenciar l\u2019autocontrol i practicar t\u00e8cniques de defensa personal de Hapkido, que permetin evitar les agressions i reduir a l\u2019altra part, sense atacar ni agredir. El curs ha estat organitzat pel Conselh Generau d\u2019Aran i el SIAH (Servei d\u2019Informaci\u00f3 i Atenci\u00f3 a les Dones), en col\u00b7laboraci\u00f3 amb l\u2019institut Catal\u00e0 de les Dones.<\/p>\n<p>El curs \u00e9s obert <strong>fins al 3 de desembre al CDIAP, C\/ Pomar\u00f2la, 12 baixos de Vielha<\/strong>, de 16.00 a 20.00h. Per a m\u00e9s informaci\u00f3 i formalitzar les inscripcions, us podeu adre\u00e7ar a Serveis Socials del Conselh Generau d\u2019Aran, C\/ Major, 36, trucant al +34 973 642 560 o per correu electr\u00f2nic a <a href=\"mailto:siah@aransalut.com\">siah@aransalut.com<\/a>.<\/p>\n ","protected":false},"excerpt":{"rendered":"<p>Vielha, 20 de novembre de 2018.- El diumenge 25 de novembre es commemora el Dia Internacional de l&#8217;Eliminaci\u00f3 de la Viol\u00e8ncia contra les Dones i per aquest motiu des del Conselh Generau d\u2019Aran a trav\u00e9s del SIAH (Servici d\u2019Informacion e Atencion ara Hemna) s\u2019han organitzat tot un seguit d\u2019actes aquest final de novembre i principi&#8230;<\/p>\n","protected":false},"author":2,"featured_media":25326,"comment_status":"closed","ping_status":"closed","sticky":false,"template":"","format":"standard","meta":{"footnotes":""},"categories":[53,36],"tags":[],"_links":{"self":[{"href":"https:\/\/www.conselharan.org\/ca\/wp-json\/wp\/v2\/posts\/25328"}],"collection":[{"href":"https:\/\/www.conselharan.org\/ca\/wp-json\/wp\/v2\/posts"}],"about":[{"href":"https:\/\/www.conselharan.org\/ca\/wp-json\/wp\/v2\/types\/post"}],"author":[{"embeddable":true,"href":"https:\/\/www.conselharan.org\/ca\/wp-json\/wp\/v2\/users\/2"}],"replies":[{"embeddable":true,"href":"https:\/\/www.conselharan.org\/ca\/wp-json\/wp\/v2\/comments?post=25328"}],"version-history":[{"count":1,"href":"https:\/\/www.conselharan.org\/ca\/wp-json\/wp\/v2\/posts\/25328\/revisions"}],"predecessor-version":[{"id":25329,"href":"https:\/\/www.conselharan.org\/ca\/wp-json\/wp\/v2\/posts\/25328\/revisions\/25329"}],"wp:featuredmedia":[{"embeddable":true,"href":"https:\/\/www.conselharan.org\/ca\/wp-json\/wp\/v2\/media\/25326"}],"wp:attachment":[{"href":"https:\/\/www.conselharan.org\/ca\/wp-json\/wp\/v2\/media?parent=25328"}],"wp:term":[{"taxonomy":"category","embeddable":true,"href":"https:\/\/www.conselharan.org\/ca\/wp-json\/wp\/v2\/categories?post=25328"},{"taxonomy":"post_tag","embeddable":true,"href":"https:\/\/www.conselharan.org\/ca\/wp-json\/wp\/v2\/tags?post=25328"}],"curies":[{"name":"wp","href":"https:\/\/api.w.org\/{rel}","templated":true}]}}