{"id":25670,"date":"2018-12-07T15:59:40","date_gmt":"2018-12-07T14:59:40","guid":{"rendered":"http:\/\/www.conselharan.org\/?p=25670"},"modified":"2018-12-07T15:59:40","modified_gmt":"2018-12-07T14:59:40","slug":"conferencia-laventura-humana-de-domingo-de-miguel-fill-de-vilac-i-director-de-lescola-normal-de-lleida","status":"publish","type":"post","link":"https:\/\/www.conselharan.org\/ca\/conferencia-laventura-humana-de-domingo-de-miguel-fill-de-vilac-i-director-de-lescola-normal-de-lleida\/","title":{"rendered":"Confer\u00e8ncia \u201cL\u2019aventura humana de Domingo de Miguel, fill de Vilac i director de l\u2019Escola Normal de Lleida\u201d"},"content":{"rendered":"<p>Vielha, 7 de desembre de 2018.- El passat 29 de novembre va tenir lloc al Conselh Generau d\u2019Aran la confer\u00e8ncia \u201cL\u2019aventura humana de Domingo de Miguel, fill de Vilac i director de l\u2019Escola Normal de Lleida\u201d organitzada per la Fundaci\u00f3 Privada del Museu Etnol\u00f2gic de la Val d\u2019Aran a c\u00e0rrec de <strong>Josep Varela i Serra<\/strong>, catedr\u00e0tic de Matem\u00e0tiques d&#8217;Ensenyament Mitj\u00e0, professor, pol\u00edtic i escriptor lleidat\u00e0.<\/p>\n<p><a href=\"http:\/\/www.conselharan.org\/wp-content\/uploads\/2018\/12\/Conferencia-Fund-Museu-Etnologic-2.jpeg\"><img loading=\"lazy\" decoding=\"async\" class=\"aligncenter size-large wp-image-25666\" src=\"http:\/\/www.conselharan.org\/wp-content\/uploads\/2018\/12\/Conferencia-Fund-Museu-Etnologic-2-1024x768.jpeg\" alt=\"\" width=\"1024\" height=\"768\" srcset=\"https:\/\/www.conselharan.org\/wp-content\/uploads\/2018\/12\/Conferencia-Fund-Museu-Etnologic-2-1024x768.jpeg 1024w, https:\/\/www.conselharan.org\/wp-content\/uploads\/2018\/12\/Conferencia-Fund-Museu-Etnologic-2-300x225.jpeg 300w, https:\/\/www.conselharan.org\/wp-content\/uploads\/2018\/12\/Conferencia-Fund-Museu-Etnologic-2-768x576.jpeg 768w\" sizes=\"(max-width: 1024px) 100vw, 1024px\" \/><\/a><\/p>\n<p>La presentaci\u00f3 de la confer\u00e8ncia va anar a c\u00e0rrec de la presidenta de la Fundaci\u00f3 Privada del Museu Etnol\u00f2gic de la Val d\u2019Aran, <strong>Rosa M\u00aa Salgueiro<\/strong> i de la consellera de Turisme i Desenvolupament Econ\u00f2mic d\u2019Aran, <strong>Anna D\u00edaz<\/strong>.<\/p>\n<p>A la confer\u00e8ncia, Josep Varela, va repassar l\u2019aventura vital de <strong>Juan Domingo de Miguel<\/strong>, nascut a Vilac l\u2019any 1813, que va dirigir l\u2019Escola Normal de Lleida durant 20 anys, entre 1858 i 1878. Juan Domingo de Miguel, va estudiar a la Universitat Liter\u00e0ria d\u2019Osca i durant uns anys va exercir de mestre a Vilac.<\/p>\n<p>L&#8217;Escola Normal de Mestres de Lleida va ser una instituci\u00f3 educativa creada el 26 de novembre de 1841 per la Diputaci\u00f3 de Lleida. Va comen\u00e7ar amb nom\u00e9s 21 alumnes i un professor en una aula de l\u2019antic Seminari Conciliar al carrer Companyia, per despr\u00e9s continuar a l&#8217;edifici Roser. L&#8217;escola femenina es va posar en marxa el 1885. Va constituir l&#8217;\u00fanic centre d&#8217;estudis superiors de Lleida des del tancament de l&#8217;Estudi General el 1717. Durant els seu anys com director, Juan Domingo de Miguel, va treballar des de l\u2019escola Normal de Lleida per establir l\u2019Escola d\u2019Agricultura amb la seva granja d\u2019experimentaci\u00f3 agr\u00edcola. En aquella \u00e8poca l\u2019Escola Normal de Lleida comptava amb 2 professors i entre 30 i 40 alumnes.<\/p>\n<p><a href=\"http:\/\/www.conselharan.org\/wp-content\/uploads\/2018\/12\/Conferencia-Fund-Museu-Etnologic-3.jpeg\"><img loading=\"lazy\" decoding=\"async\" class=\"aligncenter size-large wp-image-25667\" src=\"http:\/\/www.conselharan.org\/wp-content\/uploads\/2018\/12\/Conferencia-Fund-Museu-Etnologic-3-1024x768.jpeg\" alt=\"\" width=\"1024\" height=\"768\" srcset=\"https:\/\/www.conselharan.org\/wp-content\/uploads\/2018\/12\/Conferencia-Fund-Museu-Etnologic-3-1024x768.jpeg 1024w, https:\/\/www.conselharan.org\/wp-content\/uploads\/2018\/12\/Conferencia-Fund-Museu-Etnologic-3-300x225.jpeg 300w, https:\/\/www.conselharan.org\/wp-content\/uploads\/2018\/12\/Conferencia-Fund-Museu-Etnologic-3-768x576.jpeg 768w\" sizes=\"(max-width: 1024px) 100vw, 1024px\" \/><\/a><\/p>\n<p>Segons Josep Varela, la vida de Domingo de Miguel, no va ser gens pl\u00e0cida. Domingo de Miguel, fil\u00f2sof del Centre Cristi\u00e0 Espiritista cr\u00edtic amb l\u2019esgl\u00e9sia, publicava la revista \u201cEl Buen Sentido\u201d que l\u2019esgl\u00e9sia va prohibir, fet que li va comportar ser expedientat i desterrat a Las Palmas de Gran Canaria. De Miguel, no va acceptar el desterrament i finalment va ser destitu\u00eft i expulsat de l\u2019Escola Normal. Juan Domingo de Miguel va morir un any despr\u00e9s d\u2019aquests fets, l\u2019any 1880.<\/p>\n<p><a href=\"http:\/\/www.conselharan.org\/wp-content\/uploads\/2018\/12\/Conferencia-Fund-Museu-Etnologic-4.jpeg\"><img loading=\"lazy\" decoding=\"async\" class=\"aligncenter size-large wp-image-25668\" src=\"http:\/\/www.conselharan.org\/wp-content\/uploads\/2018\/12\/Conferencia-Fund-Museu-Etnologic-4-1024x768.jpeg\" alt=\"\" width=\"1024\" height=\"768\" srcset=\"https:\/\/www.conselharan.org\/wp-content\/uploads\/2018\/12\/Conferencia-Fund-Museu-Etnologic-4-1024x768.jpeg 1024w, https:\/\/www.conselharan.org\/wp-content\/uploads\/2018\/12\/Conferencia-Fund-Museu-Etnologic-4-300x225.jpeg 300w, https:\/\/www.conselharan.org\/wp-content\/uploads\/2018\/12\/Conferencia-Fund-Museu-Etnologic-4-768x576.jpeg 768w\" sizes=\"(max-width: 1024px) 100vw, 1024px\" \/><\/a><\/p>\n ","protected":false},"excerpt":{"rendered":"<p>Vielha, 7 de desembre de 2018.- El passat 29 de novembre va tenir lloc al Conselh Generau d\u2019Aran la confer\u00e8ncia \u201cL\u2019aventura humana de Domingo de Miguel, fill de Vilac i director de l\u2019Escola Normal de Lleida\u201d organitzada per la Fundaci\u00f3 Privada del Museu Etnol\u00f2gic de la Val d\u2019Aran a c\u00e0rrec de Josep Varela i Serra,&#8230;<\/p>\n","protected":false},"author":2,"featured_media":25665,"comment_status":"closed","ping_status":"closed","sticky":false,"template":"","format":"standard","meta":{"footnotes":""},"categories":[33],"tags":[],"_links":{"self":[{"href":"https:\/\/www.conselharan.org\/ca\/wp-json\/wp\/v2\/posts\/25670"}],"collection":[{"href":"https:\/\/www.conselharan.org\/ca\/wp-json\/wp\/v2\/posts"}],"about":[{"href":"https:\/\/www.conselharan.org\/ca\/wp-json\/wp\/v2\/types\/post"}],"author":[{"embeddable":true,"href":"https:\/\/www.conselharan.org\/ca\/wp-json\/wp\/v2\/users\/2"}],"replies":[{"embeddable":true,"href":"https:\/\/www.conselharan.org\/ca\/wp-json\/wp\/v2\/comments?post=25670"}],"version-history":[{"count":1,"href":"https:\/\/www.conselharan.org\/ca\/wp-json\/wp\/v2\/posts\/25670\/revisions"}],"predecessor-version":[{"id":25671,"href":"https:\/\/www.conselharan.org\/ca\/wp-json\/wp\/v2\/posts\/25670\/revisions\/25671"}],"wp:featuredmedia":[{"embeddable":true,"href":"https:\/\/www.conselharan.org\/ca\/wp-json\/wp\/v2\/media\/25665"}],"wp:attachment":[{"href":"https:\/\/www.conselharan.org\/ca\/wp-json\/wp\/v2\/media?parent=25670"}],"wp:term":[{"taxonomy":"category","embeddable":true,"href":"https:\/\/www.conselharan.org\/ca\/wp-json\/wp\/v2\/categories?post=25670"},{"taxonomy":"post_tag","embeddable":true,"href":"https:\/\/www.conselharan.org\/ca\/wp-json\/wp\/v2\/tags?post=25670"}],"curies":[{"name":"wp","href":"https:\/\/api.w.org\/{rel}","templated":true}]}}