{"id":26000,"date":"2019-01-04T12:37:25","date_gmt":"2019-01-04T11:37:25","guid":{"rendered":"http:\/\/www.conselharan.org\/?p=26000"},"modified":"2019-01-04T12:37:25","modified_gmt":"2019-01-04T11:37:25","slug":"el-projecte-piramide-de-corda-guanyador-de-repte-aran-2018","status":"publish","type":"post","link":"https:\/\/www.conselharan.org\/ca\/el-projecte-piramide-de-corda-guanyador-de-repte-aran-2018\/","title":{"rendered":"El projecte \u201cPir\u00e0mide de corda\u201d guanyador de R\u00e8pte Aran 2018"},"content":{"rendered":"<p>Vielha, 4 de gener de 2019.- El projecte \u201cPir\u00e0mide de corda\u201d dels alumnes de 3er d\u2019ESO de l\u2019Institut d\u2019Aran ha estat el guanyador de R\u00e8pte Aran 2018.<\/p>\n<p>Una seixantena d\u2019alumnes de 3er d\u2019ESO de l\u2019IES d\u2019Aran han format els diferents equips que han participat en l\u2019edici\u00f3 de 2018 de R\u00e8pte Aran. R\u00e8pte Aran \u00e9s una proposta que cerca esperonar l\u2019esperit innovador dels adolescents i joves de la Val d\u2019Aran a partir de les necessitats del territori en mat\u00e8ries diverses. Els equips formats per entre 3 i 5 alumnes, havien de generar un projecte de millora vinculat a la solidaritat, l\u2019educaci\u00f3, la tecnologia, l\u2019ecologia, el benestar, la cultura o l\u2019espai p\u00fablic a la Val d\u2019Aran.<\/p>\n<p><a href=\"http:\/\/www.conselharan.org\/wp-content\/uploads\/2019\/01\/Tuc-Blanc-1.jpg\"><img loading=\"lazy\" decoding=\"async\" class=\"aligncenter size-large wp-image-25997\" src=\"http:\/\/www.conselharan.org\/wp-content\/uploads\/2019\/01\/Tuc-Blanc-1-1024x577.jpg\" alt=\"\" width=\"1024\" height=\"577\" srcset=\"https:\/\/www.conselharan.org\/wp-content\/uploads\/2019\/01\/Tuc-Blanc-1-1024x577.jpg 1024w, https:\/\/www.conselharan.org\/wp-content\/uploads\/2019\/01\/Tuc-Blanc-1-300x169.jpg 300w, https:\/\/www.conselharan.org\/wp-content\/uploads\/2019\/01\/Tuc-Blanc-1-768x433.jpg 768w, https:\/\/www.conselharan.org\/wp-content\/uploads\/2019\/01\/Tuc-Blanc-1.jpg 1944w\" sizes=\"(max-width: 1024px) 100vw, 1024px\" \/><\/a><\/p>\n<p>El projecte R\u00e8pte Aran ha comptat amb la col\u00b7laboraci\u00f3 de l\u2019Oficina de Joenessa del Conselh Generau d\u2019Aran, l\u2019IES d\u2019Aran, el Gremi d\u2019Ostalaria de la Val d\u2019Aran, Combinats i la Fundaci\u00f3 Goteo.<\/p>\n<p>Finalment el passat 21 de desembre en un acte celebrat a l\u2019Hotel Tuc Blanc de Baqueira Beret el projecte \u201cPir\u00e0mide de corda\u201d va ser escollit guanyador de R\u00e8pte Aran 2018. Els altres projectes finalistes van ser &#8220;Banc del temps&#8221; i &#8220;Pumptrack &#8211; parc de rodes&#8221;.<\/p>\n<p>El projecte guanyador es dur\u00e0 a terme a partir de gener i els alumnes de l\u2019equip gaudiran de dues nits a l&#8217;Hotel Cesar Augustus de Cambrils al mes de maig.<\/p>\n<p><a href=\"http:\/\/www.conselharan.org\/wp-content\/uploads\/2019\/01\/R\u00e8pte-Aran-1024x576-400x400.png\"><img loading=\"lazy\" decoding=\"async\" class=\"aligncenter size-full wp-image-25998\" src=\"http:\/\/www.conselharan.org\/wp-content\/uploads\/2019\/01\/R\u00e8pte-Aran-1024x576-400x400.png\" alt=\"\" width=\"400\" height=\"400\" srcset=\"https:\/\/www.conselharan.org\/wp-content\/uploads\/2019\/01\/R\u00e8pte-Aran-1024x576-400x400.png 400w, https:\/\/www.conselharan.org\/wp-content\/uploads\/2019\/01\/R\u00e8pte-Aran-1024x576-400x400-150x150.png 150w, https:\/\/www.conselharan.org\/wp-content\/uploads\/2019\/01\/R\u00e8pte-Aran-1024x576-400x400-300x300.png 300w, https:\/\/www.conselharan.org\/wp-content\/uploads\/2019\/01\/R\u00e8pte-Aran-1024x576-400x400-270x270.png 270w, https:\/\/www.conselharan.org\/wp-content\/uploads\/2019\/01\/R\u00e8pte-Aran-1024x576-400x400-207x207.png 207w, https:\/\/www.conselharan.org\/wp-content\/uploads\/2019\/01\/R\u00e8pte-Aran-1024x576-400x400-75x75.png 75w\" sizes=\"(max-width: 400px) 100vw, 400px\" \/><\/a><\/p>\n ","protected":false},"excerpt":{"rendered":"<p>Vielha, 4 de gener de 2019.- El projecte \u201cPir\u00e0mide de corda\u201d dels alumnes de 3er d\u2019ESO de l\u2019Institut d\u2019Aran ha estat el guanyador de R\u00e8pte Aran 2018. Una seixantena d\u2019alumnes de 3er d\u2019ESO de l\u2019IES d\u2019Aran han format els diferents equips que han participat en l\u2019edici\u00f3 de 2018 de R\u00e8pte Aran. R\u00e8pte Aran \u00e9s una&#8230;<\/p>\n","protected":false},"author":2,"featured_media":25997,"comment_status":"closed","ping_status":"closed","sticky":false,"template":"","format":"standard","meta":{"footnotes":""},"categories":[33],"tags":[],"_links":{"self":[{"href":"https:\/\/www.conselharan.org\/ca\/wp-json\/wp\/v2\/posts\/26000"}],"collection":[{"href":"https:\/\/www.conselharan.org\/ca\/wp-json\/wp\/v2\/posts"}],"about":[{"href":"https:\/\/www.conselharan.org\/ca\/wp-json\/wp\/v2\/types\/post"}],"author":[{"embeddable":true,"href":"https:\/\/www.conselharan.org\/ca\/wp-json\/wp\/v2\/users\/2"}],"replies":[{"embeddable":true,"href":"https:\/\/www.conselharan.org\/ca\/wp-json\/wp\/v2\/comments?post=26000"}],"version-history":[{"count":1,"href":"https:\/\/www.conselharan.org\/ca\/wp-json\/wp\/v2\/posts\/26000\/revisions"}],"predecessor-version":[{"id":26001,"href":"https:\/\/www.conselharan.org\/ca\/wp-json\/wp\/v2\/posts\/26000\/revisions\/26001"}],"wp:featuredmedia":[{"embeddable":true,"href":"https:\/\/www.conselharan.org\/ca\/wp-json\/wp\/v2\/media\/25997"}],"wp:attachment":[{"href":"https:\/\/www.conselharan.org\/ca\/wp-json\/wp\/v2\/media?parent=26000"}],"wp:term":[{"taxonomy":"category","embeddable":true,"href":"https:\/\/www.conselharan.org\/ca\/wp-json\/wp\/v2\/categories?post=26000"},{"taxonomy":"post_tag","embeddable":true,"href":"https:\/\/www.conselharan.org\/ca\/wp-json\/wp\/v2\/tags?post=26000"}],"curies":[{"name":"wp","href":"https:\/\/api.w.org\/{rel}","templated":true}]}}