{"id":26035,"date":"2019-01-07T17:28:33","date_gmt":"2019-01-07T16:28:33","guid":{"rendered":"http:\/\/www.conselharan.org\/?p=26035"},"modified":"2019-01-08T16:54:47","modified_gmt":"2019-01-08T15:54:47","slug":"pompiers-daran-i-de-la-generalitat-treballen-en-lestabilitzacio-de-lincendi-a-arties","status":"publish","type":"post","link":"https:\/\/www.conselharan.org\/ca\/pompiers-daran-i-de-la-generalitat-treballen-en-lestabilitzacio-de-lincendi-a-arties\/","title":{"rendered":"Pompi\u00e8rs d\u2019Aran i de la Generalitat treballen en l\u2019estabilitzaci\u00f3 de l\u2019incendi a Arties"},"content":{"rendered":"<p>Vielha, 7 de gener de 2019.- 24 efectius amb 6 dotacions i dos helic\u00f2pters de Pompi\u00e8rs i Emerg\u00e8ncies d\u2019Aran, Bombers de la Generalitat i equips especialitzats dels GRAF treballen en l\u2019estabilitzaci\u00f3 de l\u2019incendi declarat ahir a la nit als voltants d\u2019Arties a la Val d\u2019Aran, que ja ha cremat unes 70 hect\u00e0rees de matolls, pastures i vegetaci\u00f3, segons ha informat el cap de l\u2019operatiu, Manel Bosch.<\/p>\n<p><a href=\"http:\/\/www.conselharan.org\/wp-content\/uploads\/2019\/01\/Incendi-Arties-4.png\"><img loading=\"lazy\" decoding=\"async\" class=\"aligncenter size-full wp-image-26029\" src=\"http:\/\/www.conselharan.org\/wp-content\/uploads\/2019\/01\/Incendi-Arties-4.png\" alt=\"\" width=\"899\" height=\"566\" srcset=\"https:\/\/www.conselharan.org\/wp-content\/uploads\/2019\/01\/Incendi-Arties-4.png 899w, https:\/\/www.conselharan.org\/wp-content\/uploads\/2019\/01\/Incendi-Arties-4-300x189.png 300w, https:\/\/www.conselharan.org\/wp-content\/uploads\/2019\/01\/Incendi-Arties-4-768x484.png 768w\" sizes=\"(max-width: 899px) 100vw, 899px\" \/><\/a><\/p>\n<p>Els treballs de control i extinci\u00f3 de l\u2019incendi, del qual encara se\u2019n desconeix l\u2019origen, consisteixen en la monitoritzaci\u00f3 del mateix per al confinament del foc.<\/p>\n<p>Els Pompi\u00e8rs treballen en tres zones per estabilitzar el per\u00edmetre de l\u2019incendi en tractar de dirigir-lo fins al fons del barranc de Salider on es deixar\u00e0 cremar de forma controlada. Els Pompi\u00e8rs treballen amb foc t\u00e8cnic recolzat amb eines manuals i el suport dels helic\u00f2pters.<\/p>\n<p><a href=\"http:\/\/www.conselharan.org\/wp-content\/uploads\/2019\/01\/Reuni\u00f3-incendi-Arties-2.jpg\"><img loading=\"lazy\" decoding=\"async\" class=\"aligncenter size-large wp-image-26030\" src=\"http:\/\/www.conselharan.org\/wp-content\/uploads\/2019\/01\/Reuni\u00f3-incendi-Arties-2-1024x685.jpg\" alt=\"\" width=\"1024\" height=\"685\" srcset=\"https:\/\/www.conselharan.org\/wp-content\/uploads\/2019\/01\/Reuni\u00f3-incendi-Arties-2-1024x685.jpg 1024w, https:\/\/www.conselharan.org\/wp-content\/uploads\/2019\/01\/Reuni\u00f3-incendi-Arties-2-300x201.jpg 300w, https:\/\/www.conselharan.org\/wp-content\/uploads\/2019\/01\/Reuni\u00f3-incendi-Arties-2-768x514.jpg 768w\" sizes=\"(max-width: 1024px) 100vw, 1024px\" \/><\/a><\/p>\n<p>Des de primera hora del mat\u00ed s\u2019ha activat l\u2019operatiu de coordinaci\u00f3 del Conselh Generau d\u2019Aran amb la participaci\u00f3 del sindic d\u2019Aran, Carlos Barrera, com responsable m\u00e0xim de l\u2019operatiu, el vicesindic d\u2019Aran, Cesar Ruiz Canela, els consellers de Territori i d\u2019Agricultura, Ramaderia i Medi Natural, Jos\u00e9 Antonio Boya i Jos\u00e9 Enrique Arr\u00f3, el conseller delegat de Pompi\u00e8rs Emerg\u00e8ncies d\u2019Aran, Joan Canalias i els caps operatius, Manel Bosch i Antoni Tahull, cap del Parc de Bombers de Vielha.<\/p>\n<p>Els treballs per a l\u2019estabilitzaci\u00f3 de l\u2019incendi es reprendran dem\u00e0 dimarts a les 08.30h. Segons ha informat aquest vespre l\u2019inspector cap de l\u2019\u00e0rea GRAF, Marc Castellnou, dem\u00e0 es destinaran 30 efectius terrestres i es mantindran els dos helic\u00f2pters en les tasques d\u2019extinci\u00f3.<\/p>\n<p>L\u2019incendi ha cremat 100 hect\u00e0rees de matolls i vegetaci\u00f3.<\/p>\n<p><a href=\"http:\/\/www.conselharan.org\/wp-content\/uploads\/2019\/01\/Repostatge-daigua-1.jpg\"><img loading=\"lazy\" decoding=\"async\" class=\"aligncenter size-large wp-image-26031\" src=\"http:\/\/www.conselharan.org\/wp-content\/uploads\/2019\/01\/Repostatge-daigua-1-1024x768.jpg\" alt=\"\" width=\"1024\" height=\"768\" srcset=\"https:\/\/www.conselharan.org\/wp-content\/uploads\/2019\/01\/Repostatge-daigua-1-1024x768.jpg 1024w, https:\/\/www.conselharan.org\/wp-content\/uploads\/2019\/01\/Repostatge-daigua-1-300x225.jpg 300w, https:\/\/www.conselharan.org\/wp-content\/uploads\/2019\/01\/Repostatge-daigua-1-768x576.jpg 768w\" sizes=\"(max-width: 1024px) 100vw, 1024px\" \/><\/a><\/p>\n<p><a href=\"http:\/\/www.conselharan.org\/wp-content\/uploads\/2019\/01\/Incendi-Arties-5.jpg\"><img loading=\"lazy\" decoding=\"async\" class=\"aligncenter size-large wp-image-26032\" src=\"http:\/\/www.conselharan.org\/wp-content\/uploads\/2019\/01\/Incendi-Arties-5-1024x768.jpg\" alt=\"\" width=\"1024\" height=\"768\" srcset=\"https:\/\/www.conselharan.org\/wp-content\/uploads\/2019\/01\/Incendi-Arties-5-1024x768.jpg 1024w, https:\/\/www.conselharan.org\/wp-content\/uploads\/2019\/01\/Incendi-Arties-5-300x225.jpg 300w, https:\/\/www.conselharan.org\/wp-content\/uploads\/2019\/01\/Incendi-Arties-5-768x576.jpg 768w, https:\/\/www.conselharan.org\/wp-content\/uploads\/2019\/01\/Incendi-Arties-5.jpg 2016w\" sizes=\"(max-width: 1024px) 100vw, 1024px\" \/><\/a><\/p>\n<p>&nbsp;<\/p>\n ","protected":false},"excerpt":{"rendered":"<p>Vielha, 7 de gener de 2019.- 24 efectius amb 6 dotacions i dos helic\u00f2pters de Pompi\u00e8rs i Emerg\u00e8ncies d\u2019Aran, Bombers de la Generalitat i equips especialitzats dels GRAF treballen en l\u2019estabilitzaci\u00f3 de l\u2019incendi declarat ahir a la nit als voltants d\u2019Arties a la Val d\u2019Aran, que ja ha cremat unes 70 hect\u00e0rees de matolls, pastures&#8230;<\/p>\n","protected":false},"author":2,"featured_media":26033,"comment_status":"closed","ping_status":"closed","sticky":false,"template":"","format":"standard","meta":{"footnotes":""},"categories":[53],"tags":[],"_links":{"self":[{"href":"https:\/\/www.conselharan.org\/ca\/wp-json\/wp\/v2\/posts\/26035"}],"collection":[{"href":"https:\/\/www.conselharan.org\/ca\/wp-json\/wp\/v2\/posts"}],"about":[{"href":"https:\/\/www.conselharan.org\/ca\/wp-json\/wp\/v2\/types\/post"}],"author":[{"embeddable":true,"href":"https:\/\/www.conselharan.org\/ca\/wp-json\/wp\/v2\/users\/2"}],"replies":[{"embeddable":true,"href":"https:\/\/www.conselharan.org\/ca\/wp-json\/wp\/v2\/comments?post=26035"}],"version-history":[{"count":2,"href":"https:\/\/www.conselharan.org\/ca\/wp-json\/wp\/v2\/posts\/26035\/revisions"}],"predecessor-version":[{"id":26041,"href":"https:\/\/www.conselharan.org\/ca\/wp-json\/wp\/v2\/posts\/26035\/revisions\/26041"}],"wp:featuredmedia":[{"embeddable":true,"href":"https:\/\/www.conselharan.org\/ca\/wp-json\/wp\/v2\/media\/26033"}],"wp:attachment":[{"href":"https:\/\/www.conselharan.org\/ca\/wp-json\/wp\/v2\/media?parent=26035"}],"wp:term":[{"taxonomy":"category","embeddable":true,"href":"https:\/\/www.conselharan.org\/ca\/wp-json\/wp\/v2\/categories?post=26035"},{"taxonomy":"post_tag","embeddable":true,"href":"https:\/\/www.conselharan.org\/ca\/wp-json\/wp\/v2\/tags?post=26035"}],"curies":[{"name":"wp","href":"https:\/\/api.w.org\/{rel}","templated":true}]}}